{"id":702,"date":"2017-05-01T13:31:37","date_gmt":"2017-05-01T16:31:37","guid":{"rendered":"https:\/\/cirandadefilmes.com.br\/cirandacirandinha\/cirandacirandinha\/?p=702"},"modified":"2021-08-26T19:22:06","modified_gmt":"2021-08-26T22:22:06","slug":"abandono-arquetipo-da-infancia","status":"publish","type":"post","link":"https:\/\/cirandadefilmes.com.br\/cirandacirandinha\/abandono-arquetipo-da-infancia\/","title":{"rendered":"Abandono, arqu\u00e9tipo da inf\u00e2ncia"},"content":{"rendered":"\r\n\r\n\r\n\r\n\r\n\r\n\r\n\r\n\r\n<p><img loading=\"lazy\" decoding=\"async\" class=\"alignnone size-full wp-image-4548\" src=\"https:\/\/cirandadefilmes.com.br\/cirandacirandinha\/wp-content\/uploads\/2020\/10\/abobrinha_interna-2.jpg\" alt=\"\" width=\"1198\" height=\"673\" srcset=\"https:\/\/cirandadefilmes.com.br\/cirandacirandinha\/wp-content\/uploads\/2020\/10\/abobrinha_interna-2.jpg 1198w, https:\/\/cirandadefilmes.com.br\/cirandacirandinha\/wp-content\/uploads\/2020\/10\/abobrinha_interna-2-300x169.jpg 300w, https:\/\/cirandadefilmes.com.br\/cirandacirandinha\/wp-content\/uploads\/2020\/10\/abobrinha_interna-2-1024x575.jpg 1024w, https:\/\/cirandadefilmes.com.br\/cirandacirandinha\/wp-content\/uploads\/2020\/10\/abobrinha_interna-2-768x431.jpg 768w\" sizes=\"auto, (max-width: 1198px) 100vw, 1198px\" \/> <\/p>\r\n<p>Mas voltando ao filme. Baseado no livro hom\u00f4nimo, traz a hist\u00f3ria de Abobrinha, um garoto de nove anos que sonha com o pai, simbolizado por um her\u00f3i mascarado desenhado em uma pipa que insiste em voar alto, e envolto no acidente que mata a sua pr\u00f3pria m\u00e3e. \u00d3rf\u00e3o, ele \u00e9 enviado a um orfanato, onde tem de lidar com o sentimento de culpa, o bullying dos colegas, a confus\u00e3o dos acontecimentos. Por sorte, constr\u00f3i uma amizade com Raymond, o policial respons\u00e1vel pelo seu caso, e apaixona-se por Camille, uma de suas colegas, a menina de \u201colhos que d\u00e3o frio na barriga.\u201d<\/p>\r\n\r\n\r\n\r\n<p><br \/>O tom tr\u00e1gico do filme \u00e9 elevado pela t\u00e9cnica de stop-motion, inspirada em Arthur Rankin Jr e Jules Bass, produtores do cl\u00e1ssico\u00a0<em>Rudolph, a rena de nariz vermelho<\/em>\u00a0(1964). Da\u00ed a compara\u00e7\u00e3o inevit\u00e1vel de Claude Barras com Tim Burton, que bebeu das mesmas fontes em\u00a0<em>O estranho mundo de Jack<\/em>\u00a0(1993), tanto na tem\u00e1tica melanc\u00f3lica quanto em certas caracter\u00edsticas f\u00edsicas dos personagens, como olheiras acentuadas e tons de pele p\u00e1lidos.<\/p>\r\n\r\n\r\n\r\n<p><br \/>Toda a hist\u00f3ria trata de um encontro de exclus\u00f5es \u2013 a come\u00e7ar pela m\u00e3e solteira e alco\u00f3latra de Abobrinha, personagem n\u00e3o muito explorada, mas em clara situa\u00e7\u00e3o de vulnerabilidade social. Ao se ver \u00f3rf\u00e3o, o menino \u00e9 tomado da vida conhecida at\u00e9 ent\u00e3o e levado ao encontro de outros exclu\u00eddos. As vulnerabilidades se amplificam.<\/p>\r\n\r\n\r\n\r\n<p><br \/>O filme tamb\u00e9m fala da inf\u00e2ncia como descoberta. A sexualidade, o amor, a identidade. A morte. Os sonhos e as esperan\u00e7as que s\u00e3o carregados nos primeiros anos de vida, pelos olhos de quem tem motivos para n\u00e3o acreditar em nada. Nesse filme sens\u00edvel e cr\u00edtico, com personagens que se constroem em sua imbricada raz\u00e3o de ser, encontram-se a inoc\u00eancia infantil e a crueldade do mundo.\u00a0<\/p>\r\n\r\n\r\n\r\n<p>Mas nem todos os adultos ao redor s\u00e3o impass\u00edveis \u00e0 vulnerabilidade apresentada. A diretora do orfanato sabe escutar, contrariando clich\u00eas de muitos filmes com essa tem\u00e1tica. E o pr\u00f3prio lugar busca seus sentidos como casa, acolhida. O policial de voz doce, que cultiva um jardim em seu apartamento, tamb\u00e9m se diz abandonado e \u00e9 tocado pelas sagas das crian\u00e7as. A afetuosidade e a empatia, tanto dos adultos quanto das crian\u00e7as, alimentam a tessitura das rela\u00e7\u00f5es.<img loading=\"lazy\" decoding=\"async\" width=\"1024\" height=\"576\" class=\"wp-image-703\" src=\"https:\/\/cirandadefilmes.com.br\/cirandacirandinha\/cirandacirandinha\/wp-content\/uploads\/2020\/10\/abobrinha2_interna-1024x576.jpg\" alt=\"\" srcset=\"https:\/\/cirandadefilmes.com.br\/cirandacirandinha\/wp-content\/uploads\/2020\/10\/abobrinha2_interna-1024x576.jpg 1024w, https:\/\/cirandadefilmes.com.br\/cirandacirandinha\/wp-content\/uploads\/2020\/10\/abobrinha2_interna-300x169.jpg 300w, https:\/\/cirandadefilmes.com.br\/cirandacirandinha\/wp-content\/uploads\/2020\/10\/abobrinha2_interna-768x432.jpg 768w, https:\/\/cirandadefilmes.com.br\/cirandacirandinha\/wp-content\/uploads\/2020\/10\/abobrinha2_interna-1200x675.jpg 1200w, https:\/\/cirandadefilmes.com.br\/cirandacirandinha\/wp-content\/uploads\/2020\/10\/abobrinha2_interna.jpg 1221w\" sizes=\"auto, (max-width: 1024px) 100vw, 1024px\" \/><img loading=\"lazy\" decoding=\"async\" class=\"alignnone size-full wp-image-4549\" src=\"https:\/\/cirandadefilmes.com.br\/cirandacirandinha\/wp-content\/uploads\/2020\/10\/abobrinha2_interna-1.jpg\" alt=\"\" width=\"1221\" height=\"687\" srcset=\"https:\/\/cirandadefilmes.com.br\/cirandacirandinha\/wp-content\/uploads\/2020\/10\/abobrinha2_interna-1.jpg 1221w, https:\/\/cirandadefilmes.com.br\/cirandacirandinha\/wp-content\/uploads\/2020\/10\/abobrinha2_interna-1-300x169.jpg 300w, https:\/\/cirandadefilmes.com.br\/cirandacirandinha\/wp-content\/uploads\/2020\/10\/abobrinha2_interna-1-1024x576.jpg 1024w, https:\/\/cirandadefilmes.com.br\/cirandacirandinha\/wp-content\/uploads\/2020\/10\/abobrinha2_interna-1-768x432.jpg 768w, https:\/\/cirandadefilmes.com.br\/cirandacirandinha\/wp-content\/uploads\/2020\/10\/abobrinha2_interna-1-1200x675.jpg 1200w\" sizes=\"auto, (max-width: 1221px) 100vw, 1221px\" \/>Sob pano de fundo, temas sens\u00edveis ao mundo e \u00e0 Europa \u2013 refugiados, crime, drogas \u2013 sob a perspectiva do que toca no mais fr\u00e1gil de n\u00f3s mesmos \u2013 viol\u00eancia, suic\u00eddio, amor, fam\u00edlia. Desfiada num enredo que se movimenta naturalmente, com momentos de tens\u00e3o equilibrados com cenas mais leves, a obra \u00e9 um retrato humano e psicol\u00f3gico de problemas sociais profundos.\u00a0<\/p>\r\n\r\n\r\n\r\n\r\n\r\n\r\n\r\n<p>A hist\u00f3ria de Abobrinha, o menino Icare, que insiste em ser chamado como sua m\u00e3e o batizou, revela o quanto a crian\u00e7a contempor\u00e2nea segue envolta em muitos esquecimentos e solid\u00f5es.\u00a0Mas as rela\u00e7\u00f5es humanas que levam ao abandono tamb\u00e9m conduzem \u00e0 for\u00e7a para enfrent\u00e1-lo nesse filme, t\u00e3o dolorido quanto necess\u00e1rio.<\/p>\r\n\r\n\r\n\r\n<p><br \/><em>Texto: Lu\u00edsa Cort\u00e9s<\/em><\/p>\r\n\r\n\r\n\r\n<p>Assista &#8220;Minha vida de Abobrinha&#8221;\u00a0<a href=\"https:\/\/cirandadefilmes.com.br\/cirandacirandinha\/cirandacirandinha\/index.php\/2020\/10\/11\/minha-vida-de-abobrinha\/\" data-type=\"post\" data-id=\"1685\">aqui\u00a0<\/a>ou site do\u00a0<a href=\"https:\/\/www.telecineplay.com.br\/filme\/Minha_Vida_De_Abobrinha_7463\">Telecine Play<\/a>.\u00a0<\/p>\r\n","protected":false},"excerpt":{"rendered":"<p>Mas voltando ao filme. Baseado no livro hom\u00f4nimo, traz a hist\u00f3ria de Abobrinha, um garoto de nove anos que sonha com o pai, simbolizado por um her\u00f3i mascarado desenhado em uma pipa que insiste em voar alto, e envolto no acidente que mata a sua pr\u00f3pria m\u00e3e. \u00d3rf\u00e3o, ele \u00e9 enviado a um orfanato, onde [&hellip;]<\/p>\n","protected":false},"author":1,"featured_media":729,"comment_status":"closed","ping_status":"closed","sticky":false,"template":"","format":"standard","meta":{"_mo_disable_npp":"","footnotes":""},"categories":[2,51],"tags":[],"class_list":["post-702","post","type-post","status-publish","format-standard","has-post-thumbnail","hentry","category-olhares","category-olhares-2017"],"_links":{"self":[{"href":"https:\/\/cirandadefilmes.com.br\/cirandacirandinha\/wp-json\/wp\/v2\/posts\/702","targetHints":{"allow":["GET"]}}],"collection":[{"href":"https:\/\/cirandadefilmes.com.br\/cirandacirandinha\/wp-json\/wp\/v2\/posts"}],"about":[{"href":"https:\/\/cirandadefilmes.com.br\/cirandacirandinha\/wp-json\/wp\/v2\/types\/post"}],"author":[{"embeddable":true,"href":"https:\/\/cirandadefilmes.com.br\/cirandacirandinha\/wp-json\/wp\/v2\/users\/1"}],"replies":[{"embeddable":true,"href":"https:\/\/cirandadefilmes.com.br\/cirandacirandinha\/wp-json\/wp\/v2\/comments?post=702"}],"version-history":[{"count":6,"href":"https:\/\/cirandadefilmes.com.br\/cirandacirandinha\/wp-json\/wp\/v2\/posts\/702\/revisions"}],"predecessor-version":[{"id":4550,"href":"https:\/\/cirandadefilmes.com.br\/cirandacirandinha\/wp-json\/wp\/v2\/posts\/702\/revisions\/4550"}],"wp:featuredmedia":[{"embeddable":true,"href":"https:\/\/cirandadefilmes.com.br\/cirandacirandinha\/wp-json\/wp\/v2\/media\/729"}],"wp:attachment":[{"href":"https:\/\/cirandadefilmes.com.br\/cirandacirandinha\/wp-json\/wp\/v2\/media?parent=702"}],"wp:term":[{"taxonomy":"category","embeddable":true,"href":"https:\/\/cirandadefilmes.com.br\/cirandacirandinha\/wp-json\/wp\/v2\/categories?post=702"},{"taxonomy":"post_tag","embeddable":true,"href":"https:\/\/cirandadefilmes.com.br\/cirandacirandinha\/wp-json\/wp\/v2\/tags?post=702"}],"curies":[{"name":"wp","href":"https:\/\/api.w.org\/{rel}","templated":true}]}}