{"id":617,"date":"2020-10-01T17:26:17","date_gmt":"2020-10-01T20:26:17","guid":{"rendered":"https:\/\/cirandadefilmes.com.br\/cirandacirandinha\/cirandacirandinha\/?p=617"},"modified":"2020-10-31T02:28:54","modified_gmt":"2020-10-31T05:28:54","slug":"fundacao-casa-grande","status":"publish","type":"post","link":"https:\/\/cirandadefilmes.com.br\/cirandacirandinha\/fundacao-casa-grande\/","title":{"rendered":"Funda\u00e7\u00e3o Casa Grande"},"content":{"rendered":"\n<p class=\"has-large-font-size\"><strong>Funda\u00e7\u00e3o Casa Grande &#8211; Memorial do Homem Kariri<\/strong><\/p>\n\n\n\n<p>Alemberg Quindins e Rosiane Limaverde, m\u00fasicos de forma\u00e7\u00e3o popular, iniciaram em 1985 uma pesquisa etno-musical sobre os mitos e as lendas do povo da Chapada do Araripe, vale do Cariri cearense que resultou em 1992 na cria\u00e7\u00e3o da Funda\u00e7\u00e3o Casa Grande-Memorial do Homem Kariri, uma Funda\u00e7\u00e3o Privada, sem fins lucrativos e N\u00e3o Governamental (ONG), Utilidade P\u00fablica Federal, Certificada pelo Conselho Nacional de Assist\u00eancia Social- CNAS e condecorada em 2004 com a Ordem do M\u00e9rito Cultural pela Presid\u00eancia da Rep\u00fablica do Brasil. <\/p>\n\n\n\n<p>A Funda\u00e7\u00e3o tem como objetivos pesquisar, preservar, coletar, juntar em acervo, comunicar, exibir e publicar para fins cient\u00edficos, de estudo e recrea\u00e7\u00e3o, a cultura material e imaterial do homem Kariri e de seu ambiente. Em 2009, a Funda\u00e7\u00e3o Casa Grande recebeu do Instituto do Patrim\u00f4nio Hist\u00f3rico e Art\u00edstico Nacional- IPHAN, a outorga de \u2018Casa do Patrim\u00f4nio da Chapada do Araripe\u2019.\u00a0<\/p>\n\n\n\n<p>Para contar sobre essa experi\u00eancia emp\u00edrica e viva da Casa Grande, ningu\u00e9m mais apropriado do que os seus pr\u00f3prios fundadores. <\/p>\n\n\n\n<p>Por isso, escolhemos trechos da disserta\u00e7\u00e3o de doutoramento em Arqueologia de Rosiane Limaverde: <\/p>\n\n\n\n<p>&#8220;<strong>ARQUEOLOGIA SOCIAL INCLUSIVA &#8211; A FUNDA\u00c7\u00c3O CASA GRANDE E A GEST\u00c3O DO PATRIM\u00d4NIO CULTURAL DA CHAPADA DO ARARIPENOVA OLINDA, CE, BRASIL<\/strong>&#8220;, orientada por Maria da Concei\u00e7\u00e3o Lopes e apresentada \u00e0 Faculdade de Letras da Universidade de Coimbra em Novembro de 2014. <\/p>\n\n\n\n<p><strong>A Ciranda Cirandinha de Filmes convida a todos a adentrarem nessa experi\u00eancia pelo olhar e corpo vivido de Rosiane!\u00a0\u00a0<\/strong><\/p>\n\n\n\n<p>&#8220;A Funda\u00e7\u00e3o Casa Grande utiliza dos conhecimentos sistematizados pela arqueologia, no delineamento de solu\u00e7\u00f5es pr\u00e1ticas e caminhos frente aos problemas concretos da comunidade de Nova Olinda, Chapada do Araripe, Brasil.&nbsp;<\/p>\n\n\n\n<p>Essa comunidade atrav\u00e9s de suas crian\u00e7as, p\u00f4de legitimar a heran\u00e7a do patrim\u00f4nio arqueol\u00f3gico como guardi\u00e3s da mem\u00f3ria local, construindo cidadania e dignificando suas pr\u00f3prias vidas. Essas heran\u00e7as revividas, foram recriadas e retransmitidas pelas pr\u00f3prias crian\u00e7as na constru\u00e7\u00e3o da cidadania: Inventariando, conhecendo, preservando, partilhando e divulgando os antigos e novos saberes.&nbsp;<\/p>\n\n\n\n<p>Com essa experi\u00eancia, p\u00f4de-se ainda inferir que a arqueologia deve sim, proporcionar e desenvolver os interesses cient\u00edficos e sociais de produ\u00e7\u00e3o de conhecimento sobre a heran\u00e7a cultural numa pequena comunidade, inserida em um macro contexto arqueol\u00f3gico, como a Chapada do Araripe e o Nordeste do Brasil. Neste processo de entrega do patrim\u00f4nio cultural \u00e0 contemporaneidade a arqueologia inscreve um potencial fundamental de desenvolvimento de uma Arqueologia Social Inclusiva, embasada numa experi\u00eancia concreta, mas ao mesmo tempo intang\u00edvel de reafirma\u00e7\u00e3o de identidade.&nbsp;<\/p>\n\n\n\n<p>(&#8230;) antes mesmo da Casa Grande abrir suas portas, centenas de olhinhos curiosos j\u00e1 fitavam o interior da casa pelas frestas das janelas e das portas. Ao abri-las, a Casa Grande foi literalmente \u2018invadida\u2019 por muitas crian\u00e7as que vinham de todos os lados da cidade, das pontas de rua e queriam escutar aquelas cantigas e narrativas das lendas, dos mitos, dos artefatos e fotografias ind\u00edgenas que emolduravam as paredes da Casa. Foi assim que surgiu os primeiros pequenos condutores que espontaneamente guiavam casa \u00e0 dentro mostrando o acervo arqueol\u00f3gico aos visitantes que ali chegavam e para eles contavam as lendas e recriavam os mitos do povo Kariri&#8230;&nbsp;<\/p>\n\n\n\n<p>Nova Olinda poderia ser apenas uma t\u00edpica cidadezinha nordestina de 15 mil habitantes, daquelas sociedades que L\u00e9vi-Strauss classificaria de \u201csociedade simples\u201d, ou seja, aparentemente harm\u00f4nicas e resistentes as mudan\u00e7as em suas culturas, oferecendo melhores condi\u00e7\u00f5es para a identifica\u00e7\u00e3o das estruturas mentais inconscientes (&#8230;)<\/p>\n\n\n\n<p>Seria muito comum a outras cidades do interior do Brasil em seus problemas sociais emergentes como subemprego, defasagem escolar, falta de perspectiva de vida, falta de saneamento b\u00e1sico e onde a palavra \u201carte\u201d \u00e9 apenas sin\u00f4nimo de traquinagem da molecada na rua.&nbsp;<\/p>\n\n\n\n<p>Mas Nova Olinda teve a sorte de ser o palco de uma a\u00e7\u00e3o protagonizadora com as suas bases firmadas no patrim\u00f4nio arqueol\u00f3gico como uma ferramenta de inclus\u00e3o social galgada na experi\u00eancia de protagonismo juvenil das crian\u00e7as e jovens inseridos na Funda\u00e7\u00e3o Casa Grande-Memorial do Homem Kariri e como cen\u00e1rio o patrim\u00f4nio cultural da Chapada do Araripe. Surgida de um ideal imaginado atrav\u00e9s das narrativas das lendas e mitos dos povos da Chapada do Araripe e resultante de uma pesquisa etnomusical de um casal de jovens m\u00fasicos, a Funda\u00e7\u00e3o Casa Grande foi protagonizada desde o seu princ\u00edpio pelas crian\u00e7as do Munic\u00edpio de Nova Olinda.\u00a0<\/p>\n\n\n\n<p>(&#8230;)<\/p>\n\n\n\n<p>O nosso desafio no in\u00edcio da Funda\u00e7\u00e3o Casa Grande, foi o de promover uma a\u00e7\u00e3o educativa que proporcionasse a esses meninos e meninas do sert\u00e3o do Brasil ferramentas formadoras e norteadoras para a amplia\u00e7\u00e3o do repert\u00f3rio cultural, gerando perspectivas e oportunidades de inclus\u00e3o social. Tudo isso s\u00f3 seria poss\u00edvel pelo acesso, viv\u00eancia e internaliza\u00e7\u00e3o de novos saberes e conte\u00fados de qualidade em assuntos que ampliassem o repert\u00f3rio, como: Mem\u00f3ria, Identidade, Patrim\u00f4nio, Mitologia, Arqueologia, Gest\u00e3o Cultural, Meio Ambiente, Arte, Cidadania, Turismo Comunit\u00e1rio e Sustentabilidade. Eu posso dizer que neste caso, a mem\u00f3ria foi o elemento constituinte do sentimento de identidade, tanto individual como coletivo das crian\u00e7as e jovens na medida em que ela tamb\u00e9m se tornou a partir do protagonismo dessas crian\u00e7as e jovens, um fator extremamente importante do sentimento de continuidade e de coer\u00eancia da comunidade e de sua reconstru\u00e7\u00e3o de si.&nbsp;<\/p>\n\n\n\n<p>O in\u00edcio do percurso deu-se por meio da nossa pesquisa sobre os sons e a musicalidade dos mitos, o que revelou um outro territ\u00f3rio encantado do Cariri e tamb\u00e9m os vest\u00edgios arqueol\u00f3gicos do homem pret\u00e9rito que habitou o vale da Chapada do Araripe, promovendo a cria\u00e7\u00e3o de um Museu de refer\u00eancia sobre a pr\u00e9- hist\u00f3ria regional \u2013 o Memorial do Homem Kariri \u2013 para acolher o acervo doado por populares atrav\u00e9s de descobertas fortuitas20.&nbsp;<\/p>\n\n\n\n<p>Depois de restaurada a Casa, as crian\u00e7as de Nova Olinda, chegaram ao espa\u00e7o e se identificaram com as cantigas e hist\u00f3rias que narravam os mitos e o acervo pr\u00e9- hist\u00f3rico dos primeiros habitantes da Chapada do Araripe. Com o tempo, a novidade do museu foi dando lugar ao sentimento de pertencimento aquele espa\u00e7o, um ambiente onde os mitos e lendas contadas por seus av\u00f3s, estavam ali personificados e justificados nos artefatos l\u00edticos e cer\u00e2micos dos antigos parentes ind\u00edgenas. Aquelas crian\u00e7as foram os primeiros guias mirins do Memorial e atualmente, acompanhados de profissionais qualificados, realizam a gest\u00e3o, mapeamento e monitoramento ambiental dos s\u00edtios arqueol\u00f3gicos da Chapada do Araripe. A comunidade tamb\u00e9m teve sua identidade e autoestima valorizadas pelos seus mais dignos representantes, \u00e0s crian\u00e7as, e apreenderam o significado do Memorial do Homem Kariri como parte de suas vidas. (&#8230;)\u201d\u00a0Rosiane Limaverde<\/p>\n\n\n\n<div class=\"wp-block-columns alignwide is-layout-flex wp-container-core-columns-is-layout-9d6595d7 wp-block-columns-is-layout-flex\">\n<div class=\"wp-block-column is-layout-flow wp-block-column-is-layout-flow\">\n<h3 class=\"has-text-align-left has-text-color wp-block-heading\" style=\"color:#7f0073\"> <br>Era uma vez uma Casa Azul<\/h3>\n\n\n\n<figure class=\"wp-block-embed-youtube wp-block-embed is-type-video is-provider-youtube wp-embed-aspect-16-9 wp-has-aspect-ratio\"><div class=\"wp-block-embed__wrapper\">\n<iframe loading=\"lazy\" title=\"Era uma vez a casa azul\" width=\"580\" height=\"326\" src=\"https:\/\/www.youtube.com\/embed\/LhnloHzPD9o?start=1&#038;feature=oembed\" frameborder=\"0\" allow=\"accelerometer; autoplay; clipboard-write; encrypted-media; gyroscope; picture-in-picture; web-share\" referrerpolicy=\"strict-origin-when-cross-origin\" allowfullscreen><\/iframe>\n<\/div><\/figure>\n<\/div>\n\n\n\n<div class=\"wp-block-column is-layout-flow wp-block-column-is-layout-flow\">\n<h3 class=\"has-text-align-left has-text-color wp-block-heading\" style=\"color:#7f0073\"><br>Educa\u00e7\u00e3o Patrimonial&nbsp;<\/h3>\n\n\n\n<figure class=\"wp-block-embed-youtube wp-block-embed is-type-video is-provider-youtube wp-embed-aspect-16-9 wp-has-aspect-ratio\"><div class=\"wp-block-embed__wrapper\">\n<iframe loading=\"lazy\" title=\"Educac\u0327a\u0303o Patrimonial na Fundac\u0327a\u0303o Casa Grande\" width=\"580\" height=\"326\" src=\"https:\/\/www.youtube.com\/embed\/EgqgcRuDU1g?feature=oembed\" frameborder=\"0\" allow=\"accelerometer; autoplay; clipboard-write; encrypted-media; gyroscope; picture-in-picture; web-share\" referrerpolicy=\"strict-origin-when-cross-origin\" allowfullscreen><\/iframe>\n<\/div><\/figure>\n<\/div>\n<\/div>\n\n\n\n<div class=\"wp-block-group alignfull has-text-color has-background\" style=\"background-color:#8d0080;color:#ffffff\"><div class=\"wp-block-group__inner-container is-layout-flow wp-block-group-is-layout-flow\">\n<div style=\"height:20px\" aria-hidden=\"true\" class=\"wp-block-spacer\"><\/div>\n\n\n\n<div class=\"wp-block-group alignwide\"><div class=\"wp-block-group__inner-container is-layout-flow wp-block-group-is-layout-flow\">\n<h2 class=\"wp-block-heading\">Exposi\u00e7\u00e3o Tempo de Brincar<\/h2>\n\n\n\n<div class=\"wp-block-group alignwide\"><div class=\"wp-block-group__inner-container is-layout-flow wp-block-group-is-layout-flow\">\n<div class=\"wp-block-image\"><figure class=\"alignleft size-large is-resized\"><img loading=\"lazy\" decoding=\"async\" src=\"https:\/\/cirandadefilmes.com.br\/cirandacirandinha\/cirandacirandinha\/wp-content\/uploads\/2020\/10\/IMG_4330-3.jpg\" alt=\"\" class=\"wp-image-641\" width=\"500\" height=\"360\" srcset=\"https:\/\/cirandadefilmes.com.br\/cirandacirandinha\/wp-content\/uploads\/2020\/10\/IMG_4330-3.jpg 1000w, https:\/\/cirandadefilmes.com.br\/cirandacirandinha\/wp-content\/uploads\/2020\/10\/IMG_4330-3-300x216.jpg 300w, https:\/\/cirandadefilmes.com.br\/cirandacirandinha\/wp-content\/uploads\/2020\/10\/IMG_4330-3-768x553.jpg 768w\" sizes=\"auto, (max-width: 500px) 100vw, 500px\" \/><\/figure><\/div>\n\n\n\n<p><a href=\"https:\/\/cirandadefilmes.com.br\/cirandacirandinha\/cirandacirandinha\/leticia-diniz\/\" data-type=\"post\" data-id=\"2655\">Let\u00edcia Diniz<\/a> \u00e9 fot\u00f3grafa e diretora da Tv Casa Grande, onde dirige a s\u00e9rie 100 Canal. Em 2019, lan\u00e7ou a sua primeira exposi\u00e7\u00e3o &#8220;<strong>Tempo de Brincar<\/strong>&#8221; na Galeria de Artes da Funda\u00e7\u00e3o Casa Grande. Na Ciranda Cirandinha de Filmes, participa da roda de conversa <em><strong><a href=\"https:\/\/cirandadefilmes.com.br\/cirandacirandinha\/cirandacirandinha\/atividades\/#rodas\">Na inf\u00e2ncia para a inf\u00e2ncia<\/a><\/strong><\/em>.<\/p>\n<\/div><\/div>\n\n\n\n<div class=\"wp-block-button\"><a class=\"wp-block-button__link\" href=\"https:\/\/cirandadefilmes.com.br\/cirandacirandinha\/cirandacirandinha\/wp-content\/uploads\/2020\/10\/CG7A9932.jpg\" title=\"Slide 1\">entrar na galeria<\/a><\/div>\n\n\n<div style=\"display: none\">\n    <a href=\"https:\/\/cirandadefilmes.com.br\/cirandacirandinha\/cirandacirandinha\/wp-content\/uploads\/2020\/10\/CG7A68021-1536x1024.jpg\" title=\"Slide 2\">Slide 2<\/a>\n    <a href=\"https:\/\/cirandadefilmes.com.br\/cirandacirandinha\/cirandacirandinha\/wp-content\/uploads\/2020\/10\/CG7A6157-1536x864.jpg\" title=\"Slide 3\">Slide 3<\/a>\n    <a href=\"https:\/\/cirandadefilmes.com.br\/cirandacirandinha\/cirandacirandinha\/wp-content\/uploads\/2020\/10\/CG7A5804-1024x1536.jpg\" title=\"Slide 4\">Slide 4<\/a>\n    <a href=\"https:\/\/cirandadefilmes.com.br\/cirandacirandinha\/cirandacirandinha\/wp-content\/uploads\/2020\/10\/CG7A4911-1536x1024.jpg\" title=\"Slide 5\">Slide 5<\/a>\n    <a href=\"https:\/\/cirandadefilmes.com.br\/cirandacirandinha\/cirandacirandinha\/wp-content\/uploads\/2020\/10\/CG7A2087-1536x1024.jpg\" title=\"Slide 6\">Slide 5<\/a>\n    <a href=\"https:\/\/cirandadefilmes.com.br\/cirandacirandinha\/cirandacirandinha\/wp-content\/uploads\/2020\/10\/CG7A0118-1536x1024.jpg\" title=\"Slide 7\">Slide 5<\/a>\n<\/div>\n<\/div><\/div>\n<\/div><\/div>\n\n\n\n<div class=\"wp-block-group alignwide has-background\" style=\"background-color:#ffffff\"><div class=\"wp-block-group__inner-container is-layout-flow wp-block-group-is-layout-flow\">\n<h2 class=\"wp-block-heading\">100 Canal<\/h2>\n\n\n\n<div class=\"wp-block-group alignfull\"><div class=\"wp-block-group__inner-container is-layout-flow wp-block-group-is-layout-flow\">\n<p>O 100 Canal foi criado para divulgar a produ\u00e7\u00e3o da TV Casa Grande para a comunidade de Nova Olinda ap\u00f3s a ANATEL ter proibido \u00e0 sua transmiss\u00e3o e lacrado a TV, em 2000 e passou em 2002 a ser exibido no ritual das programa\u00e7\u00f5es do Teatro Violeta Arraes \u2013 Engenho de Artes C\u00eanicas.<\/p>\n<\/div><\/div>\n\n\n\n<div class=\"wp-block-columns alignfull is-layout-flex wp-container-core-columns-is-layout-9d6595d7 wp-block-columns-is-layout-flex\">\n<div class=\"wp-block-column is-layout-flow wp-block-column-is-layout-flow\">\n<p><strong>Us Cabinha &#8211; Clipe Eu Vou<\/strong><\/p>\n\n\n\n<figure class=\"wp-block-embed-youtube wp-block-embed is-type-video is-provider-youtube wp-embed-aspect-16-9 wp-has-aspect-ratio\"><div class=\"wp-block-embed__wrapper\">\n<iframe loading=\"lazy\" title=\"Eu Vou\" width=\"580\" height=\"326\" src=\"https:\/\/www.youtube.com\/embed\/QsjQNw86l6U?start=4&#038;feature=oembed\" frameborder=\"0\" allow=\"accelerometer; autoplay; clipboard-write; encrypted-media; gyroscope; picture-in-picture; web-share\" referrerpolicy=\"strict-origin-when-cross-origin\" allowfullscreen><\/iframe>\n<\/div><\/figure>\n<\/div>\n\n\n\n<div class=\"wp-block-column is-layout-flow wp-block-column-is-layout-flow\">\n<p><strong>Pintura da Casa Grande<\/strong><\/p>\n\n\n\n<figure class=\"wp-block-embed-youtube wp-block-embed is-type-video is-provider-youtube wp-embed-aspect-16-9 wp-has-aspect-ratio\"><div class=\"wp-block-embed__wrapper\">\n<iframe loading=\"lazy\" title=\"100 Canal Pintura da Casa Grande.\" width=\"580\" height=\"326\" src=\"https:\/\/www.youtube.com\/embed\/c4ZHGNojz14?start=1&#038;feature=oembed\" frameborder=\"0\" allow=\"accelerometer; autoplay; clipboard-write; encrypted-media; gyroscope; picture-in-picture; web-share\" referrerpolicy=\"strict-origin-when-cross-origin\" allowfullscreen><\/iframe>\n<\/div><\/figure>\n<\/div>\n\n\n\n<div class=\"wp-block-column is-layout-flow wp-block-column-is-layout-flow\">\n<p><strong>Ra In Mundo<\/strong><\/p>\n\n\n\n<figure class=\"wp-block-embed-youtube wp-block-embed is-type-video is-provider-youtube wp-embed-aspect-16-9 wp-has-aspect-ratio\"><div class=\"wp-block-embed__wrapper\">\n<iframe loading=\"lazy\" title=\"Rai in Mundo - Banhando na Chuva\" width=\"580\" height=\"326\" src=\"https:\/\/www.youtube.com\/embed\/hx_40BcX9-g?start=3&#038;feature=oembed\" frameborder=\"0\" allow=\"accelerometer; autoplay; clipboard-write; encrypted-media; gyroscope; picture-in-picture; web-share\" referrerpolicy=\"strict-origin-when-cross-origin\" allowfullscreen><\/iframe>\n<\/div><\/figure>\n<\/div>\n<\/div>\n\n\n\n<div class=\"wp-block-columns alignfull is-layout-flex wp-container-core-columns-is-layout-9d6595d7 wp-block-columns-is-layout-flex\">\n<div class=\"wp-block-column is-layout-flow wp-block-column-is-layout-flow\">\n<p><strong>100 Canal Terreiro Duro<\/strong><\/p>\n\n\n\n<figure class=\"wp-block-embed-youtube wp-block-embed is-type-video is-provider-youtube wp-embed-aspect-4-3 wp-has-aspect-ratio\"><div class=\"wp-block-embed__wrapper\">\n<iframe loading=\"lazy\" title=\"100 Canal terreiro duro2\" width=\"580\" height=\"435\" src=\"https:\/\/www.youtube.com\/embed\/BrfJbqU4pIY?feature=oembed\" frameborder=\"0\" allow=\"accelerometer; autoplay; clipboard-write; encrypted-media; gyroscope; picture-in-picture; web-share\" referrerpolicy=\"strict-origin-when-cross-origin\" allowfullscreen><\/iframe>\n<\/div><\/figure>\n<\/div>\n\n\n\n<div class=\"wp-block-column is-layout-flow wp-block-column-is-layout-flow\">\n<p><strong>Meninos da Rua do Quaxinim&nbsp;<\/strong><\/p>\n\n\n\n<figure class=\"wp-block-embed-youtube wp-block-embed is-type-video is-provider-youtube wp-embed-aspect-4-3 wp-has-aspect-ratio\"><div class=\"wp-block-embed__wrapper\">\n<iframe loading=\"lazy\" title=\"100 Canal os meninos da rua do Guaxinim\" width=\"580\" height=\"435\" src=\"https:\/\/www.youtube.com\/embed\/lo7tIR-HFAE?feature=oembed\" frameborder=\"0\" allow=\"accelerometer; autoplay; clipboard-write; encrypted-media; gyroscope; picture-in-picture; web-share\" referrerpolicy=\"strict-origin-when-cross-origin\" allowfullscreen><\/iframe>\n<\/div><\/figure>\n<\/div>\n\n\n\n<div class=\"wp-block-column is-layout-flow wp-block-column-is-layout-flow\">\n<p><strong>Pingo &#8211; O filme<\/strong><\/p>\n\n\n\n<figure class=\"wp-block-embed-youtube aligncenter wp-block-embed is-type-video is-provider-youtube wp-embed-aspect-4-3 wp-has-aspect-ratio\"><div class=\"wp-block-embed__wrapper\">\n<iframe loading=\"lazy\" title=\"100 canal pingo o Filme\" width=\"580\" height=\"435\" src=\"https:\/\/www.youtube.com\/embed\/lG0_fhTHJEs?start=7&#038;feature=oembed\" frameborder=\"0\" allow=\"accelerometer; autoplay; clipboard-write; encrypted-media; gyroscope; picture-in-picture; web-share\" referrerpolicy=\"strict-origin-when-cross-origin\" allowfullscreen><\/iframe>\n<\/div><\/figure>\n<\/div>\n<\/div>\n\n\n\n<p class=\"has-large-font-size\"><a href=\"https:\/\/blogfundacaocasagrande.wordpress.com\/\" target=\"_blank\" rel=\"noreferrer noopener\"><strong>Visite o site da Casa Grande para conhecer mais sobre a Funda\u00e7\u00e3o! <\/strong><\/a><\/p>\n<\/div><\/div>\n","protected":false},"excerpt":{"rendered":"<p>Funda\u00e7\u00e3o Casa Grande &#8211; Memorial do Homem Kariri Alemberg Quindins e Rosiane Limaverde, m\u00fasicos de forma\u00e7\u00e3o popular, iniciaram em 1985 uma pesquisa etno-musical sobre os mitos e as lendas do povo da Chapada do Araripe, vale do Cariri cearense que resultou em 1992 na cria\u00e7\u00e3o da Funda\u00e7\u00e3o Casa Grande-Memorial do Homem Kariri, uma Funda\u00e7\u00e3o Privada, [&hellip;]<\/p>\n","protected":false},"author":1,"featured_media":2830,"comment_status":"closed","ping_status":"closed","sticky":false,"template":"templates\/template-full-width.php","format":"standard","meta":{"_mo_disable_npp":"","footnotes":""},"categories":[10],"tags":[],"class_list":["post-617","post","type-post","status-publish","format-standard","has-post-thumbnail","hentry","category-colecoes"],"_links":{"self":[{"href":"https:\/\/cirandadefilmes.com.br\/cirandacirandinha\/wp-json\/wp\/v2\/posts\/617","targetHints":{"allow":["GET"]}}],"collection":[{"href":"https:\/\/cirandadefilmes.com.br\/cirandacirandinha\/wp-json\/wp\/v2\/posts"}],"about":[{"href":"https:\/\/cirandadefilmes.com.br\/cirandacirandinha\/wp-json\/wp\/v2\/types\/post"}],"author":[{"embeddable":true,"href":"https:\/\/cirandadefilmes.com.br\/cirandacirandinha\/wp-json\/wp\/v2\/users\/1"}],"replies":[{"embeddable":true,"href":"https:\/\/cirandadefilmes.com.br\/cirandacirandinha\/wp-json\/wp\/v2\/comments?post=617"}],"version-history":[{"count":59,"href":"https:\/\/cirandadefilmes.com.br\/cirandacirandinha\/wp-json\/wp\/v2\/posts\/617\/revisions"}],"predecessor-version":[{"id":3688,"href":"https:\/\/cirandadefilmes.com.br\/cirandacirandinha\/wp-json\/wp\/v2\/posts\/617\/revisions\/3688"}],"wp:featuredmedia":[{"embeddable":true,"href":"https:\/\/cirandadefilmes.com.br\/cirandacirandinha\/wp-json\/wp\/v2\/media\/2830"}],"wp:attachment":[{"href":"https:\/\/cirandadefilmes.com.br\/cirandacirandinha\/wp-json\/wp\/v2\/media?parent=617"}],"wp:term":[{"taxonomy":"category","embeddable":true,"href":"https:\/\/cirandadefilmes.com.br\/cirandacirandinha\/wp-json\/wp\/v2\/categories?post=617"},{"taxonomy":"post_tag","embeddable":true,"href":"https:\/\/cirandadefilmes.com.br\/cirandacirandinha\/wp-json\/wp\/v2\/tags?post=617"}],"curies":[{"name":"wp","href":"https:\/\/api.w.org\/{rel}","templated":true}]}}