{"id":536,"date":"2019-07-25T12:08:46","date_gmt":"2019-07-25T15:08:46","guid":{"rendered":"https:\/\/cirandadefilmes.com.br\/cirandacirandinha\/cirandacirandinha\/?p=536"},"modified":"2021-08-31T15:50:31","modified_gmt":"2021-08-31T18:50:31","slug":"a-itinerancia-da-ciranda","status":"publish","type":"post","link":"https:\/\/cirandadefilmes.com.br\/cirandacirandinha\/a-itinerancia-da-ciranda\/","title":{"rendered":"A Itiner\u00e2ncia da Ciranda"},"content":{"rendered":"\n<p>A Ciranda de Filmes \u00e9 a primeira mostra de cinema do Brasil com foco em inf\u00e2ncia, juventude e educa\u00e7\u00e3o. Nasceu do desejo de sensibilizar, provocar e mobilizar educadores, pais e outros interessados em refletir sobre as primeiras etapas do desenvolvimento humano, fundamentando a\u00e7\u00f5es em prol do cuidado dessas fases t\u00e3o fundamentais para o indiv\u00edduo e a sociedade.<br>Apostando na pot\u00eancia do cinema para tocar mentes e cora\u00e7\u00f5es, ao longo das cinco edi\u00e7\u00f5es, a Ciranda vem promovendo encontros para inspirar e promover trocas entre pensadores, educadores, artistas, cineastas e o p\u00fablico, enriquecendo e aprofundando a reflex\u00e3o sobre os temas propostos a cada ano.<br>A mostra re\u00fane filmes e experi\u00eancias capazes de emocionar e fortalecer caminhos e utopias, ampliando a percep\u00e7\u00e3o de que n\u00e3o estamos sozinhos. Pelos quatro cantos do mundo, pessoas \u201ccirandeiam\u201d juntas, tecendo sonhos e hist\u00f3rias ricas em sentido, aprendizado e beleza.<br>Em nossa primeira edi\u00e7\u00e3o itinerante, apostamos numa proposta de retrospectiva para celebrar essa nova jornada a partir dos eixos fundadores da mostra: nascimento e inf\u00e2ncia, espa\u00e7os de aprendizagem e movimentos de transforma\u00e7\u00e3o. Para isso, selecionamos alguns dos filmes que nos marcaram e retomamos as reflex\u00f5es e os temas propostos nas edi\u00e7\u00f5es anteriores: fam\u00edlia, crian\u00e7a e natureza, protagonismo infantil, mestres, o que te nutre? e m\u00fasica, linguagem da vida.<br>Estamos muito felizes com a realiza\u00e7\u00e3o dessa primeira mostra itinerante, um importante passo para ampliar o acesso do p\u00fablico de diferentes regi\u00f5es do pa\u00eds a uma pesquisa que vem sendo constru\u00edda ao longo desses anos com o intuito de realizar o sonho de compartilhamento de ideias, assim como a troca de saberes.<br>Ciranda \u00e9 um poema que se canta junto. Esperamos dar as m\u00e3os aos novos amigos que vamos encontrar no caminho e abrir uma grande roda para que juntos tenhamos mais for\u00e7a para emocionar e transformar.<br>Fica nosso convite para dan\u00e7armos juntos essa Ciranda!<br>Fernanda Heinz e Patr\u00edcia Dur\u00e3es<\/p>\n\n\n\n<hr class=\"wp-block-separator\"\/>\n\n\n\n<p>Ciranda de Filmes &#8211; Mostra Itinerante<br><strong>Anima\u00e7\u00e3o \u2013 Longas<\/strong><br><strong><a href=\"https:\/\/cirandadefilmes.com.br\/cirandacirandinha\/cirandinha\/filme\/43-As-Aventuras-do-Aviao-Vermelho\">As aventuras do avi\u00e3o vermelho<\/a><\/strong>&nbsp;&#8211; Frederico Pinto, Jos\u00e9 Maia&nbsp;&nbsp;(2\u00aa edi\u00e7\u00e3o, 2015)Anima\u00e7\u00e3o, Brasil, 2014, 73 min, livreO filme conta a hist\u00f3ria de Fernandinho, um menino de 8 anos que perdeu a m\u00e3e h\u00e1 pouco tempo, tornando-se um garoto solit\u00e1rio, sem amigos e com problemas de relacionamento com o pai e na escola. Sem saber como lidar com a situa\u00e7\u00e3o, o pai tenta conquist\u00e1-lo com presentes. Nada funciona at\u00e9 que ele d\u00e1 para o filho um livro de sua inf\u00e2ncia. A bordo do Avi\u00e3o Vermelho e junto com seus brinquedos favoritos, Fernandinho visita lugares inusitados, como a Lua e o fundo do mar, e percorre diferentes territ\u00f3rios. Ao longo dessa jornada, Fernandinho descobre o prazer da leitura, a import\u00e2ncia de ter amigos e o amor do pai. Baseado no livro hom\u00f4nimo de \u00c9rico Ver\u00edssimo.&nbsp;<br><a href=\"https:\/\/cirandadefilmes.com.br\/cirandacirandinha\/cirandinha\/filme\/184-Window-Horses---A-poesia-de-Rosie-Ming\"><strong>Window horses, a poesia de Rosie Ming<\/strong>&nbsp;&#8211;&nbsp;<strong><em>Window Horses<\/em><\/strong><\/a>&nbsp;&#8211; Ann Marie Fleming(4\u00aa edi\u00e7\u00e3o, 2017)Anima\u00e7\u00e3o, Canad\u00e1, 2016, 85 min, livre<br>Rosie Ming, uma jovem poeta canadense, \u00e9 convidada para se apresentar em um festival de poesia em Shiraz, no Ir\u00e3, mas preferiria ir a Paris. Ela vive na casa de seus av\u00f3s chineses super protetores e nunca foi a nenhum lugar sozinha. Uma vez no Ir\u00e3, ela se encontra na companhia de poetas e de Persas que contam hist\u00f3rias que a obrigam a confrontar o seu passado: o pai iraniano que ela acha que a abandonou e a natureza da pr\u00f3pria poesia. O filme trata de construir pontes entre divis\u00f5es culturais e geracionais. \u00c9 um filme sobre ser curioso. Estar aberto. E encontrar a sua pr\u00f3pria voz atrav\u00e9s da magia da poesia.&nbsp;<br><strong>Fic\u00e7\u00e3o \u2013 Longas<\/strong><br><strong><a href=\"https:\/\/cirandadefilmes.com.br\/cirandacirandinha\/cirandinha\/filme\/151-A-Familia-Dionti\">A Fam\u00edlia Dionti&nbsp;<\/a><\/strong>\u2013 Alan Minas(4\u00aa edi\u00e7\u00e3o, 2017)Fic\u00e7\u00e3o, Brasil, Inglaterra, 2015, 96 min, livreUm filme emocionante, em que o fant\u00e1stico e a realidade se equilibram e tecem juntos uma trama envolvente e cheia de surpresas. Nas muitas hist\u00f3rias por tr\u00e1s da hist\u00f3ria, a m\u00e3e apaixona-se, evapora e desaparece; Josu\u00e9 sonha com a volta da mulher a cada chuva, enquanto cria sozinho os dois filhos, Serino, que \u00e9 seco e chora gr\u00e3os de areia, e Kelton, que se derrete com a chegada de Sofia, uma garota de circo. \u201cA Fam\u00edlia Dionti\u201d retrata de forma especialmente delicada o tema universal do primeiro amor.<br><strong>Document\u00e1rio \u2013 Longas e m\u00e9dias<\/strong><br><a href=\"https:\/\/cirandadefilmes.com.br\/cirandacirandinha\/cirandinha\/filme\/51-Crescer\"><strong>Crescer<\/strong>&nbsp;&#8211;&nbsp;<strong><em>Grandir<\/em><\/strong>&nbsp;<\/a>&#8211; Etienne Moine, Bernard Josse&nbsp;(2\u00aa edi\u00e7\u00e3o, 2015)Document\u00e1rio, Equador, 2011, 104 min, livre&#8221;Crescer&#8221; \u00e9 um document\u00e1rio que nos convida a dividir o cotidiano de crian\u00e7as que, aos poucos, recuperam sua dignidade violentada muito cedo. Redescobrimos com elas a alegria de viver em um ambiente cuidadosamente preparado, que as levar\u00e1 \u00e0 reintegra\u00e7\u00e3o familiar e social. &#8220;Crescer&#8221; nos mostra uma nova rela\u00e7\u00e3o adulto-crian\u00e7a e nos confirma que \u00e9 poss\u00edvel crescer de maneiras diferentes.&nbsp;<br><strong><a href=\"https:\/\/cirandadefilmes.com.br\/cirandacirandinha\/cirandinha\/filme\/152-Lingua-Mae\">L\u00edngua m\u00e3e<\/a><\/strong>&nbsp;\u2013 Fernando Weller, Leo Falc\u00e3o&nbsp;(4\u00aa edi\u00e7\u00e3o,2017)Document\u00e1rio, Brasil, 2011, 81 min, livreNan\u00e1 Vasconcelos, um dos maiores m\u00fasicos do Brasil e mais atuantes fora do pa\u00eds, sonhava reunir um grupo de crian\u00e7as e fazer m\u00fasica com elas em sua l\u00edngua materna: o portugu\u00eas. Atravessou tr\u00eas continentes para encontr\u00e1-las e da\u00ed nasce L\u00edngua M\u00e3e, projeto musical realizado em parceria com o maestro Gil Jardim.&nbsp;<br><strong><a href=\"https:\/\/cirandadefilmes.com.br\/cirandacirandinha\/cirandinha\/filme\/10-Mita\">Mit\u00e3<\/a><\/strong>&nbsp;\u2013 Lia Mattos, Alexandre Basso&nbsp;(1\u00aa edi\u00e7\u00e3o, 2014)Document\u00e1rio, Brasil, 2013, 52 min, livreMit\u00e3. Crian\u00e7a brasileira. O ser humano em sua dimens\u00e3o criadora transcende o tempo despertando para as possibilidades de um \u201cMundo Novo\u201d. Uma po\u00e9tica da inf\u00e2ncia inspirada por Fernando Pessoa, Agostinho da Silva e Lydia Hort\u00e9lio, trazendo importantes ideias sobre educa\u00e7\u00e3o, natureza, espiritualidade e a Cultura da Crian\u00e7a.&nbsp;<br><strong><a href=\"https:\/\/cirandadefilmes.com.br\/cirandacirandinha\/cirandinha\/filme\/11-O,-de-Casa\">\u00d4 de casa<\/a><\/strong>&nbsp;\u2013 Clarisse Alvarenga&nbsp;(1\u00aa edi\u00e7\u00e3o, 2014)Document\u00e1rio, Brasil, 2007, 70 min, LivreCrian\u00e7as e adolescentes se apropriam de espa\u00e7os p\u00fablicos ociosos, no interior ou na capital do estado de Minas Gerais, para brincar de construir casinhas e cabaninhas. Em cada casinha, uma pequena hist\u00f3ria se passa: a visita indesejada de um menino que tudo bagun\u00e7a; a possibilidade de fundar um espa\u00e7o de individualidade recuado em rela\u00e7\u00e3o ao espa\u00e7o da fam\u00edlia; a prepara\u00e7\u00e3o do almo\u00e7o pelas meninas enquanto os meninos v\u00e3o ca\u00e7ar e colher palha; o desentendimento decorrente da partilha do espa\u00e7o; e a reconstru\u00e7\u00e3o de uma casinha destru\u00edda. Fora desses ambientes, \u00e9 poss\u00edvel entrever um mundo feito do tempo da mem\u00f3ria dos que, no passado, brincaram ali naqueles mesmos espa\u00e7os.&nbsp;<br><strong><a href=\"https:\/\/cirandadefilmes.com.br\/cirandacirandinha\/cirandinha\/filme\/243-Pare-Olhe-Escute\">Pare olhe escute<\/a><\/strong>&nbsp;\u2013 K\u00e1tia Lund(5\u00aa edi\u00e7\u00e3o, 2019)Document\u00e1rio, Brasil, 2013, 52 min, livreA m\u00fasica invadiu as ruas e vielas e entrou pela janela das casas, dando cor e melodia a uma rotina, outrora t\u00e3o opaca, na pequena cidade de Barra Mansa, interior do Rio de Janeiro. Desde que se iniciou o projeto M\u00fasica nas escolas, promovido pela prefeitura da cidade, Barra Mansa nunca mais foi a mesma. Dirigido por K\u00e1tia Lund e produzido por La\u00eds Bodanzky e Luiz Bolognesi, o filme Pare Olhe Escute mostra, com sensibilidade, a rotina de jovens m\u00fasicos ao realizarem o sonho de sair em turn\u00ea com a orquestra da cidade, acompanhada da pianista Simone Leit\u00e3o, pelas principais salas de m\u00fasica do pa\u00eds.&nbsp;<br><strong><a href=\"https:\/\/cirandadefilmes.com.br\/cirandacirandinha\/cirandinha\/filme\/181-Terreiros-do-Brincar-\">Terreiros do brincar&nbsp;<\/a><\/strong>\u2013 David Reeks, Renata Meirelles&nbsp;(4\u00aa edi\u00e7\u00e3o, 2017)Document\u00e1rio, Brasil, 2017, 52 min, livreO filme retrata a participa\u00e7\u00e3o de crian\u00e7as em 12 grupos de manifesta\u00e7\u00f5es populares em 4 estados brasileiros, e a sua rela\u00e7\u00e3o com um brincar coletivo, intergeracional e sagrado.&nbsp;<br><strong>Document\u00e1rio \u2013&nbsp; Curtas<\/strong><strong><a href=\"https:\/\/cirandadefilmes.com.br\/cirandacirandinha\/cirandinha\/filme\/9-Disque-Quilombola\">Disque Quilombola<\/a><\/strong>&nbsp;\u2013 David Reeks&nbsp;(1\u00aa edi\u00e7\u00e3o, 2014)Document\u00e1rio, Brasil, 2012, 13 min, livreCrian\u00e7as do Esp\u00edrito Santo conversam de um jeito divertido sobre como \u00e9 a vida em uma comunidade quilombola e em um morro na cidade de Vit\u00f3ria. Por meio de uma genu\u00edna brincadeira infantil, os dois grupos falam de suas ra\u00edzes e revelam o quanto a inf\u00e2ncia tem mais semelhan\u00e7as do que diferen\u00e7as.&nbsp;<br><strong><a href=\"https:\/\/cirandadefilmes.com.br\/cirandacirandinha\/cirandinha\/filme\/98-Meninos-e-Reis\">Meninos e Reis<\/a><\/strong>&nbsp;\u2013 Gabriela Romeu&nbsp;(3\u00aa edi\u00e7\u00e3o, 2016)Document\u00e1rio, Brasil, 2015, 16 min, livreNo reisado, um dos folguedos mais populares do Cariri cearense, o palha\u00e7o pinta a cara de preto, crian\u00e7as aprendem a jogar espada com destreza e meninas crescem como rainhas. Mas Maria, a rainha de um dos reisados mais tradicionais da regi\u00e3o, est\u00e1 no \u00faltimo ano de reinado e encara o drama de passar a coroa para a irm\u00e3 mais nova, vivendo um verdadeiro rito de passagem.<br><strong><a href=\"https:\/\/cirandadefilmes.com.br\/cirandacirandinha\/cirandinha\/filme\/22-Mbya-Reko-Pygua,-a-luz-das-palavras\">Mby\u00e1 Reko Pygu\u00e1, a luz das palavras<\/a>&nbsp;&nbsp;<\/strong>\u2013 K\u00e1tia Klock, Cinthia Creatini da Rocha(1\u00aa edi\u00e7\u00e3o, 2014)Document\u00e1rio, Brasil, 2012, 18 min, livreA sensibilidade do povo Guarani em educar as crian\u00e7as permanece viva apesar das influ\u00eancias da sociedade contempor\u00e2nea. Mas os caminhos e esfor\u00e7os dos l\u00edderes espirituais e professores ind\u00edgenas s\u00e3o marcados por dilemas, buscas, encontros e desencontros. Este registro todo gravado em Guarani na Aldeia Yynn Moroti Wher\u00e1, em Bigua\u00e7u, Santa Catarina, no sul do Brasil, comprova: espiritualidade, simplicidade e verdade s\u00e3o palavras que traduzem \u201ca luz\u201d dos Guarani no seu processo de educa\u00e7\u00e3o.&nbsp;<a href=\"https:\/\/cirandadefilmes.com.br\/cirandacirandinha\/cirandinha\/filme\/183-Waapa\"><strong>Waapa<\/strong><\/a>&nbsp;&nbsp;\u2013 David Reeks, Paula Mendon\u00e7a, Renata Meirelles&nbsp;(4\u00aa edi\u00e7\u00e3o, 2017)Document\u00e1rio, Brasil, 2017, 22 min, livreO document\u00e1rio prop\u00f5e um mergulho in\u00e9dito na inf\u00e2ncia Yudj\u00e1 (Parque Ind\u00edgena do Xingu\/MT) e os cuidados que acompanham seu crescimento. O brincar, a vida comunit\u00e1ria e as influ\u00eancias de uma rela\u00e7\u00e3o espiritual com a natureza s\u00e3o revelados como elementos que organizam o corpo-alma dessas crian\u00e7as.&nbsp;<br><a href=\"https:\/\/cirandadefilmes.com.br\/cirandacirandinha\/cirandinha\/filme\/119-Tjamparanjani-ndash-Era-Uma-Vez\"><strong>Tjamparanjani \u2013 Era Uma Vez<\/strong>&nbsp;&#8211;&nbsp;<strong><em>Tjamparanjani<\/em><\/strong><\/a>&nbsp;&nbsp;&#8211; Miko Meloni, Mahiriri Ossuka(3\u00aa edi\u00e7\u00e3o, 2016)Document\u00e1rio, It\u00e1lia, Mo\u00e7ambique, 2016, 34 min, livreDurante o primeiro epis\u00f3dio do programa de r\u00e1dio Tjamparanjani! (Era uma vez, em l\u00edngua macua) foram apresentados as poesias e os contos de todos os participantes do novo curso da Oficina de Arte. No bairro Natite, na cidade de Pemba (ao norte de Mo\u00e7ambique), alguns artistas locais d\u00e3o aulas de arte aos mais jovens. Para incentiv\u00e1-los, as av\u00f3s tamb\u00e9m participam, contando suas f\u00e1bulas populares: a cada &#8220;Tjamparanjani!&#8221;, deve-se responder &#8220;Shampatteke!&#8221;, mantendo o ritmo da conta\u00e7\u00e3o de hist\u00f3ria.&nbsp;<br><strong><a href=\"https:\/\/cirandadefilmes.com.br\/cirandacirandinha\/cirandinha\/filme\/248-Uma-nota-so\">Uma nota s\u00f3<\/a>&nbsp;<\/strong>\u2013 La\u00eds Bodanzky&nbsp;(5\u00aa edi\u00e7\u00e3o, 2019)Fic\u00e7\u00e3o, Brasil, 2012, 11 min, livreDe forma sutil e po\u00e9tica, a diretora La\u00eds Bodanzky conduz o olhar do espectador por ruas e becos sonoros, onde caminham passos que parecem divergir da pr\u00f3pria realidade. Mas esses caminhos, certo dia, n\u00e3o ser\u00e3o mais os mesmos&#8230;&nbsp;<\/p>\n","protected":false},"excerpt":{"rendered":"<p>A Ciranda de Filmes \u00e9 a primeira mostra de cinema do Brasil com foco em inf\u00e2ncia, juventude e educa\u00e7\u00e3o. Nasceu do desejo de sensibilizar, provocar e mobilizar educadores, pais e outros interessados em refletir sobre as primeiras etapas do desenvolvimento humano, fundamentando a\u00e7\u00f5es em prol do cuidado dessas fases t\u00e3o fundamentais para o indiv\u00edduo e [&hellip;]<\/p>\n","protected":false},"author":1,"featured_media":537,"comment_status":"closed","ping_status":"closed","sticky":false,"template":"","format":"standard","meta":{"_mo_disable_npp":"","footnotes":""},"categories":[2,52],"tags":[],"class_list":["post-536","post","type-post","status-publish","format-standard","has-post-thumbnail","hentry","category-olhares","category-olhares-2019"],"_links":{"self":[{"href":"https:\/\/cirandadefilmes.com.br\/cirandacirandinha\/wp-json\/wp\/v2\/posts\/536","targetHints":{"allow":["GET"]}}],"collection":[{"href":"https:\/\/cirandadefilmes.com.br\/cirandacirandinha\/wp-json\/wp\/v2\/posts"}],"about":[{"href":"https:\/\/cirandadefilmes.com.br\/cirandacirandinha\/wp-json\/wp\/v2\/types\/post"}],"author":[{"embeddable":true,"href":"https:\/\/cirandadefilmes.com.br\/cirandacirandinha\/wp-json\/wp\/v2\/users\/1"}],"replies":[{"embeddable":true,"href":"https:\/\/cirandadefilmes.com.br\/cirandacirandinha\/wp-json\/wp\/v2\/comments?post=536"}],"version-history":[{"count":1,"href":"https:\/\/cirandadefilmes.com.br\/cirandacirandinha\/wp-json\/wp\/v2\/posts\/536\/revisions"}],"predecessor-version":[{"id":538,"href":"https:\/\/cirandadefilmes.com.br\/cirandacirandinha\/wp-json\/wp\/v2\/posts\/536\/revisions\/538"}],"wp:featuredmedia":[{"embeddable":true,"href":"https:\/\/cirandadefilmes.com.br\/cirandacirandinha\/wp-json\/wp\/v2\/media\/537"}],"wp:attachment":[{"href":"https:\/\/cirandadefilmes.com.br\/cirandacirandinha\/wp-json\/wp\/v2\/media?parent=536"}],"wp:term":[{"taxonomy":"category","embeddable":true,"href":"https:\/\/cirandadefilmes.com.br\/cirandacirandinha\/wp-json\/wp\/v2\/categories?post=536"},{"taxonomy":"post_tag","embeddable":true,"href":"https:\/\/cirandadefilmes.com.br\/cirandacirandinha\/wp-json\/wp\/v2\/tags?post=536"}],"curies":[{"name":"wp","href":"https:\/\/api.w.org\/{rel}","templated":true}]}}