{"id":515,"date":"2019-05-10T11:58:14","date_gmt":"2019-05-10T14:58:14","guid":{"rendered":"https:\/\/cirandadefilmes.com.br\/cirandacirandinha\/cirandacirandinha\/?p=515"},"modified":"2021-08-31T15:51:48","modified_gmt":"2021-08-31T18:51:48","slug":"cartografia-cirandeira-um-guia-para-ampliar-a-sua-experiencia","status":"publish","type":"post","link":"https:\/\/cirandadefilmes.com.br\/cirandacirandinha\/cartografia-cirandeira-um-guia-para-ampliar-a-sua-experiencia\/","title":{"rendered":"Cartografia Cirandeira: um guia para ampliar a sua experi\u00eancia"},"content":{"rendered":"\r\n<p>Este mapa \u00e9 um convite a explorar novas trilhas, mais do que sonoras. Sim, \u00e9 uma cartografia cirandeira, ideal para ampliar as experi\u00eancias vividas aqui. Ou seja, depois de ver os filmes, participar das oficinas e adentrar as rodas musicais, al\u00e9m de refletir, cantar e dan\u00e7ar nas muitas atividades da Ciranda de Filmes, \u00e9 ainda poss\u00edvel continuar cirandando por linhas ou trilhas tem\u00e1ticas. Em cada rota, h\u00e1 algumas esta\u00e7\u00f5es (ou diversas sugest\u00f5es sobre o que ler, ver, ouvir e experimentar) que dialogam com alguns dos nossos filmes em destaque. Ent\u00e3o a dica \u00e9: escolha um percurso (identidade, inf\u00e2ncia ou natureza?), confira os filmes do caminho e, depois, desembarque calmamente em uma das esta\u00e7\u00f5es (um livro?), pule outra parada (uma m\u00fasica?) ou revisite uma terceira (um site?). E, assim, deixe esta Ciranda seguir reverberando em voc\u00ea. Como na vida, cada jornada come\u00e7a pelo desejo de desbravar novos mundos.\u00a0<\/p>\r\n\r\n\r\n\r\n<p>Boa viagem&#8230; E at\u00e9 a pr\u00f3xima volta!<img loading=\"lazy\" decoding=\"async\" class=\"alignnone size-full wp-image-4616\" src=\"https:\/\/cirandadefilmes.com.br\/cirandacirandinha\/wp-content\/uploads\/2019\/05\/Cartografia-Cirandeira.jpg\" alt=\"\" width=\"580\" height=\"430\" srcset=\"https:\/\/cirandadefilmes.com.br\/cirandacirandinha\/wp-content\/uploads\/2019\/05\/Cartografia-Cirandeira.jpg 580w, https:\/\/cirandadefilmes.com.br\/cirandacirandinha\/wp-content\/uploads\/2019\/05\/Cartografia-Cirandeira-300x222.jpg 300w\" sizes=\"auto, (max-width: 580px) 100vw, 580px\" \/><\/p>\r\n\r\n\r\n\r\n\r\n\r\n<p>Para ver essa imagem em tamanho grande, clique\u00a0<a href=\"https:\/\/cirandadefilmes.com.br\/cirandacirandinha\/_img\/_banco_imagens\/Cartografia%20Cirandeira_2.pdf\" target=\"_blank\" rel=\"noreferrer noopener\">aqui<\/a>.<\/p>\r\n\r\n\r\n\r\n<p>Algumas trilhas:<\/p>\r\n\r\n\r\n\r\n<p><strong><u>Inf\u00e2ncia<\/u><\/strong><\/p>\r\n\r\n\r\n\r\n<p>Territ\u00f3rio das experi\u00eancias primeiras, janela de paisagens imensas, foz das sonoridades da vida. Por esta trilha, encontraremos meninas e meninos transgredindo o pr\u00f3prio viver.<\/p>\r\n\r\n\r\n\r\n<p><strong><a href=\"https:\/\/cirandadefilmes.com.br\/cirandacirandinha\/cirandinha\/filme\/241-O-menino,-a-favela-e-as-tampas-de-panela\">O menino, a favela, as tampas da panela<\/a><\/strong><\/p>\r\n\r\n\r\n\r\n<p>Dire\u00e7\u00e3o: Cao Hamburger<\/p>\r\n\r\n\r\n\r\n<p>Ano de produ\u00e7\u00e3o: 1995<\/p>\r\n\r\n\r\n\r\n<p>Dura\u00e7\u00e3o: 5 min<\/p>\r\n\r\n\r\n\r\n<p>G\u00eanero: fic\u00e7\u00e3o<\/p>\r\n\r\n\r\n\r\n<p>Sinopse: As perip\u00e9cias do garoto Zez\u00e9 para conseguir algumas tampas de panela com o objetivo de tocar na banda com seus amigos. Epis\u00f3dio brasileiro da s\u00e9rie Abra porta, cada epis\u00f3dio mostrava a rotina de um pa\u00eds.<\/p>\r\n\r\n\r\n\r\n<p><strong><em>A cidade e a inf\u00e2ncia<\/em><\/strong><\/p>\r\n\r\n\r\n\r\n<p>Autor: Jos\u00e9 Luandino Vieira<\/p>\r\n\r\n\r\n\r\n<p>Editora: Companhia das Letras<\/p>\r\n\r\n\r\n\r\n<p>Ano: 2007<\/p>\r\n\r\n\r\n\r\n<p>N\u00famero de p\u00e1ginas: 136<\/p>\r\n\r\n\r\n\r\n<p>Sinopse: Os contos anunciam a paisagem urbana e o contexto de pobreza e marginalidade de Luanda, a oralidade pronunciada da narrativa, o conv\u00edvio e a tens\u00e3o entre negros, brancos e mulatos e a cr\u00edtica da moderniza\u00e7\u00e3o excludente presentes na obra do autor.<\/p>\r\n\r\n\r\n\r\n<p><strong><em>Fala de bicho, fala de gente &#8211; Cantigas de ninar do povo Juruna<\/em><\/strong><\/p>\r\n\r\n\r\n\r\n<p>Autor: Cristina Martins Fargetti<\/p>\r\n\r\n\r\n\r\n<p>Editora: Edi\u00e7\u00f5es Sesc<\/p>\r\n\r\n\r\n\r\n<p>Ano: 2017<\/p>\r\n\r\n\r\n\r\n<p>N\u00famero de p\u00e1ginas: 304<\/p>\r\n\r\n\r\n\r\n<p>Sinopse: O livro \u00e9 fruto de uma pesquisa in\u00e9dita sobre o povo tupi da fam\u00edlia juruna, feita pela linguista e musicista Cristina Martins Fargetti, em parceria com a compositora, cantora e pesquisadora da cultura ind\u00edgena brasileira Marlui Miranda.<\/p>\r\n\r\n\r\n\r\n<p><strong><a href=\"https:\/\/cirandadefilmes.com.br\/cirandacirandinha\/cirandinha\/filme\/243-Pare-Olhe-Escute\">Pare Olhe Escute<\/a><\/strong><\/p>\r\n\r\n\r\n\r\n<p>Dire\u00e7\u00e3o: K\u00e1tia Lund<\/p>\r\n\r\n\r\n\r\n<p>Ano de produ\u00e7\u00e3o: 2013<\/p>\r\n\r\n\r\n\r\n<p>Dura\u00e7\u00e3o: 52 min<\/p>\r\n\r\n\r\n\r\n<p>G\u00eanero: document\u00e1rio<\/p>\r\n\r\n\r\n\r\n<p>Sinopse: A m\u00fasica invadiu as ruas e vielas e entrou pela janela das casas, dando cor e melodia a uma rotina, outrora t\u00e3o opaca, na pequena cidade de Barra Mansa, interior do Rio de Janeiro. Desde que se iniciou o projeto M\u00fasica nas escolas, promovido pela prefeitura da cidade, Barra Mansa nunca mais foi a mesma. Dirigido por K\u00e1tia Lund e produzido por La\u00eds Bodanzky e Luiz Bolognesi, o filme Pare Olhe Escute mostra, com sensibilidade, a rotina de jovens m\u00fasicos ao realizarem o sonho de sair em turn\u00ea com a orquestra da cidade, acompanhada da pianista Simone Leit\u00e3o, pelas principais salas de m\u00fasica do pa\u00eds.<\/p>\r\n\r\n\r\n\r\n<p><strong><em>Villa-Lobos e os brinquedos de roda<\/em><\/strong><\/p>\r\n\r\n\r\n\r\n<p>Int\u00e9rprete: Grupo de Percuss\u00e3o da UFMG e Coral Infantil da Funda\u00e7\u00e3o Cl\u00f3vis Salgado<\/p>\r\n\r\n\r\n\r\n<p>Gravadora: MCD<\/p>\r\n\r\n\r\n\r\n<p>Ano: 2004<\/p>\r\n\r\n\r\n\r\n<p>G\u00eanero: infantil<\/p>\r\n\r\n\r\n\r\n<p>Descri\u00e7\u00e3o: Este \u00e1lbum \u00e9 composto por can\u00e7\u00f5es de brincadeiras infantis, ambientadas para coro infantil a capella, piano e conjunto de instrumentos, desenvolvidas pelo compositor brasileiro Heitor Villa Lobos (1887-1959).<\/p>\r\n\r\n\r\n\r\n<p><strong><em>Tchiribim, tchiribom, cantando pelo mundo<\/em><\/strong><\/p>\r\n\r\n\r\n\r\n<p>Int\u00e9rprete: Fortuna e H\u00e9lio Ziskind<\/p>\r\n\r\n\r\n\r\n<p>Gravadora: Selo Sesc<\/p>\r\n\r\n\r\n\r\n<p>Ano: 2017<\/p>\r\n\r\n\r\n\r\n<p>G\u00eanero: infantil<\/p>\r\n\r\n\r\n\r\n<p>Descri\u00e7\u00e3o: Fortuna traz melodias de v\u00e1rias partes do mundo. As can\u00e7\u00f5es foram pesquisadas e selecionadas para conduzir uma viagem musical pelo mundo sob a \u00f3tica das crian\u00e7as de lugares como Nova Zel\u00e2ndia, China, It\u00e1lia, Senegal, Egito, Israel, Fran\u00e7a, M\u00e9xico, Mediterr\u00e2neo, Jap\u00e3o e Rom\u00eania.<\/p>\r\n\r\n\r\n\r\n<p><strong><em>O dom da inf\u00e2ncia: mem\u00f3rias de um garoto africano<\/em><\/strong><\/p>\r\n\r\n\r\n\r\n<p>Autor: Baba Wagu\u00e9 Diakit\u00e9<\/p>\r\n\r\n\r\n\r\n<p>Editora: SM<\/p>\r\n\r\n\r\n\r\n<p>Ano: 2012<\/p>\r\n\r\n\r\n\r\n<p>N\u00famero de p\u00e1ginas: 144<\/p>\r\n\r\n\r\n\r\n<p>Sinopse: Um envolvente tributo aos povos, costumes e culturas africanas. S\u00e3o as mem\u00f3rias ilustradas do artista Baba Wagu\u00e9 Diakit\u00e9, que cresceu em uma pequena aldeia no Mali, criado pelos av\u00f3s.<\/p>\r\n\r\n\r\n\r\n<p><strong><a href=\"https:\/\/cirandadefilmes.com.br\/cirandacirandinha\/cirandinha\/filme\/281-Viva-ndash-A-vida-e-uma-festa\">Viva &#8211; A vida \u00e9 uma festa<\/a><\/strong><\/p>\r\n\r\n\r\n\r\n<p>Dire\u00e7\u00e3o: Lee Unkrich<\/p>\r\n\r\n\r\n\r\n<p>Ano de produ\u00e7\u00e3o: 2018<\/p>\r\n\r\n\r\n\r\n<p>Dura\u00e7\u00e3o: 105 min<\/p>\r\n\r\n\r\n\r\n<p>G\u00eanero: anima\u00e7\u00e3o<\/p>\r\n\r\n\r\n\r\n<p>Sinopse: Apesar da m\u00fasica ter sido banida h\u00e1 gera\u00e7\u00f5es em sua fam\u00edlia, Miguel sonha em se tornar um grande m\u00fasico como seu \u00eddolo, Ernesto de la Cruz. Desesperado para provar o seu talento, Miguel se v\u00ea no deslumbrante e pitoresco Mundo dos Mortos seguindo uma misteriosa sequ\u00eancia de eventos. Ao longo do caminho, ele conhece o trapaceiro encantador Hector, e juntos eles partem em uma jornada extraordin\u00e1ria para descobrir a verdade por tr\u00e1s da hist\u00f3ria da fam\u00edlia de Miguel.<\/p>\r\n\r\n\r\n\r\n<p><strong><u>Mestres<\/u><\/strong><\/p>\r\n\r\n\r\n\r\n<p>Aqueles e aquelas que nos inspiram (cri)a\u00e7\u00f5es caminham por estas esta\u00e7\u00f5es. S\u00e3o mestres e mestras dos cantares, fazeres, brincares e tamb\u00e9m viveres. Escolha sua parada.<\/p>\r\n\r\n\r\n\r\n<p><strong><a href=\"https:\/\/cirandadefilmes.com.br\/cirandacirandinha\/cirandinha\/filme\/272-Violeta-foi-para-o-ceu\">Violeta foi para o c\u00e9u<\/a><\/strong><\/p>\r\n\r\n\r\n\r\n<p>Dire\u00e7\u00e3o: Andres Wood<\/p>\r\n\r\n\r\n\r\n<p>Ano de produ\u00e7\u00e3o: 2011<\/p>\r\n\r\n\r\n\r\n<p>Dura\u00e7\u00e3o: 110 min<\/p>\r\n\r\n\r\n\r\n<p>G\u00eanero: fic\u00e7\u00e3o<\/p>\r\n\r\n\r\n\r\n<p>Sinopse: Violeta foi para o c\u00e9u conta a hist\u00f3ria de uma famosa cantora e folclorista chilena, Violeta Parra, preenchida com seu trabalho musical, suas mem\u00f3rias, seus amores e esperan\u00e7as. O filme tra\u00e7a sua evolu\u00e7\u00e3o, da inf\u00e2ncia humilde at\u00e9 transformar-se em sensa\u00e7\u00e3o internacional e hero\u00edna nacional, com a intensidade de suas contradi\u00e7\u00f5es internas, falhas e paix\u00f5es.\u00a0<\/p>\r\n\r\n\r\n\r\n<p><strong><em>Meninas de Sinh\u00e1<\/em><\/strong><\/p>\r\n\r\n\r\n\r\n<p>Endere\u00e7o eletr\u00f4nico:\u00a0<a href=\"http:\/\/meninasdesinha.org.br\/\" target=\"_blank\" rel=\"noreferrer noopener\">meninasdesinha.org.br<\/a><\/p>\r\n\r\n\r\n\r\n<p>Descri\u00e7\u00e3o: Formado por mulheres do bairro Alto Vera Cruz, o grupo \u00e9 conhecido culturalmente e por seu compromisso social na periferia de Belo Horizonte (MG). Surge em 1989, do desejo de compartilhar experi\u00eancias e elevar a autoestima.<\/p>\r\n\r\n\r\n\r\n<p><strong><em>Miss\u00e3o de pesquisas folcl\u00f3ricas de M\u00e1rio de Andrade<\/em><\/strong><\/p>\r\n\r\n\r\n\r\n<p>Int\u00e9rprete: V\u00e1rios artistas<\/p>\r\n\r\n\r\n\r\n<p>Gravadora: Sesc<\/p>\r\n\r\n\r\n\r\n<p>Ano: 2006<\/p>\r\n\r\n\r\n\r\n<p>G\u00eanero: m\u00fasica brasileira regional<\/p>\r\n\r\n\r\n\r\n<p>Descri\u00e7\u00e3o: M\u00e1rio de Andrade tamb\u00e9m foi pesquisador. Viajou o Norte e o Nordeste brasileiros na d\u00e9cada de 1920 e assumiu o Departamento de Cultura de S\u00e3o Paulo na d\u00e9cada de 1930, quando catalogou m\u00fasicas, dan\u00e7as e outras manifesta\u00e7\u00f5es culturais de diversos estados. Aqui est\u00e3o alguns desses registros que o inspiraram na escrita de Macuna\u00edma.<\/p>\r\n\r\n\r\n\r\n<p><strong><a href=\"https:\/\/cirandadefilmes.com.br\/cirandacirandinha\/cirandinha\/filme\/279-Dominguinhos\">Dominguinhos<\/a><\/strong><\/p>\r\n\r\n\r\n\r\n<p>Dire\u00e7\u00e3o: Joaquim Castro, Eduardo Nazarian e Mariana Aydar<\/p>\r\n\r\n\r\n\r\n<p>Ano de produ\u00e7\u00e3o: 2017<\/p>\r\n\r\n\r\n\r\n<p>Dura\u00e7\u00e3o: 88 min<\/p>\r\n\r\n\r\n\r\n<p>G\u00eanero: document\u00e1rio<\/p>\r\n\r\n\r\n\r\n<p>Sinopse: Um retrato do sanfoneiro, cantor e compositor Dominguinhos (1941 \u2013 2013), disc\u00edpulo de Luiz Gonzaga e autor de sucessos como \u201cEu s\u00f3 quero um xod\u00f3\u201d, \u201cGostoso demais\u201d, \u201cDe volta pro aconchego\u201d e \u201cLamento sertanejo\u201d. Sua obra revive em imagens de arquivo, contando uma hist\u00f3ria que se multiplica em sons, versos e beleza.\u00a0<\/p>\r\n\r\n\r\n\r\n<p><strong><em>Cantos de trabalho<\/em><\/strong><\/p>\r\n\r\n\r\n\r\n<p>Int\u00e9rprete: Cia. Cabelo de Maria<\/p>\r\n\r\n\r\n\r\n<p>Gravadora: Sesc-SP<\/p>\r\n\r\n\r\n\r\n<p>Ano: 2007<\/p>\r\n\r\n\r\n\r\n<p>G\u00eanero: m\u00fasica popular<\/p>\r\n\r\n\r\n\r\n<p>Descri\u00e7\u00e3o: Can\u00e7\u00f5es registradas por Renata Mattar, que pesquisa h\u00e1 mais de dez anos comunidades que ainda trabalham em mutir\u00e3o e utilizam a m\u00fasica na lida. Entre outras, s\u00e3o cantigas vindas das destaladeiras de fumo de Arapiraca (AL), das descascadeiras de mandioca de Porto Real do Col\u00e9gio (AL), das plantadeiras de arroz de Propri\u00e1 (SE) e da colheita de cacau de Xique-Xique (BA).<\/p>\r\n\r\n\r\n\r\n<p><strong><em>Casa Mestre Ananias<\/em><\/strong><\/p>\r\n\r\n\r\n\r\n<p>Endere\u00e7o: Rua Conselheiro Ramalho, 939, Bixiga, S\u00e3o Paulo<\/p>\r\n\r\n\r\n\r\n<p>Descri\u00e7\u00e3o: Espa\u00e7o de viv\u00eancia, transmiss\u00e3o oral e difus\u00e3o de tradi\u00e7\u00f5es populares afro-brasileiras, com foco nas express\u00f5es da cultura baiana desenvolvidas na capital paulistana, por meio da capoeira tradicional e do samba de roda.<\/p>\r\n\r\n\r\n\r\n<p><strong><a href=\"https:\/\/cirandadefilmes.com.br\/cirandacirandinha\/cirandinha\/filme\/242-Papageno\">Papageno<\/a><\/strong><\/p>\r\n\r\n\r\n\r\n<p>Dire\u00e7\u00e3o: Lotte Reiniger<\/p>\r\n\r\n\r\n\r\n<p>Ano de produ\u00e7\u00e3o: 1935<\/p>\r\n\r\n\r\n\r\n<p>Dura\u00e7\u00e3o: 11 min<\/p>\r\n\r\n\r\n\r\n<p>G\u00eanero: anima\u00e7\u00e3o<\/p>\r\n\r\n\r\n\r\n<p>Sinopse: Curta da cineasta berlinense Lotte Reiniger, pioneira da anima\u00e7\u00e3o no mundo. Conta a hist\u00f3ria de Papageno, personagem da \u00f3pera de Mozart \u201cA Flauta M\u00e1gica\u201d, que sonha com uma parceira mas tem dificuldades em encontr\u00e1-la.<\/p>\r\n\r\n\r\n\r\n<p><strong><u>Resist\u00eancia<\/u><\/strong><\/p>\r\n\r\n\r\n\r\n<p>Uma boa dose de teimosia, um bocado de persist\u00eancia. N\u00e3o importa as circunst\u00e2ncias, os personagens das narrativas deste percurso seguem cantando seus sonhos, suas lutas.<\/p>\r\n\r\n\r\n\r\n<p><strong><a href=\"https:\/\/cirandadefilmes.com.br\/cirandacirandinha\/cirandinha\/filme\/260-O-idolo\">O \u00eddolo<\/a><\/strong><\/p>\r\n\r\n\r\n\r\n<p>Dire\u00e7\u00e3o: Hany Abu-Assad<\/p>\r\n\r\n\r\n\r\n<p>Ano de produ\u00e7\u00e3o: 2015<\/p>\r\n\r\n\r\n\r\n<p>Dura\u00e7\u00e3o: 100 min<\/p>\r\n\r\n\r\n\r\n<p>G\u00eanero: fic\u00e7\u00e3o<\/p>\r\n\r\n\r\n\r\n<p>Sinopse: Mohammad \u00e9 um garoto de Gaza que sonha em cantar na \u00d3pera do Cairo para que o mundo ou\u00e7a sua voz. De alguma maneira, consegue escapar da pris\u00e3o que \u00e9 Gaza e chegar at\u00e9 as audi\u00e7\u00f5es em Cairo para o Arab Idol, o programa de talentos mais famoso da regi\u00e3o. Conforme avan\u00e7a para as fases finais da competi\u00e7\u00e3o, deve confrontar seus pr\u00f3prios medos para tomar as r\u00e9deas de seu destino e trazer esperan\u00e7a e felicidade para toda uma regi\u00e3o. A plateia assistir\u00e1 Mohammad passar por uma jornada para mudar de vida. Um drama inspirador baseado na incr\u00edvel hist\u00f3ria real de Mohammad Assaf, vencedor do Arab Idol 2013.\u00a0<\/p>\r\n\r\n\r\n\r\n<p><strong><em>Reza de m\u00e3e<\/em><\/strong><\/p>\r\n\r\n\r\n\r\n<p>Autor: Allan da Rosa<\/p>\r\n\r\n\r\n\r\n<p>Editora: N\u00f3s<\/p>\r\n\r\n\r\n\r\n<p>Ano: 2016<\/p>\r\n\r\n\r\n\r\n<p>N\u00famero de p\u00e1ginas: 104<\/p>\r\n\r\n\r\n\r\n<p>Sinopse: Primeira reuni\u00e3o impressa da produ\u00e7\u00e3o do autor em contos, inaugura tamb\u00e9m uma abordagem lingu\u00edstica e liter\u00e1ria que contempla a dura viv\u00eancia na periferia sob o prisma afro-brasileiro, dos movimentos negros que germinam nas franjas da metr\u00f3pole, que j\u00e1 estabeleceram uma produ\u00e7\u00e3o cultural de in\u00e9dito colorido po\u00e9tico.<\/p>\r\n\r\n\r\n\r\n<p><strong>Cozinha Ocupa\u00e7\u00e3o 9 de julho<\/strong><\/p>\r\n\r\n\r\n\r\n<p>Endere\u00e7o: Rua \u00c1lvaro de Carvalho, 427, Consola\u00e7\u00e3o, S\u00e3o Paulo<\/p>\r\n\r\n\r\n\r\n<p>Descri\u00e7\u00e3o: Tradicional almo\u00e7o mensal de domingo em um pr\u00e9dio abandonado pelo INSS, no centro de S\u00e3o Paulo. Hoje, o espa\u00e7o \u00e9 ocupado pelo Movimento dos Sem Teto do Centro &#8211; MSTC e mais amplamente pela FLM.<\/p>\r\n\r\n\r\n\r\n<p><strong><em>A ci\u00eancia encantada das macumbas<\/em><\/strong><\/p>\r\n\r\n\r\n\r\n<p>Autor: Luiz Antonio Simas e Luiz Rufino<\/p>\r\n\r\n\r\n\r\n<p>Editora: M\u00f3rula Editorial<\/p>\r\n\r\n\r\n\r\n<p>Ano: 2018<\/p>\r\n\r\n\r\n\r\n<p>N\u00famero de p\u00e1ginas: 124<\/p>\r\n\r\n\r\n\r\n<p>Sinopse: Neste conjunto de ensaios, Luiz Antonio Simas e Luiz Rufino prop\u00f5em uma interpreta\u00e7\u00e3o do Brasil a partir do conhecimento acumulado nas religi\u00f5es de matriz afro e em outros saberes populares.<\/p>\r\n\r\n\r\n\r\n<p><strong><a href=\"https:\/\/cirandadefilmes.com.br\/cirandacirandinha\/cirandinha\/filme\/255-Maestrina-da-favela\">Maestrina da favela<\/a><\/strong><\/p>\r\n\r\n\r\n\r\n<p>Dire\u00e7\u00e3o: Falani Afrika<\/p>\r\n\r\n\r\n\r\n<p>Ano de produ\u00e7\u00e3o: 2018<\/p>\r\n\r\n\r\n\r\n<p>Dura\u00e7\u00e3o: 82 min<\/p>\r\n\r\n\r\n\r\n<p>G\u00eanero: document\u00e1rio<\/p>\r\n\r\n\r\n\r\n<p>Sinopse: A vida da maestrina Elem Silva \u00e9 retratada no document\u00e1rio Maestrina da favela, da diretora afroamericana Falani Afrika. O longa traz cenas emocionantes em dez anos de registros cinematogr\u00e1ficos do universo musical e da realidade social de Salvador, a partir da vida da percussionista e maestrina Elem Silva. Elisete &#8220;Elem&#8221; de Jesus da Silva criou a banda Meninos da Rocinha do Pel\u00f4 para retirar crian\u00e7as das ruas do Pelourinho. Nesses 15 anos, ela perdeu a m\u00e3e e alguns membros da banda, mas nunca perdeu o sonho de tornar-se uma maestrina. No filme, Elem conta sobre sua realidade de maneira aut\u00f4noma e extremamente engajada.\u00a0<\/p>\r\n\r\n\r\n\r\n<p><strong><em>Hero\u00ednas negras brasileiras em 15 cord\u00e9is<\/em><\/strong><\/p>\r\n\r\n\r\n\r\n<p>Autor: Jarid Arraes<\/p>\r\n\r\n\r\n\r\n<p>Editora: P\u00f3len<\/p>\r\n\r\n\r\n\r\n<p>Ano: 2017<\/p>\r\n\r\n\r\n\r\n<p>N\u00famero de p\u00e1ginas: 176<\/p>\r\n\r\n\r\n\r\n<p>Sinopse: Jarid Arraes usa a linguagem po\u00e9tica da literatura de cordel para contar a hist\u00f3ria de mulheres brasileiras que fizeram a hist\u00f3ria do Brasil, seu objeto de pesquisa desde 2012.<\/p>\r\n\r\n\r\n\r\n<p><strong><em>Claudia Andujar: No lugar do outro<\/em><\/strong><\/p>\r\n\r\n\r\n\r\n<p>Autor: Claudia Andujar<\/p>\r\n\r\n\r\n\r\n<p>Editora: IMS<\/p>\r\n\r\n\r\n\r\n<p>Ano: 2015<\/p>\r\n\r\n\r\n\r\n<p>N\u00famero de p\u00e1ginas: 256<\/p>\r\n\r\n\r\n\r\n<p>Sinopse: O cat\u00e1logo \u00e9 fruto de dois anos de pesquisa no arquivo da fot\u00f3grafa Claudia Andujar, dedicado ao per\u00edodo que se estende da chegada da fot\u00f3grafa em S\u00e3o Paulo, em 1955, at\u00e9 as primeiras viagens para a Amaz\u00f4nia, no come\u00e7o dos anos 1970. Foi lan\u00e7ado em 2015 a prop\u00f3sito da exposi\u00e7\u00e3o Claudia Andujar: no lugar do outro, no IMS Rio.<\/p>\r\n\r\n\r\n\r\n<p><strong>Marie Ange Bordas<\/strong><\/p>\r\n\r\n\r\n\r\n<p>Endere\u00e7o eletr\u00f4nico:\u00a0<a href=\"http:\/\/marieangebordas.com\/\" target=\"_blank\" rel=\"noreferrer noopener\">marieangebordas.com<\/a><\/p>\r\n\r\n\r\n\r\n<p>Descri\u00e7\u00e3o: Site da artista Marie Ange Bordas, que realiza projetos colaborativos desde 2000. Esses trabalhos a levaram a morar na \u00c1frica do Sul, no Qu\u00eania, no Sri Lanka, na Fran\u00e7a e na Inglaterra, e suas exposi\u00e7\u00f5es de arte viajaram pelos cinco continentes.<\/p>\r\n\r\n\r\n\r\n<p><strong><a href=\"https:\/\/cirandadefilmes.com.br\/cirandacirandinha\/cirandinha\/filme\/231-Joao,-o-galo-desregulado\">Jo\u00e3o, o galo desregulado<\/a><\/strong><\/p>\r\n\r\n\r\n\r\n<p>Dire\u00e7\u00e3o: Camila Carrossine e Al\u00ea Camargo<\/p>\r\n\r\n\r\n\r\n<p>Ano de produ\u00e7\u00e3o: 2013<\/p>\r\n\r\n\r\n\r\n<p>Dura\u00e7\u00e3o: 10 min<\/p>\r\n\r\n\r\n\r\n<p>G\u00eanero: anima\u00e7\u00e3o<\/p>\r\n\r\n\r\n\r\n<p>Sinopse: Musical que narra a hist\u00f3ria de Jo\u00e3o, um galo com um comportamento at\u00edpico que chegou a ficar famoso por cantar na hora em que bem queria. Foi surpreendido pelas mudan\u00e7as no tempo e por uma inesperada transfer\u00eancia de morada. As pessoas n\u00e3o imaginavam a tristeza que a falta do galo causaria&#8230; Ele acabou sendo lembrado todas as vezes que o vento soprava. Baseado em fatos reais.\u00a0<\/p>\r\n\r\n\r\n\r\n<p><strong><u>Identidade<\/u><\/strong><\/p>\r\n\r\n\r\n\r\n<p>Aqui, em cada parada, o convite \u00e9 mirar ou ouvir um jeito de ser ou estar no mundo. Quem somos? Para onde vamos? S\u00e3o algumas das perguntas para neste caminho percorrer.<\/p>\r\n\r\n\r\n\r\n<p><strong><a href=\"https:\/\/cirandadefilmes.com.br\/cirandacirandinha\/cirandinha\/filme\/226-Fevereiros\">Fevereiros<\/a><\/strong><\/p>\r\n\r\n\r\n\r\n<p>Dire\u00e7\u00e3o: Marcio Debellian<\/p>\r\n\r\n\r\n\r\n<p>Ano de produ\u00e7\u00e3o: 2017<\/p>\r\n\r\n\r\n\r\n<p>Dura\u00e7\u00e3o: 75 min<\/p>\r\n\r\n\r\n\r\n<p>G\u00eanero: document\u00e1rio<\/p>\r\n\r\n\r\n\r\n<p>Sinopse: A partir do vitorioso carnaval da Mangueira em homenagem a Maria Beth\u00e2nia, o filme percorre uma viagem entre Rio e Bahia, acompanhando a cantora no universo familiar, festivo e religioso que inspirou o enredo.\u00a0<\/p>\r\n\r\n\r\n\r\n<p><strong>Instituto Brincante<\/strong><\/p>\r\n\r\n\r\n\r\n<p>Endere\u00e7o: Rua Purpurina, 412, Vila Madalena, S\u00e3o Paulo<\/p>\r\n\r\n\r\n\r\n<p>Descri\u00e7\u00e3o: O Instituto Brincante \u00e9 um espa\u00e7o de conhecimento, assimila\u00e7\u00e3o e recria\u00e7\u00e3o das in\u00fameras manifesta\u00e7\u00f5es art\u00edsticas do pa\u00eds, que celebra a riqueza da cultura nacional e a import\u00e2ncia da sua diversidade. Tem como foco a pesquisa e reelabora\u00e7\u00e3o da cultura brasileira. Novos valores, novas maneiras de construir saberes e proporcionar ao indiv\u00edduo um outro modo de pensar as rela\u00e7\u00f5es na sociedade contempor\u00e2nea.<\/p>\r\n\r\n\r\n\r\n<p><strong>Festa do boi no Morro do Querosene<\/strong><\/p>\r\n\r\n\r\n\r\n<p>Endere\u00e7o: Morro do Querosene, Butant\u00e3, S\u00e3o Paulo<\/p>\r\n\r\n\r\n\r\n<p>Descri\u00e7\u00e3o: Comandada por Ti\u00e3o Carvalho e o Grupo Cupua\u00e7u, a tradicional festa de rua do bumba-meu-boi acontece h\u00e1 mais de 20 anos. \u00c9 comemorada todo ano, tr\u00eas vezes ao ano: em abril h\u00e1 o nascimento do boi, em junho o batizado e em novembro a morte.<\/p>\r\n\r\n\r\n\r\n<p><strong>Amaz\u00f4nia resiste<\/strong><\/p>\r\n\r\n\r\n\r\n<p>Endere\u00e7o eletr\u00f4nico:\u00a0<a href=\"https:\/\/cirandadefilmes.com.br\/cirandacirandinha\/cirandinha\/olhar\/apublica.org\/especial\/amazonia-resiste\/\" target=\"_blank\" rel=\"noreferrer noopener\">apublica.org\/especial\/amazonia-resiste\/<\/a><\/p>\r\n\r\n\r\n\r\n<p>Descri\u00e7\u00e3o: O projeto Amaz\u00f4nia Resiste \u00e9 uma ampla investiga\u00e7\u00e3o jornal\u00edstica da Ag\u00eancia P\u00fablica sobre a resist\u00eancia ind\u00edgena em v\u00e1rios pontos da maior floresta tropical do mundo.<\/p>\r\n\r\n\r\n\r\n<p><strong><a href=\"https:\/\/cirandadefilmes.com.br\/cirandacirandinha\/cirandinha\/filme\/275-Amazonia-groove\">Amaz\u00f4nia groove<\/a><\/strong><\/p>\r\n\r\n\r\n\r\n<p>Dire\u00e7\u00e3o: Bruno Murtinho<\/p>\r\n\r\n\r\n\r\n<p>Ano de produ\u00e7\u00e3o: 2018<\/p>\r\n\r\n\r\n\r\n<p>Dura\u00e7\u00e3o: 84 min<\/p>\r\n\r\n\r\n\r\n<p>G\u00eanero: document\u00e1rio<\/p>\r\n\r\n\r\n\r\n<p>Sinopse: Cruzando a Amaz\u00f4nia paraense, Amaz\u00f4nia Groove revela artistas e tradi\u00e7\u00f5es musicais que pulsam numa regi\u00e3o pouco conhecida pelos pr\u00f3prios brasileiros. As extraordin\u00e1rias vidas dos protagonistas e a intang\u00edvel for\u00e7a do lugar est\u00e3o em cada fotograma do filme. Tal for\u00e7a, fruto de antigas culturas, faz emanar uma sonoridade \u00fanica, diferente de tudo que a maioria de n\u00f3s j\u00e1 experimentou nos cinemas. A partir de seus artistas, o filme d\u00e1 voz a uma parte fundamental do Planeta Terra, estendendo o olhar do Brasil e do mundo para uma quase desconhecida tradi\u00e7\u00e3o musical que tanto tem a nos revelar.\u00a0<\/p>\r\n\r\n\r\n\r\n<p><strong>Mapeando afetivamente a foz do rio Doce<\/strong><\/p>\r\n\r\n\r\n\r\n<p>Endere\u00e7o eletr\u00f4nico:\u00a0<a href=\"https:\/\/cirandadefilmes.com.br\/cirandacirandinha\/cirandinha\/olhar\/www.cartografiadafoz.com\" target=\"_blank\" rel=\"noreferrer noopener\">www.cartografiadafoz.com<\/a><\/p>\r\n\r\n\r\n\r\n<p>Descri\u00e7\u00e3o: Projeto que registra uma rede de conex\u00e3o entre territ\u00f3rios, saberes, afetos, tradi\u00e7\u00e3o e identidades na foz do rio Doce. Um mergulho nessas \u00e1guas, buscando neste percurso mem\u00f3rias, tradi\u00e7\u00f5es, as pr\u00e1ticas e os afetos que ligam a popula\u00e7\u00e3o capixaba ao Doce.<\/p>\r\n\r\n\r\n\r\n<p><strong>Feira Kantuta<\/strong><\/p>\r\n\r\n\r\n\r\n<p>Endere\u00e7o: Pra\u00e7a Kantuta, s\/n, Canind\u00e9, S\u00e3o Paulo<\/p>\r\n\r\n\r\n\r\n<p>Descri\u00e7\u00e3o: A feira da Kantuta acontece todos os domingos em S\u00e3o Paulo, quando mais de 90 barracas trazem a cultura e os sabores bolivianos para a cidade.<\/p>\r\n\r\n\r\n\r\n<p><strong>Projeto Humanae, de Ang\u00e9lica Dass<\/strong><\/p>\r\n\r\n\r\n\r\n<p>Endere\u00e7o eletr\u00f4nico:\u00a0<a href=\"https:\/\/cirandadefilmes.com.br\/cirandacirandinha\/cirandinha\/olhar\/angelicadass.com\/humanae-project\" target=\"_blank\" rel=\"noreferrer noopener\">angelicadass.com\/humanae-project<\/a><\/p>\r\n\r\n\r\n\r\n<p>Descri\u00e7\u00e3o: Humanae \u00e9 um projeto fotogr\u00e1fico que pretende coletar um alcance crom\u00e1tico das diferentes cores de pele humanas. A taxonomia adota o formato do Guia PANTONE\u00ae.<\/p>\r\n\r\n\r\n\r\n<p><strong><a href=\"https:\/\/cirandadefilmes.com.br\/cirandacirandinha\/cirandinha\/filme\/289-Mare-capoeira\">Mar\u00e9 capoeira<\/a><\/strong><\/p>\r\n\r\n\r\n\r\n<p>Dire\u00e7\u00e3o: Paola Barreto<\/p>\r\n\r\n\r\n\r\n<p>Ano de produ\u00e7\u00e3o: 2005<\/p>\r\n\r\n\r\n\r\n<p>Dura\u00e7\u00e3o: 14 min<\/p>\r\n\r\n\r\n\r\n<p>G\u00eanero: fic\u00e7\u00e3o<\/p>\r\n\r\n\r\n\r\n<p>Sinopse: Mar\u00e9 \u00e9 o apelido de Jo\u00e3o, um menino de 10 anos que sonha em ser mestre de capoeira como seu pai, dando continuidade a uma tradi\u00e7\u00e3o familiar que atravessa v\u00e1rias gera\u00e7\u00f5es. O curta mistura fic\u00e7\u00e3o e document\u00e1rio para contar uma pequena hist\u00f3ria de amor e guerra.\u00a0<\/p>\r\n\r\n\r\n\r\n<p><strong><u>Natureza<\/u><\/strong><\/p>\r\n\r\n\r\n\r\n<p>As trilhas da natureza nos levam a atalhos da interioridade. Ou seja, o que muitas das esta\u00e7\u00f5es daqui nos sinalizam \u00e9 que procurar esses territ\u00f3rios \u00e9 encontrar-se na ess\u00eancia.<\/p>\r\n\r\n\r\n\r\n<p><strong><a href=\"https:\/\/cirandadefilmes.com.br\/cirandacirandinha\/cirandinha\/filme\/298-Meus-oito-anos\">Meus oito anos<\/a><\/strong><\/p>\r\n\r\n\r\n\r\n<p>Dire\u00e7\u00e3o: Humberto Mauro<\/p>\r\n\r\n\r\n\r\n<p>Ano de produ\u00e7\u00e3o: 1956<\/p>\r\n\r\n\r\n\r\n<p>Dura\u00e7\u00e3o: 11 min<\/p>\r\n\r\n\r\n\r\n<p>G\u00eanero: fic\u00e7\u00e3o<\/p>\r\n\r\n\r\n\r\n<p>Sinopse: Ao som do poema musicado de Casimiro de Abreu, um homem rememora com nostalgia os tempos de crian\u00e7a: a vida no campo, a captura de passarinhos, o jogo de bolas de gude com os colegas, as brincadeiras com arco e perna de pau. Recorda-se tamb\u00e9m dos banhos de cachoeira, da pescaria, da companhia de uma menina, da ida \u00e0 missa, da colheita de frutas (jabuticabas e pitangas) e do balan\u00e7o na rede ao luar. E lembra-se da praia, das ondas do mar e do c\u00e9u nublado de sua inf\u00e2ncia.<\/p>\r\n\r\n\r\n\r\n<p><strong>GPS da natureza<\/strong><\/p>\r\n\r\n\r\n\r\n<p>Endere\u00e7o eletr\u00f4nico: criancaenatureza.org.br\/gps-da-natureza\/login<\/p>\r\n\r\n\r\n\r\n<p>Descri\u00e7\u00e3o: O GPS da Natureza traz sugest\u00f5es de locais ao ar livre para visitar e atividades, em fun\u00e7\u00e3o do seu tempo dispon\u00edvel, de quem est\u00e1 no seu grupo, do clima, e de onde voc\u00ea est\u00e1.<\/p>\r\n\r\n\r\n\r\n<p><strong><em>H\u00e1 prendizajens com o x\u00e3o (o segredo h\u00famido da lesma &amp; outras descoisas)<\/em><\/strong><\/p>\r\n\r\n\r\n\r\n<p>Autor: Ondjaki<\/p>\r\n\r\n\r\n\r\n<p>Editora: Pallas<\/p>\r\n\r\n\r\n\r\n<p>Ano: 2011<\/p>\r\n\r\n\r\n\r\n<p>N\u00famero de p\u00e1ginas: 72<\/p>\r\n\r\n\r\n\r\n<p>Sinopse: Livro de poemas de Ondjaki, mais conhecido no Brasil como prosador. Oferece uma escrita que contr\u00f3i (ou desconstr\u00f3i) com muita intimidade cada palavra, cada verso, \u00e0 sombra das \u00e1rvores, pela alma das gaivotas, perto de um cardume de tardes. Ou do ch\u00e3o.<\/p>\r\n\r\n\r\n\r\n<p><strong><em>Maquina\u00e7\u00e3o do mundo &#8211; Drummond e a mineira\u00e7\u00e3o<\/em><\/strong><\/p>\r\n\r\n\r\n\r\n<p>Autor: Jos\u00e9 Miguel Wisnik<\/p>\r\n\r\n\r\n\r\n<p>Editora: Companhia das Letras<\/p>\r\n\r\n\r\n\r\n<p>Ano: 2018<\/p>\r\n\r\n\r\n\r\n<p>N\u00famero de p\u00e1ginas: 328<\/p>\r\n\r\n\r\n\r\n<p>Sinopse: O pesquisador Jos\u00e9 Miguel Wisnik viaja a Itabira, a cidade natal de Drummond, e percebe tra\u00e7os do passado que levaram \u00e0 elabora\u00e7\u00e3o do poema Maquina\u00e7\u00e3o do mundo, como a atividade mineradora.<\/p>\r\n\r\n\r\n\r\n<p><strong><a href=\"https:\/\/cirandadefilmes.com.br\/cirandacirandinha\/cirandinha\/filme\/273-Orquestra-da-natureza-sons-do-nosso-planeta-em-transformacao\">Orquestra da natureza: sons do nosso planeta em transforma\u00e7\u00e3o<\/a><\/strong><\/p>\r\n\r\n\r\n\r\n<p>Dire\u00e7\u00e3o: Robert Hillman<\/p>\r\n\r\n\r\n\r\n<p>Ano de produ\u00e7\u00e3o: 2016<\/p>\r\n\r\n\r\n\r\n<p>Dura\u00e7\u00e3o: 24 min<\/p>\r\n\r\n\r\n\r\n<p>G\u00eanero: document\u00e1rio<\/p>\r\n\r\n\r\n\r\n<p>Sinopse: Viajando ao redor do planeta para todos os continentes desde o fim dos anos 60, o reconhecido m\u00fasico ecologista sonoro dr. Bernie Krause gravou mais de 15.000 esp\u00e9cies marinhas e terrestres. O filme acompanha Bernie Krause numa expedi\u00e7\u00e3o no Arctic National Wildlife Refuge, oferecendo um casamento \u00fanico de ci\u00eancia e arte. O trabalho de Krause demonstra que as origens da m\u00fasica est\u00e3o nos lugares mais selvagens do mundo, e que a natureza fornece sons que s\u00e3o uma importante conex\u00e3o com o mundo natural, assim como com o nosso \u00edntimo.<\/p>\r\n\r\n\r\n\r\n<p><strong>Wild sanctuary<\/strong><\/p>\r\n\r\n\r\n\r\n<p>Endere\u00e7o eletr\u00f4nico:\u00a0<a href=\"https:\/\/cirandadefilmes.com.br\/cirandacirandinha\/cirandinha\/olhar\/wildsanctuary.com\" target=\"_blank\" rel=\"noreferrer noopener\">wildsanctuary.com<\/a><\/p>\r\n\r\n\r\n\r\n<p>Descri\u00e7\u00e3o: Desde 1968, Wild Sanctuary viaja pelo mundo para gravar, arquivar pesquisar e expressar a voz do mundo natural &#8211; sua paisagem sonora.<\/p>\r\n\r\n\r\n\r\n<p><strong><em>Urubu<\/em><\/strong><\/p>\r\n\r\n\r\n\r\n<p>Int\u00e9rprete: Tom Jobim<\/p>\r\n\r\n\r\n\r\n<p>Gravadora: Warner Brothers<\/p>\r\n\r\n\r\n\r\n<p>Ano: 1996<\/p>\r\n\r\n\r\n\r\n<p>G\u00eanero: MPB<\/p>\r\n\r\n\r\n\r\n<p>Descri\u00e7\u00e3o: Urubu foi gravado em Nova York pela banda base formada pelo pr\u00f3prio Tom (piano, Fender Rhodes e vocal), Ron Carter (baixo), Jo\u00e3o Palma (bateria) e Ray Armando (percuss\u00e3o), e grande orquestra com arranjos e reg\u00eancias de Claus Ogerman.<\/p>\r\n\r\n\r\n\r\n<p><strong><em>Can\u00e7\u00f5es praieiras<\/em><\/strong><\/p>\r\n\r\n\r\n\r\n<p>Int\u00e9rprete: Dorival Caymmi<\/p>\r\n\r\n\r\n\r\n<p>Gravadora: Odeon Fonogr\u00e1fica<\/p>\r\n\r\n\r\n\r\n<p>Ano: 1954<\/p>\r\n\r\n\r\n\r\n<p>G\u00eanero: MPB, samba<\/p>\r\n\r\n\r\n\r\n<p>Descri\u00e7\u00e3o: Quando, em 1954, Dorival Caymmi (1914-2008) reuniu em disco suas can\u00e7\u00f5es com tem\u00e1tica praieira e as interpretou somente com a voz e o viol\u00e3o, deu o pontap\u00e9 num estilo de composi\u00e7\u00e3o que influenciou direta ou indiretamente gera\u00e7\u00f5es de m\u00fasicos no Brasil.<\/p>\r\n\r\n\r\n\r\n<p><strong><a href=\"https:\/\/cirandadefilmes.com.br\/cirandacirandinha\/cirandinha\/filme\/217-Being-hear\">Being hear<\/a><\/strong><\/p>\r\n\r\n\r\n\r\n<p>Dire\u00e7\u00e3o: Palmer Morse e Matthew Mikkelsen<\/p>\r\n\r\n\r\n\r\n<p>Ano de produ\u00e7\u00e3o: 2017<\/p>\r\n\r\n\r\n\r\n<p>Dura\u00e7\u00e3o: 10 min<\/p>\r\n\r\n\r\n\r\n<p>G\u00eanero: document\u00e1rio<\/p>\r\n\r\n\r\n\r\n<p>Sinopse: Durante a maior parte de sua vida, Gordon Hempton esteve em busca das paisagens sonoras inumer\u00e1veis e multifacetadas da natureza como um ecologista ac\u00fastico ganhador do Emmy. Durante esse tempo, ele se tornou um mestre de uma habilidade que \u00e9, indiscutivelmente, uma arte que est\u00e1 morrendo: ouvir. Em Being hear, ele compartilha insights sobre as comunica\u00e7\u00f5es constantes e matizadas da natureza, a alarmante extin\u00e7\u00e3o de lugares n\u00e3o afetados pela atividade humana, o modo como a quietude pode abrir nossos olhos para a imagem maior e os benef\u00edcios de simplesmente prestar aten\u00e7\u00e3o ao lugar. O sil\u00eancio, como ele mesmo diz, &#8220;\u00e9 o melhor conselheiro da alma&#8221;.\u00a0<\/p>\r\n\r\n\r\n\r\n<p><strong><u>Cura<\/u><\/strong><\/p>\r\n\r\n\r\n\r\n<p>Ao sintonizar nestas esta\u00e7\u00f5es, descobrimos o poder de cura da m\u00fasica, potente em superar traumas, relembrar o que realmente importa neste caminhar.<\/p>\r\n\r\n\r\n\r\n<p><strong><a href=\"https:\/\/cirandadefilmes.com.br\/cirandacirandinha\/cirandinha\/filme\/216-As-hiper-mulheres\">As hiper mulheres<\/a><\/strong><\/p>\r\n\r\n\r\n\r\n<p>Dire\u00e7\u00e3o: Carlos Fausto, Leonardo Sette e Takum\u00e3 Kuikuro<\/p>\r\n\r\n\r\n\r\n<p>Ano de produ\u00e7\u00e3o: 2012<\/p>\r\n\r\n\r\n\r\n<p>Dura\u00e7\u00e3o: 80 min<\/p>\r\n\r\n\r\n\r\n<p>G\u00eanero: document\u00e1rio<\/p>\r\n\r\n\r\n\r\n<p>Sinopse: O filme conta a hist\u00f3ria de um homem que, temendo a morte da esposa idosa, pede que seu sobrinho realize o Jamurikumalu, o maior ritual feminino do Alto Xingu (MT), para que ela possa cantar mais uma \u00faltima vez. As mulheres do grupo come\u00e7am os ensaios enquanto a \u00fanica cantora que de fato sabe todas as m\u00fasicas se encontra gravemente doente.\u2028\u00a0<\/p>\r\n\r\n\r\n\r\n<p><strong>Casa Jaya<\/strong><\/p>\r\n\r\n\r\n\r\n<p>Descri\u00e7\u00e3o: O espa\u00e7o funciona como um laborat\u00f3rio de experimenta\u00e7\u00e3o, que, a partir de tecnologias sustent\u00e1veis, auxilia no aproveitamento dos recursos locais. Ali, plantas e elementos naturais resgatam o microclima de nossa regi\u00e3o e harmonizam o ambiente \u2013 valorizado por esp\u00e9cies nativas, medicinais e ornamentais.<\/p>\r\n\r\n\r\n\r\n<p>Endere\u00e7o: Rua Capote Valente, 305, Pinheiros, S\u00e3o Paulo<\/p>\r\n\r\n\r\n\r\n<p><strong><em>Fulkax\u00f3s<\/em><\/strong><\/p>\r\n\r\n\r\n\r\n<p>Int\u00e9rprete: Wyan\u00e3 Uia-Th\u00ea Kariri-Xoc\u00f3<\/p>\r\n\r\n\r\n\r\n<p>Gravadora: Cip\u00f3 Records<\/p>\r\n\r\n\r\n\r\n<p>Ano:<\/p>\r\n\r\n\r\n\r\n<p>G\u00eanero: tor\u00e9<\/p>\r\n\r\n\r\n\r\n<p>Descri\u00e7\u00e3o: A m\u00fasica de Wyan\u00e3 Uia-Th\u00ea Kariri Xoc\u00f3, nascido na Aldeia Kariri Xoc\u00f3 em Porto Real do Col\u00e9gio, Alagoas. Aos 26 anos de idade, come\u00e7ou a fazer seus pr\u00f3prios cantos sempre com o despertar da maraca, instrumento sagrado e muito usado nas cerim\u00f4nias.<\/p>\r\n\r\n\r\n\r\n<p><strong><a href=\"https:\/\/cirandadefilmes.com.br\/cirandacirandinha\/cirandinha\/filme\/212-Vivo-por-dentro-uma-historia-de-musica-e-memoria\">Vivo por dentro: uma hist\u00f3ria de m\u00fasica e mem\u00f3ria<\/a><\/strong><\/p>\r\n\r\n\r\n\r\n<p>Dire\u00e7\u00e3o: Michael Rossato-Bennett<\/p>\r\n\r\n\r\n\r\n<p>Ano de produ\u00e7\u00e3o: 2014<\/p>\r\n\r\n\r\n\r\n<p>Dura\u00e7\u00e3o: 78 min<\/p>\r\n\r\n\r\n\r\n<p>G\u00eanero: document\u00e1rio<\/p>\r\n\r\n\r\n\r\n<p>Sinopse: Por meio de sua organiza\u00e7\u00e3o sem fins lucrativos M\u00fasica e Mem\u00f3ria, Dan Cohen defende o uso da terapia com m\u00fasica para pacientes com dem\u00eancia.<\/p>\r\n\r\n\r\n\r\n<p><strong>Escrita curativa, de Geruza Zelnys<\/strong><\/p>\r\n\r\n\r\n\r\n<p>Descri\u00e7\u00e3o: Criada por Geruza Zelnys em 2014, conjuga a escrita criativa ao seu potencial terap\u00eautico por meio de um m\u00e9todo autopoi\u00e9tico. O curso \u00e9 baseado em nove encontros que acontecer\u00e3o \u00e0s ter\u00e7as-feiras, de agosto a outubro de 2019, com turmas no per\u00edodo da tarde (das 14h30 \u00e0s 17h) e da noite (das 19h30 \u00e0s 22h). As vagas s\u00e3o limitadas e h\u00e1 possibilidade de abertura de outras turmas em outros dias da semana. Telefone para contato (11) 98655-6522 e nas redes sociais (Geruza Zelnys, Facebook e Instagram).<\/p>\r\n\r\n\r\n\r\n<p><strong>H\u00edbridos<\/strong><\/p>\r\n\r\n\r\n\r\n<p>Endere\u00e7o eletr\u00f4nico:\u00a0<a href=\"https:\/\/cirandadefilmes.com.br\/cirandacirandinha\/cirandinha\/olhar\/www.hibridos.cc\" target=\"_blank\" rel=\"noreferrer noopener\">www.hibridos.cc<\/a><\/p>\r\n\r\n\r\n\r\n<p>Descri\u00e7\u00e3o: O que, a princ\u00edpio, seria um \u00fanico filme sobre alguns rituais brasileiros acabou evoluindo para uma cole\u00e7\u00e3o de mais de 100 filmes sobre os rituais espirituais da Am\u00e9rica Latina.<\/p>\r\n\r\n\r\n\r\n<p><strong><a href=\"https:\/\/cirandadefilmes.com.br\/cirandacirandinha\/cirandinha\/filme\/244-Palavras-ao-vento\">Palavras ao vento<\/a><\/strong><\/p>\r\n\r\n\r\n\r\n<p>Dire\u00e7\u00e3o: Sylvain Vincedeau<\/p>\r\n\r\n\r\n\r\n<p>Ano de produ\u00e7\u00e3o: 1995<\/p>\r\n\r\n\r\n\r\n<p>Dura\u00e7\u00e3o: 7 min<\/p>\r\n\r\n\r\n\r\n<p>G\u00eanero: anima\u00e7\u00e3o<\/p>\r\n\r\n\r\n\r\n<p>Sinopse: Certa manh\u00e3, um jovem acorda, levanta e se veste. Ao beber seu ch\u00e1 na janela da cozinha, v\u00ea a vizinha em frente chorando. Tocado por essa tristeza, decide fazer alguma coisa. Em uma folha escreve uma palavra, dobra o papel em forma de avi\u00e3o e o lan\u00e7a no ar.<\/p>\r\n\r\n\r\n\r\n<p><strong><u>Escuta<\/u><\/strong><\/p>\r\n\r\n\r\n\r\n<p>Escutar o mundo, escutar a n\u00f3s mesmos, escutar o outro, escutar a inf\u00e2ncia. Ser escutado. Nesta caminhada, cada parada pede que estejamos com todos os sentidos em alerta.<\/p>\r\n\r\n\r\n\r\n<p><strong><a href=\"https:\/\/cirandadefilmes.com.br\/cirandacirandinha\/cirandinha\/filme\/236-Todos-juntos\">Todos juntos<\/a><\/strong><\/p>\r\n\r\n\r\n\r\n<p>Dire\u00e7\u00e3o: Krist\u00f3f De\u00e1k<\/p>\r\n\r\n\r\n\r\n<p>Ano de produ\u00e7\u00e3o: 2015<\/p>\r\n\r\n\r\n\r\n<p>Dura\u00e7\u00e3o: 25 min<\/p>\r\n\r\n\r\n\r\n<p>G\u00eanero: fic\u00e7\u00e3o<\/p>\r\n\r\n\r\n\r\n<p>Sinopse: Ambientado em 1991, segue a hist\u00f3ria de uma menina que se muda para uma nova escola prim\u00e1ria e logo se torna membro do coro premiado da institui\u00e7\u00e3o.<\/p>\r\n\r\n\r\n\r\n<p><strong>Radio Garden<\/strong><\/p>\r\n\r\n\r\n\r\n<p>Endere\u00e7o eletr\u00f4nico:\u00a0<a href=\"https:\/\/cirandadefilmes.com.br\/cirandacirandinha\/cirandinha\/olhar\/radio.garden\" target=\"_blank\" rel=\"noreferrer noopener\">radio.garden<\/a><\/p>\r\n\r\n\r\n\r\n<p>Descri\u00e7\u00e3o: Projeto holand\u00eas de pesquisa radiof\u00f4nica e digital, em que se navega a partir de uma representa\u00e7\u00e3o do globo terrestre, escutando transmiss\u00f5es de esta\u00e7\u00f5es de r\u00e1dio locais.<\/p>\r\n\r\n\r\n\r\n<p><strong>Ouvir o rio, de Cildo Meireles<\/strong><\/p>\r\n\r\n\r\n\r\n<p>Endere\u00e7o eletr\u00f4nico:\u00a0<a href=\"https:\/\/cirandadefilmes.com.br\/cirandacirandinha\/cirandinha\/olhar\/itaucultural.org.br\/ocupacao\/cildo-meireles\/\" target=\"_blank\" rel=\"noreferrer noopener\">itaucultural.org.br\/ocupacao\/cildo-meireles\/<\/a><\/p>\r\n\r\n\r\n\r\n<p>Descri\u00e7\u00e3o: rio oir \u00e9 um trabalho sonoro: um disco contendo sons de \u00e1gua, de um lado, e sons de risadas, de outro.<\/p>\r\n\r\n\r\n\r\n<p><strong>A grande orquestra dos animais<\/strong><\/p>\r\n\r\n\r\n\r\n<p>Endere\u00e7o eletr\u00f4nico:\u00a0<a href=\"https:\/\/cirandadefilmes.com.br\/cirandacirandinha\/cirandinha\/olhar\/www.legrandorchestredesanimaux.com\/br\" target=\"_blank\" rel=\"noreferrer noopener\">www.legrandorchestredesanimaux.com\/br<\/a><\/p>\r\n\r\n\r\n\r\n<p>Descri\u00e7\u00e3o: Divulga o trabalho do m\u00fasico Bernie Krause, que durante mais de 40 anos tem percorrido o mundo para gravar os sons da natureza. O seu repert\u00f3rio tem 5.000 horas.<\/p>\r\n\r\n\r\n\r\n<p><strong><a href=\"https:\/\/cirandadefilmes.com.br\/cirandacirandinha\/cirandinha\/filme\/234-Ouca-o-silencio\">Ou\u00e7a o sil\u00eancio<\/a><\/strong><\/p>\r\n\r\n\r\n\r\n<p>Dire\u00e7\u00e3o: Mariam Chachia<\/p>\r\n\r\n\r\n\r\n<p>Ano de produ\u00e7\u00e3o: 2016<\/p>\r\n\r\n\r\n\r\n<p>Dura\u00e7\u00e3o: 80 min<\/p>\r\n\r\n\r\n\r\n<p>G\u00eanero: document\u00e1rio<\/p>\r\n\r\n\r\n\r\n<p>Sinopse: S\u00f3 porque voc\u00ea n\u00e3o escuta, n\u00e3o significa que n\u00e3o possa ser ouvido. O filme observa Luka, de 11 anos, que decidiu dar um passo dentro do nosso mundo atrav\u00e9s da m\u00fasica e da dan\u00e7a.<\/p>\r\n\r\n\r\n\r\n<p><strong><em>Hilda Hilst pede contato<\/em><\/strong><\/p>\r\n\r\n\r\n\r\n<p>Autor: Gabriela Greeb<\/p>\r\n\r\n\r\n\r\n<p>Editora: Sesi<\/p>\r\n\r\n\r\n\r\n<p>Ano: 2018<\/p>\r\n\r\n\r\n\r\n<p>N\u00famero de p\u00e1ginas: 240<\/p>\r\n\r\n\r\n\r\n<p>Sinopse: O livro traz material in\u00e9dito sobre as fitas que a escritora Hilda Hilst utilizava para tentar se comunicar com os mortos, com transcri\u00e7\u00e3o de trechos e storyboard e partitura do filme hom\u00f4nimo.<\/p>\r\n\r\n\r\n\r\n<p><strong>Cantos da floresta<\/strong><\/p>\r\n\r\n\r\n\r\n<p>Endere\u00e7o eletr\u00f4nico:\u00a0<a href=\"https:\/\/cirandadefilmes.com.br\/cirandacirandinha\/cirandinha\/olhar\/cantosdafloresta.com.br\" target=\"_blank\" rel=\"noreferrer noopener\">cantosdafloresta.com.br<\/a><\/p>\r\n\r\n\r\n\r\n<p>Descri\u00e7\u00e3o: Dirigido a professores e educadores musicais, trata-se de conte\u00fado transm\u00eddia (livro, CDs e site) com atividades de contextualiza\u00e7\u00e3o, jogos, brincadeiras, escuta sensibilizadora e din\u00e2micas did\u00e1ticas envolvendo as m\u00fasicas de povos ind\u00edgenas.<\/p>\r\n\r\n\r\n\r\n<p><strong>O som da terra, de Doug Aitken<\/strong><\/p>\r\n\r\n\r\n\r\n<p>Endere\u00e7o: Fazenda Inhotim, Brumadinho, Minas Gerais<\/p>\r\n\r\n\r\n\r\n<p>Descri\u00e7\u00e3o: A obra se fundamenta em um furo de 200 metros de profundidade no solo, onde foi instalada uma s\u00e9rie de microfones para captar o som da Terra. Este som \u00e9 transmitido em tempo real no interior de um pavilh\u00e3o de vidro, vazio e circular.<\/p>\r\n\r\n\r\n\r\n<p><strong><a href=\"https:\/\/cirandadefilmes.com.br\/cirandacirandinha\/cirandinha\/filme\/268-Song-of-the-new-earth\">Song of the new earth<\/a><\/strong><\/p>\r\n\r\n\r\n\r\n<p>Dire\u00e7\u00e3o: Ward Serrill<\/p>\r\n\r\n\r\n\r\n<p>Ano de produ\u00e7\u00e3o: 2014<\/p>\r\n\r\n\r\n\r\n<p>Dura\u00e7\u00e3o: 87 min<\/p>\r\n\r\n\r\n\r\n<p>G\u00eanero: document\u00e1rio<\/p>\r\n\r\n\r\n\r\n<p>Sinopse: O filme retrata a ardente busca do pesquisador de som, psicoterapeuta e xam\u00e3 s\u00f4nico Tom Kenyon para integrar a ci\u00eancia moderna e o misticismo antigo atrav\u00e9s do poder do som. Sua rara capacidade de decifrar brilhantemente a ci\u00eancia curativa do som, resulta em um document\u00e1rio hipnotizante e transformador.\u00a0<\/p>\r\n\r\n\r\n\r\n<p><strong><u>Experimenta\u00e7\u00f5es<\/u><\/strong><\/p>\r\n\r\n\r\n\r\n<p>Esta \u00e9 uma rota para quem n\u00e3o teme experimentar o novo ou deseja seguir sempre desbravando o desconhecido. A cada nova parada: uma inusitada descoberta.<\/p>\r\n\r\n\r\n\r\n<p><strong><a href=\"https:\/\/cirandadefilmes.com.br\/cirandacirandinha\/cirandinha\/filme\/218-Caixas-de-musica\">Caixas de m\u00fasica<\/a><\/strong><\/p>\r\n\r\n\r\n\r\n<p>Dire\u00e7\u00e3o: Georges Gachot<\/p>\r\n\r\n\r\n\r\n<p>Ano de produ\u00e7\u00e3o: 2017<\/p>\r\n\r\n\r\n\r\n<p>Dura\u00e7\u00e3o: 8 min<\/p>\r\n\r\n\r\n\r\n<p>G\u00eanero: document\u00e1rio<\/p>\r\n\r\n\r\n\r\n<p>Sinopse: Um registro fascinante das m\u00e1quinas usadas pela ind\u00fastria que produz caixas de metal. Os mecanismos e sua sonoridade, ritmo e movimento autom\u00e1tico tornam-se m\u00fasicos de uma orquestra e os dan\u00e7arinos de uma performance surpreendente. \u00a0<\/p>\r\n\r\n\r\n\r\n<p><strong><em>Um jogo chamado m\u00fasica &#8211; escuta, experi\u00eancia, cria\u00e7\u00e3o, educa\u00e7\u00e3o<\/em><\/strong><\/p>\r\n\r\n\r\n\r\n<p>Autor: Teca Alencar de Brito<\/p>\r\n\r\n\r\n\r\n<p>Editora: Peir\u00f3polis<\/p>\r\n\r\n\r\n\r\n<p>Ano: 2019<\/p>\r\n\r\n\r\n\r\n<p>N\u00famero de p\u00e1ginas: 200<\/p>\r\n\r\n\r\n\r\n<p>Sinopse: Uma abordagem pedag\u00f3gico-musical livre e criativa multiplica as possibilidades de transformar pessoas, em territ\u00f3rios formais e informais da educa\u00e7\u00e3o.<\/p>\r\n\r\n\r\n\r\n<p><strong><em>Muitas coisas, poucas palavras &#8211; A oficina do professor Com\u00eanio e a arte de ensinar a aprender<\/em><\/strong><\/p>\r\n\r\n\r\n\r\n<p>Autor: Chico dos Bonecos<\/p>\r\n\r\n\r\n\r\n<p>Editora: Peir\u00f3polis<\/p>\r\n\r\n\r\n\r\n<p>Ano: 2009<\/p>\r\n\r\n\r\n\r\n<p>N\u00famero de p\u00e1ginas: 119<\/p>\r\n\r\n\r\n\r\n<p>Sinopse: Pe\u00e7a radiof\u00f4nica ou palestra cantarolante ou livro em voz alta em que predominam a sensibilidade, a emo\u00e7\u00e3o a paix\u00e3o para p\u00f4r em pr\u00e1tica o princ\u00edpio de que \u00e9 preciso mostrar a arte de ensinar em a\u00e7\u00e3o.<\/p>\r\n\r\n\r\n\r\n<p><strong><a href=\"https:\/\/cirandadefilmes.com.br\/cirandacirandinha\/cirandinha\/filme\/228-Grandma-Lo-Fi-the-basement-tapes-of-Sigridur-Nielsdottir\">Gradma Lo-Fi: the basement tapes of Sigr\u00eddur N\u00edelsd\u00f3ttir<\/a><\/strong><\/p>\r\n\r\n\r\n\r\n<p>Dire\u00e7\u00e3o: Orri J\u00f3nsson, Krist\u00edn Bj\u00f6rk Kristj\u00e1nsd\u00f3ttir e Ingibj\u00f6rg Birgisd\u00f3ttir<\/p>\r\n\r\n\r\n\r\n<p>Ano de produ\u00e7\u00e3o: 2011<\/p>\r\n\r\n\r\n\r\n<p>Dura\u00e7\u00e3o: 62 min<\/p>\r\n\r\n\r\n\r\n<p>G\u00eanero: document\u00e1rio<\/p>\r\n\r\n\r\n\r\n<p>Sinopse: Na tenra idade de 70 anos, ela come\u00e7ou a gravar sua pr\u00f3pria m\u00fasica diretamente da sala de estar. Sete anos depois, ela tinha 59 \u00e1lbuns com mais de 600 can\u00e7\u00f5es &#8211; uma imensa e exc\u00eantrica mistura de composi\u00e7\u00f5es cativantes com brinquedos, percuss\u00e3o com utens\u00edlios de cozinha e teclados Casio. Sigridur Nielsdottir \u00e9 o nome dela e em pouco tempo tornou-se uma figura cultuada na cena musical islandesa, representada aqui por seus jovens aprendizes Mugison, Mum e Seabear. \u00a0<\/p>\r\n\r\n\r\n\r\n<p><strong>Andr\u00e9 Abujamra<\/strong><\/p>\r\n\r\n\r\n\r\n<p>Endere\u00e7o eletr\u00f4nico:\u00a0<a href=\"https:\/\/cirandadefilmes.com.br\/cirandacirandinha\/cirandinha\/olhar\/andreabujamra.net\" target=\"_blank\" rel=\"noreferrer noopener\">andreabujamra.net<\/a><\/p>\r\n\r\n\r\n\r\n<p>Descri\u00e7\u00e3o: Com um trabalho voltado \u00e0 abertura para o novo, o compositor, cantor, multi-instrumentista, ator e produtor constr\u00f3i uma carreira marcada pela mistura de todo tipo de m\u00fasica, &#8220;sem preconceitos&#8221;.<\/p>\r\n\r\n\r\n\r\n<p><strong>O Grivo<\/strong><\/p>\r\n\r\n\r\n\r\n<p>Endere\u00e7o eletr\u00f4nico:\u00a0<a href=\"https:\/\/cirandadefilmes.com.br\/cirandacirandinha\/cirandinha\/olhar\/ogrivo.com\" target=\"_blank\" rel=\"noreferrer noopener\">ogrivo.com<\/a><\/p>\r\n\r\n\r\n\r\n<p>Descri\u00e7\u00e3o: Pesquisa fontes sonoras ac\u00fasticas e eletr\u00f4nicas, a constru\u00e7\u00e3o de \u201cm\u00e1quinas e mecanismos sonoros\u201d, e o uso de instrumentos musicais tradicionais de forma n\u00e3o convencional.<\/p>\r\n\r\n\r\n\r\n<p><strong><a href=\"https:\/\/cirandadefilmes.com.br\/cirandacirandinha\/cirandinha\/filme\/237-Musica-para-elefantes\">M\u00fasica para elefantes<\/a><\/strong><\/p>\r\n\r\n\r\n\r\n<p>Dire\u00e7\u00e3o: Amanda Feldon<\/p>\r\n\r\n\r\n\r\n<p>Ano de produ\u00e7\u00e3o: 2014<\/p>\r\n\r\n\r\n\r\n<p>Dura\u00e7\u00e3o: 47 min<\/p>\r\n\r\n\r\n\r\n<p>G\u00eanero: document\u00e1rio<\/p>\r\n\r\n\r\n\r\n<p>Sinopse: Esta hist\u00f3ria come\u00e7a com um elefante cego, chamado Pla-Ra. Paul Barton levou seu piano para ElephantsWorld, um santu\u00e1rio nas margens do rio Kwai na Tail\u00e2ndia, e come\u00e7ou a tocar enquanto ele comia. Pla-Ra ficava paralisado por um momento e ent\u00e3o enrolava sua tromba e a segurava em sua boca at\u00e9 que a m\u00fasica terminasse, n\u00e3o importando quanto tempo durasse a can\u00e7\u00e3o. Cada vez que se tocava m\u00fasica para Pla-Ra, seja flauta ou piano, ele tinha a mesma rea\u00e7\u00e3o. Desde esse dia extraordin\u00e1rio, Paul tocou para diferentes elefantes com excelentes resultados. \u00a0<\/p>\r\n","protected":false},"excerpt":{"rendered":"<p>Este mapa \u00e9 um convite a explorar novas trilhas, mais do que sonoras. Sim, \u00e9 uma cartografia cirandeira, ideal para ampliar as experi\u00eancias vividas aqui. Ou seja, depois de ver os filmes, participar das oficinas e adentrar as rodas musicais, al\u00e9m de refletir, cantar e dan\u00e7ar nas muitas atividades da Ciranda de Filmes, \u00e9 ainda [&hellip;]<\/p>\n","protected":false},"author":1,"featured_media":732,"comment_status":"closed","ping_status":"closed","sticky":false,"template":"","format":"standard","meta":{"_mo_disable_npp":"","footnotes":""},"categories":[2,52],"tags":[],"class_list":["post-515","post","type-post","status-publish","format-standard","has-post-thumbnail","hentry","category-olhares","category-olhares-2019"],"_links":{"self":[{"href":"https:\/\/cirandadefilmes.com.br\/cirandacirandinha\/wp-json\/wp\/v2\/posts\/515","targetHints":{"allow":["GET"]}}],"collection":[{"href":"https:\/\/cirandadefilmes.com.br\/cirandacirandinha\/wp-json\/wp\/v2\/posts"}],"about":[{"href":"https:\/\/cirandadefilmes.com.br\/cirandacirandinha\/wp-json\/wp\/v2\/types\/post"}],"author":[{"embeddable":true,"href":"https:\/\/cirandadefilmes.com.br\/cirandacirandinha\/wp-json\/wp\/v2\/users\/1"}],"replies":[{"embeddable":true,"href":"https:\/\/cirandadefilmes.com.br\/cirandacirandinha\/wp-json\/wp\/v2\/comments?post=515"}],"version-history":[{"count":3,"href":"https:\/\/cirandadefilmes.com.br\/cirandacirandinha\/wp-json\/wp\/v2\/posts\/515\/revisions"}],"predecessor-version":[{"id":4617,"href":"https:\/\/cirandadefilmes.com.br\/cirandacirandinha\/wp-json\/wp\/v2\/posts\/515\/revisions\/4617"}],"wp:featuredmedia":[{"embeddable":true,"href":"https:\/\/cirandadefilmes.com.br\/cirandacirandinha\/wp-json\/wp\/v2\/media\/732"}],"wp:attachment":[{"href":"https:\/\/cirandadefilmes.com.br\/cirandacirandinha\/wp-json\/wp\/v2\/media?parent=515"}],"wp:term":[{"taxonomy":"category","embeddable":true,"href":"https:\/\/cirandadefilmes.com.br\/cirandacirandinha\/wp-json\/wp\/v2\/categories?post=515"},{"taxonomy":"post_tag","embeddable":true,"href":"https:\/\/cirandadefilmes.com.br\/cirandacirandinha\/wp-json\/wp\/v2\/tags?post=515"}],"curies":[{"name":"wp","href":"https:\/\/api.w.org\/{rel}","templated":true}]}}