{"id":4567,"date":"2017-04-12T18:25:00","date_gmt":"2017-04-12T21:25:00","guid":{"rendered":"https:\/\/cirandadefilmes.com.br\/cirandacirandinha\/?p=4567"},"modified":"2021-08-27T18:25:12","modified_gmt":"2021-08-27T21:25:12","slug":"quando-o-amor-se-avizinhou-do-mundo","status":"publish","type":"post","link":"https:\/\/cirandadefilmes.com.br\/cirandacirandinha\/quando-o-amor-se-avizinhou-do-mundo\/","title":{"rendered":"Quando o amor se avizinhou do mundo"},"content":{"rendered":"<p><i class=\"img_right\">\u201cA torneira da pia estava quebrada, n\u00e3o parava de pingar. O tempo sempre foi causador de muitos defeitos. Era ele quem empoeirava as dobradi\u00e7as da raz\u00e3o, desaparafusava os sentimentos. Eram as artimanhas para se fazer presente, lembrar a todos que ele tamb\u00e9m habitava aquele lugar.\u201d<\/i><\/p>\n<p>Numa mesa onde hoje sentam tr\u00eas, pai e seus dois filhos, para o caf\u00e9 da manh\u00e3 com \u201cbolo, p\u00e3o e sil\u00eancio\u201d, a quarta cadeira continuava vazia. Mas o tempo permanecia ali, ao redor, tamb\u00e9m personagem desse universo (atemporal, vale dizer) criado por um cineasta-escritor, Alan Minas, que estreia seu primeiro longa-metragem de fic\u00e7\u00e3o,\u00a0<a href=\"https:\/\/cirandadefilmes.com.br\/cirandacirandinha\/br\/filme\/151-A-Familia-Dionti\">&#8220;A Fam\u00edlia Dionti&#8221;<\/a>, um dos filmes imperd\u00edveis desta Ciranda.<\/p>\n<div><iframe loading=\"lazy\" src=\"https:\/\/www.youtube.com\/embed\/VgPdOW58R8s?rel=0\" width=\"640\" height=\"360\" frameborder=\"0\" allowfullscreen=\"allowfullscreen\" data-mce-fragment=\"1\"><\/iframe><\/div>\n<p><a href=\"https:\/\/cirandadefilmes.com.br\/cirandacirandinha\/br\/filme\/151-A-Familia-Dionti\">&#8220;A Fam\u00edlia Dionti&#8221;<\/a>\u00a0\u2013 t\u00e3o de hoje, t\u00e3o nossa, t\u00e3o dentro de todos n\u00f3s \u2013 conta uma hist\u00f3ria de amor envolvendo uma m\u00e3e que partiu atr\u00e1s de um outro bem, de um pai que a espera voltar mesmo que em forma de chuva e de seus dois filhos, um que se derrete literalmente de paix\u00e3o por uma menina de alma n\u00f4made e outro que, ressequido por dentro, chora terra em seu travesseiro \u00e0 noite. Vivem num lugar ermo, longe de tudo, \u00e0 beira de seu pr\u00f3prio tempo. Ali o sil\u00eancio, fatiado \u00e0 mesa, repercute a n\u00e3o-palavra que a muitos apavora.<\/p>\n<p>Com pinceladas de realismo m\u00e1gico, essa hist\u00f3ria nasceu primeiramente num conto, logo transformada em roteiro e, depois, saltou avidamente para as p\u00e1ginas de um romance publicado pela Berlendis &amp; Vertecchia Editores.\u00a0<a href=\"https:\/\/cirandadefilmes.com.br\/cirandacirandinha\/br\/filme\/151-A-Familia-Dionti\">&#8220;A Fam\u00edlia Dionti&#8221;<\/a>, o livro, nasceu de uma saudade que Alan Minas sentiu das personagens, daquele lugar habitado de mem\u00f3ria, depois de terminadas as filmagens que se estenderam por nove meses.<\/p>\n<p>\u201cRegressei para casa e senti uma enorme inquietude, um vazio. Era uma saudade que n\u00e3o me deixava, que sobrava. Saudade que eu sentia da hist\u00f3ria, e que, para mim, as personagens tamb\u00e9m sentiam. N\u00e3o est\u00e1vamos saciados. Tudo que vivenciei seguia pulsando\u201d, lembra. O filme havia terminado, mas a hist\u00f3ria estava incompleta, latente, dentro do seu criador. Aquelas personagens, numa intensa entrega, ainda tinham mais o que transbordar.<\/p>\n<p><img loading=\"lazy\" decoding=\"async\" class=\"alignnone size-full wp-image-4568\" src=\"https:\/\/cirandadefilmes.com.br\/cirandacirandinha\/wp-content\/uploads\/2021\/08\/INTERNA2-A-Familia-Dionti-fotos-de-Guga-Millet-2.jpg\" alt=\"\" width=\"640\" height=\"448\" srcset=\"https:\/\/cirandadefilmes.com.br\/cirandacirandinha\/wp-content\/uploads\/2021\/08\/INTERNA2-A-Familia-Dionti-fotos-de-Guga-Millet-2.jpg 640w, https:\/\/cirandadefilmes.com.br\/cirandacirandinha\/wp-content\/uploads\/2021\/08\/INTERNA2-A-Familia-Dionti-fotos-de-Guga-Millet-2-300x210.jpg 300w\" sizes=\"auto, (max-width: 640px) 100vw, 640px\" \/>A hist\u00f3ria evoca o amor, colocando esse sentimento no lugar do sagrado, \u201cintocado, puro e ing\u00eanuo\u201d, como define o diretor. Na forma de poema visual, no filme, ou de prosa po\u00e9tica, no livro, os elementos da natureza s\u00e3o met\u00e1foras da pr\u00f3pria vida, que se faz no curso das \u00e1guas, s\u00edmbolo da transforma\u00e7\u00e3o. O menino que \u201cnunca sabia onde as coisas iam desaguar\u201d, derretendo-se de amor por Sofia Doventim, que \u201cnunca soube o que era endere\u00e7o amarrado\u201d, lembra-nos que as transforma\u00e7\u00f5es do crescer s\u00e3o um pouco como morrer. \u201cA metamorfose das borboletas\u201d: era esse o texto que liam na aula.<\/p>\n<p>Tanto no filme quanto no livro, a hist\u00f3ria tem o tempo suspenso. O diretor enfatiza que o filme se descortina em ritmo pr\u00f3prio. \u201cNo mundo da fam\u00edlia Dionti, as regras e os c\u00f3digos tornam-se tamb\u00e9m particulares, est\u00e1 nas palavras, nas a\u00e7\u00f5es. E no pensar. A l\u00f3gica se reinventa, e os v\u00e1rios mundos que nos cercam se afloram. Mas esse tempo n\u00e3o se arranja como um fim, ele se apresenta como instrumento, um objeto operacional.\u201d \u00c9 que a hist\u00f3ria se (re)constr\u00f3i em quem a l\u00ea ou a assiste. E uma nova hist\u00f3ria sempre acontece. \u201cSobra tempo para o contemplar, sentir junto e se emocionar com as personagens. Sobra um tempo dentro de cada um.\u201d<\/p>\n<p><img decoding=\"async\" src=\"http:\/\/cirandadefilmes1.hospedagemdesites.ws\/_img\/_banco_imagens\/INTERNA3---A-Familia-Dionti-3.jpg\" alt=\"\" border=\"0\" \/><img loading=\"lazy\" decoding=\"async\" class=\"alignnone size-full wp-image-4569\" src=\"https:\/\/cirandadefilmes.com.br\/cirandacirandinha\/wp-content\/uploads\/2021\/08\/INTERNA3-A-Familia-Dionti-3.jpg\" alt=\"\" width=\"640\" height=\"448\" srcset=\"https:\/\/cirandadefilmes.com.br\/cirandacirandinha\/wp-content\/uploads\/2021\/08\/INTERNA3-A-Familia-Dionti-3.jpg 640w, https:\/\/cirandadefilmes.com.br\/cirandacirandinha\/wp-content\/uploads\/2021\/08\/INTERNA3-A-Familia-Dionti-3-300x210.jpg 300w\" sizes=\"auto, (max-width: 640px) 100vw, 640px\" \/><\/p>\n<p>Josu\u00e9, Kelton, Serino, al\u00e9m de Sofia, v\u00f4 Abelino, a professora Ilus\u00e2ngela, a diretora Poesina e Centen\u00e1dia, a mulher que n\u00e3o consegue morrer, entre tantas outras personagens, habitam um lugar por onde \u201ctodas as pessoas do mundo j\u00e1 haviam passado\u201d. Mas l\u00e1, veja s\u00f3, h\u00e1 tempos as estradas \u201cesqueceram seus rumos\u201d. Um buraco do mundo, com uma placa numa bifurca\u00e7\u00e3o do caminho indicando dois lugarejos: Angustura e Dores da Vit\u00f3ria. Assim como o tempo, o lugar \u00e9 tamb\u00e9m nobre personagem. E ganhou contornos na zona da mata mineira, que imprimiu novos sotaques \u00e0 narrativa.<\/p>\n<p>\u201cO universo rural, a floresta e suas \u00e1guas, o desabitado e seus bichos, o seminal das coisas e a terra dialogavam perfeitamente com o lugar que buscava. Eu queria o oposto do real. \u00c9 o universo imposs\u00edvel que me habita e que eu busco fora de mim. Sabia que o encontraria no interior, em nossas ro\u00e7as. E o essencial que tanto procurava encontrei dentro das personagens. Talvez isso tenha encurtado as dist\u00e2ncias, e a hist\u00f3ria de um lugar pequeno ganhou perna e se avizinhou do mundo.\u201d<\/p>\n<p>A poesia une as duas obras \u2013 filme e livro. Foi bastante desafiador realizar a transi\u00e7\u00e3o da hist\u00f3ria em dois suportes diferentes, com linguagens e elementos narrativos pr\u00f3prios, conta o escritor, tamb\u00e9m cineasta. \u201cEnquanto a literatura me oferece total liberdade para explorar o fluxo de pensamento, cuidar da palavra escrita e de seu ritmo inserido no texto, a elabora\u00e7\u00e3o do filme me faz pensar em imagens e na gram\u00e1tica pr\u00f3pria do audiovisual. A verborragia nesse filme n\u00e3o teria nada a ver com sua concep\u00e7\u00e3o. S\u00e3o duas escritas, duas l\u00ednguas.\u201d<\/p>\n<p>Se o filme se desenrola no\u00a0<i>entre palavras<\/i>, com poucos di\u00e1logos, o livro tem uma tessitura que desfia habilidosamente novos dizeres e novas subtramas. Ver o filme e ler o livro (n\u00e3o necessariamente nessa ordem) s\u00e3o duas experi\u00eancias \u00fanicas, que se completam e se intensificam nas descobertas dos muitos cantos dessa hist\u00f3ria que logo passa a nos habitar, como se h\u00e1 tempos se escondesse em algum lugar de n\u00f3s, l\u00e1 longe, bem no fundo.<\/p>\n<p><i>Texto: Gabriela Romeu<\/i><\/p>\n<p><i>Fotos: Divulga\u00e7\u00e3o<\/i><\/p>\n<p>&nbsp;<\/p>\n","protected":false},"excerpt":{"rendered":"<p>Sobre o filme &#8220;A Fam\u00edlia Dionti&#8221;<\/p>\n","protected":false},"author":1,"featured_media":4570,"comment_status":"open","ping_status":"open","sticky":false,"template":"","format":"standard","meta":{"_mo_disable_npp":"","footnotes":""},"categories":[2,51],"tags":[],"class_list":["post-4567","post","type-post","status-publish","format-standard","has-post-thumbnail","hentry","category-olhares","category-olhares-2017"],"_links":{"self":[{"href":"https:\/\/cirandadefilmes.com.br\/cirandacirandinha\/wp-json\/wp\/v2\/posts\/4567","targetHints":{"allow":["GET"]}}],"collection":[{"href":"https:\/\/cirandadefilmes.com.br\/cirandacirandinha\/wp-json\/wp\/v2\/posts"}],"about":[{"href":"https:\/\/cirandadefilmes.com.br\/cirandacirandinha\/wp-json\/wp\/v2\/types\/post"}],"author":[{"embeddable":true,"href":"https:\/\/cirandadefilmes.com.br\/cirandacirandinha\/wp-json\/wp\/v2\/users\/1"}],"replies":[{"embeddable":true,"href":"https:\/\/cirandadefilmes.com.br\/cirandacirandinha\/wp-json\/wp\/v2\/comments?post=4567"}],"version-history":[{"count":1,"href":"https:\/\/cirandadefilmes.com.br\/cirandacirandinha\/wp-json\/wp\/v2\/posts\/4567\/revisions"}],"predecessor-version":[{"id":4571,"href":"https:\/\/cirandadefilmes.com.br\/cirandacirandinha\/wp-json\/wp\/v2\/posts\/4567\/revisions\/4571"}],"wp:featuredmedia":[{"embeddable":true,"href":"https:\/\/cirandadefilmes.com.br\/cirandacirandinha\/wp-json\/wp\/v2\/media\/4570"}],"wp:attachment":[{"href":"https:\/\/cirandadefilmes.com.br\/cirandacirandinha\/wp-json\/wp\/v2\/media?parent=4567"}],"wp:term":[{"taxonomy":"category","embeddable":true,"href":"https:\/\/cirandadefilmes.com.br\/cirandacirandinha\/wp-json\/wp\/v2\/categories?post=4567"},{"taxonomy":"post_tag","embeddable":true,"href":"https:\/\/cirandadefilmes.com.br\/cirandacirandinha\/wp-json\/wp\/v2\/tags?post=4567"}],"curies":[{"name":"wp","href":"https:\/\/api.w.org\/{rel}","templated":true}]}}