{"id":4504,"date":"2017-05-18T14:29:27","date_gmt":"2017-05-18T17:29:27","guid":{"rendered":"https:\/\/cirandadefilmes.com.br\/cirandacirandinha\/?p=4504"},"modified":"2021-08-26T14:32:02","modified_gmt":"2021-08-26T17:32:02","slug":"rosa-para-transcender-a-vida-e-a-morte","status":"publish","type":"post","link":"https:\/\/cirandadefilmes.com.br\/cirandacirandinha\/rosa-para-transcender-a-vida-e-a-morte\/","title":{"rendered":"Rosa: para transcender a vida e a morte"},"content":{"rendered":"<p>O cinza reina, o inverno congelante parece eternizar a escurid\u00e3o, a guerra, o choro, a espera. O in\u00edcio declara a morte. O que o fim vai declarar? Assim come\u00e7a uma busca \u00e0 sombra de uma guerra.<\/p>\n<p><a href=\"https:\/\/cirandadefilmes.com.br\/cirandacirandinha\/cirandinha\/filme\/189-Rauf\">&#8220;Rauf&#8221;<\/a>, longa-metragem ficcional dirigido por Bar\u0131\u015f Kaya e Soner Caner, traz a vida dos curdos, um povo que luta por suas autonomia e independ\u00eancias pol\u00edtica e territorial h\u00e1 muitos e muitos anos. Eles vivem em pequenas vilas ao redor do Ir\u00e3, do Iraque, da S\u00edria e da Turquia. Rauf, que vive num desses vilarejos turcos, \u00e9 menino curdo, uma minoria fr\u00e1gil que sofre grande persegui\u00e7\u00e3o, em meio a uma briga invernal entre grandes, pelo petr\u00f3leo.<\/p>\n<p>Ao anoitecer, os habitantes da sua vila se escondem em suas casas escuras, apagadas, para se protegerem de ataques. O opressor, como uma raposa, n\u00e3o pode ser visto. Ao som de bombas, Rauf \u00e9 acolhido pelo carinho maternal. Ele dorme e acorda ligeiramente ao som delicado do choro de sua m\u00e3e, que sofre por seu filho mais velho, que foi para as montanhas. Dia ap\u00f3s dia, uma senhora silenciosa, sua av\u00f3, contempla as montanhas, em uma espera sem fim. A esperan\u00e7a e o sonhar sintetizados em uma imagem de loucura.<\/p>\n<p><img loading=\"lazy\" decoding=\"async\" class=\"alignnone size-full wp-image-4505\" src=\"https:\/\/cirandadefilmes.com.br\/cirandacirandinha\/wp-content\/uploads\/2021\/08\/rauf_interna.jpg\" alt=\"\" width=\"700\" height=\"490\" srcset=\"https:\/\/cirandadefilmes.com.br\/cirandacirandinha\/wp-content\/uploads\/2021\/08\/rauf_interna.jpg 700w, https:\/\/cirandadefilmes.com.br\/cirandacirandinha\/wp-content\/uploads\/2021\/08\/rauf_interna-300x210.jpg 300w\" sizes=\"auto, (max-width: 700px) 100vw, 700px\" \/><img decoding=\"async\" src=\"http:\/\/cirandadefilmes1.hospedagemdesites.ws\/_img\/_banco_imagens\/rauf_interna.jpg\" alt=\"\" border=\"0\" \/>Uma figura folcl\u00f3rica do lugar, um veterano curdo de uma guerra estrangeira, vai at\u00e9 a escola para contar suas hist\u00f3rias, lembrar como ele perdeu a vis\u00e3o. Rauf \u00e9 interrompido na escuta e injustamente expulso da classe. Os adultos escondem, querem ser mestres, se esfor\u00e7am para n\u00e3o explicar, insistem que as crian\u00e7as n\u00e3o percebem, n\u00e3o entendem, n\u00e3o sentem.<\/p>\n<p>Quando Rauf \u00e9 expulso da escola, seu pai o leva para o carpinteiro para que possa aprender o of\u00edcio do amigo. A ocupa\u00e7\u00e3o principal do carpinteiro \u00e9 fazer caix\u00f5es para os mortos da causa que todos sabem. Na oficina, Rauf conhece Zara, filha do artes\u00e3o, uma mo\u00e7a dez anos mais velha que ele, pela qual nutre um amor plat\u00f4nico. Em um esfor\u00e7o de se aproximar e encantar a jovem, Rauf se coloca a tarefa de procurar o rosa, cor preferida da enamorada, enquanto aprende o of\u00edcio de enterrar os mortos de seu povo.<\/p>\n<p>Onde encontrar a luz e a cor para a intimidade das casas escuras? Como transcender a morte, o cinza, o inverno congelante, a guerra, o choro? O sil\u00eancio da espera se rompe, e a aparente loucura se apresenta como ingresso para a escalada primaveril at\u00e9 o rosa. Mesmo onde aparentemente n\u00e3o h\u00e1, onde ningu\u00e9m conhece a cor, Rauf n\u00e3o desiste. Depois de v\u00e1rias mortes, ele amadurece e colore de sentido o viver, o crescer e o morrer que habita.<\/p>\n<p><i>Texto: Vanessa Fort<\/i><\/p>\n","protected":false},"excerpt":{"rendered":"<p>O cinza reina, o inverno congelante parece eternizar a escurid\u00e3o, a guerra, o choro, a espera. O in\u00edcio declara a morte. O que o fim vai declarar? Assim come\u00e7a uma busca \u00e0 sombra de uma guerra. &#8220;Rauf&#8221;, longa-metragem ficcional dirigido por Bar\u0131\u015f Kaya e Soner Caner, traz a vida dos curdos, um povo que luta [&hellip;]<\/p>\n","protected":false},"author":1,"featured_media":4507,"comment_status":"open","ping_status":"open","sticky":false,"template":"","format":"standard","meta":{"_mo_disable_npp":"","footnotes":""},"categories":[2,51],"tags":[],"class_list":["post-4504","post","type-post","status-publish","format-standard","has-post-thumbnail","hentry","category-olhares","category-olhares-2017"],"_links":{"self":[{"href":"https:\/\/cirandadefilmes.com.br\/cirandacirandinha\/wp-json\/wp\/v2\/posts\/4504","targetHints":{"allow":["GET"]}}],"collection":[{"href":"https:\/\/cirandadefilmes.com.br\/cirandacirandinha\/wp-json\/wp\/v2\/posts"}],"about":[{"href":"https:\/\/cirandadefilmes.com.br\/cirandacirandinha\/wp-json\/wp\/v2\/types\/post"}],"author":[{"embeddable":true,"href":"https:\/\/cirandadefilmes.com.br\/cirandacirandinha\/wp-json\/wp\/v2\/users\/1"}],"replies":[{"embeddable":true,"href":"https:\/\/cirandadefilmes.com.br\/cirandacirandinha\/wp-json\/wp\/v2\/comments?post=4504"}],"version-history":[{"count":1,"href":"https:\/\/cirandadefilmes.com.br\/cirandacirandinha\/wp-json\/wp\/v2\/posts\/4504\/revisions"}],"predecessor-version":[{"id":4506,"href":"https:\/\/cirandadefilmes.com.br\/cirandacirandinha\/wp-json\/wp\/v2\/posts\/4504\/revisions\/4506"}],"wp:featuredmedia":[{"embeddable":true,"href":"https:\/\/cirandadefilmes.com.br\/cirandacirandinha\/wp-json\/wp\/v2\/media\/4507"}],"wp:attachment":[{"href":"https:\/\/cirandadefilmes.com.br\/cirandacirandinha\/wp-json\/wp\/v2\/media?parent=4504"}],"wp:term":[{"taxonomy":"category","embeddable":true,"href":"https:\/\/cirandadefilmes.com.br\/cirandacirandinha\/wp-json\/wp\/v2\/categories?post=4504"},{"taxonomy":"post_tag","embeddable":true,"href":"https:\/\/cirandadefilmes.com.br\/cirandacirandinha\/wp-json\/wp\/v2\/tags?post=4504"}],"curies":[{"name":"wp","href":"https:\/\/api.w.org\/{rel}","templated":true}]}}