{"id":4425,"date":"2016-04-06T13:09:33","date_gmt":"2016-04-06T16:09:33","guid":{"rendered":"https:\/\/cirandadefilmes.com.br\/cirandacirandinha\/?p=4425"},"modified":"2021-08-26T13:12:46","modified_gmt":"2021-08-26T16:12:46","slug":"entre-narradores-e-poetas","status":"publish","type":"post","link":"https:\/\/cirandadefilmes.com.br\/cirandacirandinha\/entre-narradores-e-poetas\/","title":{"rendered":"Entre narradores e poetas"},"content":{"rendered":"<div class=\"gmail_default\">O caminhar nos preenche em narrativas. As conex\u00f5es e rela\u00e7\u00f5es que tecem o caminhar, criam sentidos, nos convidam para o desafio de ser e perceber de v\u00e1rias maneiras e nos alivia do fantasma da opini\u00e3o \u00fanica.<\/div>\n<div class=\"gmail_default\"><\/div>\n<div class=\"gmail_default\">Em busca dessas rela\u00e7\u00f5es que potencializam o que \u00e9 genu\u00edno, a Ciranda de Filmes 2016 re\u00fane mestres que, narradores e poetas, alumiam o caminho, mediam o intang\u00edvel e criam geografias do ser.<\/div>\n<div class=\"gmail_default\"><\/div>\n<div class=\"gmail_default\">O cinema \u00e9 um desses mestres que narram a vida, construindo significados na rela\u00e7\u00e3o do tempo, da mem\u00f3ria e emo\u00e7\u00e3o dos personagens com a gente. Os mestres que inspiram e educam, nos ajudam na composi\u00e7\u00e3o de nossa pr\u00f3pria hist\u00f3ria. H\u00e1 aqueles que mediam pelo sens\u00edvel e oferecem elementos para as nossas declara\u00e7\u00f5es e percep\u00e7\u00f5es do mundo.<\/div>\n<div class=\"gmail_default\"><\/div>\n<div class=\"gmail_default\">A Ciranda de Filmes se prop\u00f5e a construir di\u00e1logos de afirma\u00e7\u00e3o e descobertas nesse mundo repleto de poesias, desobedi\u00eancias po\u00e9ticas e conflitos. \u00a0 Com filmes, Rodas de conversa, viv\u00eancias e oficinas, a Ciranda de Filmes 2016 nos convida a estar atentos e sens\u00edveis a esses que inspiram e fortalecem. Entre as presen\u00e7as e participa\u00e7\u00f5es j\u00e1 confirmadas est\u00e3o a do Brincante Ant\u00f4nio N\u00f3brega e a do filme\u00a0<a href=\"https:\/\/cirandadefilmes.com.br\/cirandacirandinha\/br\/filme\/112-Sonhos-em-Movimento---Nos-passos-de-Pina-Bausch\">&#8220;Sonhos em movimento &#8211; Nos passos de Pina Bausch&#8221;<\/a><i>.\u00a0<\/i><\/div>\n<div class=\"gmail_default\"><\/div>\n<div class=\"gmail_default\">\n<div class=\"gmail_default\">Texto: Vanessa Fort<\/div>\n<\/div>\n<div class=\"gmail_default\"><img loading=\"lazy\" decoding=\"async\" class=\"alignnone size-full wp-image-4428\" src=\"https:\/\/cirandadefilmes.com.br\/cirandacirandinha\/wp-content\/uploads\/2016\/04\/sonhos-em-movimento-grande.jpg\" alt=\"\" width=\"660\" height=\"405\" srcset=\"https:\/\/cirandadefilmes.com.br\/cirandacirandinha\/wp-content\/uploads\/2016\/04\/sonhos-em-movimento-grande.jpg 660w, https:\/\/cirandadefilmes.com.br\/cirandacirandinha\/wp-content\/uploads\/2016\/04\/sonhos-em-movimento-grande-300x184.jpg 300w\" sizes=\"auto, (max-width: 660px) 100vw, 660px\" \/><\/div>\n<div class=\"gmail_default\">Fotos de destaque: still do Sonhos em movimento, nos passos de Pina Bausch<\/div>\n<div class=\"gmail_default\">Ant\u00f4nio N\u00f3brega:\u00a0Divulga\u00e7\u00e3o\/Walter Carvalho<\/div>\n","protected":false},"excerpt":{"rendered":"<p>O brincante Ant\u00f4nio N\u00f3brega<\/p>\n","protected":false},"author":1,"featured_media":4430,"comment_status":"open","ping_status":"open","sticky":false,"template":"","format":"standard","meta":{"_mo_disable_npp":"","footnotes":""},"categories":[2,50],"tags":[],"class_list":["post-4425","post","type-post","status-publish","format-standard","has-post-thumbnail","hentry","category-olhares","category-olhares-2016"],"_links":{"self":[{"href":"https:\/\/cirandadefilmes.com.br\/cirandacirandinha\/wp-json\/wp\/v2\/posts\/4425","targetHints":{"allow":["GET"]}}],"collection":[{"href":"https:\/\/cirandadefilmes.com.br\/cirandacirandinha\/wp-json\/wp\/v2\/posts"}],"about":[{"href":"https:\/\/cirandadefilmes.com.br\/cirandacirandinha\/wp-json\/wp\/v2\/types\/post"}],"author":[{"embeddable":true,"href":"https:\/\/cirandadefilmes.com.br\/cirandacirandinha\/wp-json\/wp\/v2\/users\/1"}],"replies":[{"embeddable":true,"href":"https:\/\/cirandadefilmes.com.br\/cirandacirandinha\/wp-json\/wp\/v2\/comments?post=4425"}],"version-history":[{"count":4,"href":"https:\/\/cirandadefilmes.com.br\/cirandacirandinha\/wp-json\/wp\/v2\/posts\/4425\/revisions"}],"predecessor-version":[{"id":4431,"href":"https:\/\/cirandadefilmes.com.br\/cirandacirandinha\/wp-json\/wp\/v2\/posts\/4425\/revisions\/4431"}],"wp:featuredmedia":[{"embeddable":true,"href":"https:\/\/cirandadefilmes.com.br\/cirandacirandinha\/wp-json\/wp\/v2\/media\/4430"}],"wp:attachment":[{"href":"https:\/\/cirandadefilmes.com.br\/cirandacirandinha\/wp-json\/wp\/v2\/media?parent=4425"}],"wp:term":[{"taxonomy":"category","embeddable":true,"href":"https:\/\/cirandadefilmes.com.br\/cirandacirandinha\/wp-json\/wp\/v2\/categories?post=4425"},{"taxonomy":"post_tag","embeddable":true,"href":"https:\/\/cirandadefilmes.com.br\/cirandacirandinha\/wp-json\/wp\/v2\/tags?post=4425"}],"curies":[{"name":"wp","href":"https:\/\/api.w.org\/{rel}","templated":true}]}}