{"id":4414,"date":"2016-04-17T13:04:13","date_gmt":"2016-04-17T16:04:13","guid":{"rendered":"https:\/\/cirandadefilmes.com.br\/cirandacirandinha\/?p=4414"},"modified":"2021-08-26T13:06:23","modified_gmt":"2021-08-26T16:06:23","slug":"por-uma-pedagogia-poetica","status":"publish","type":"post","link":"https:\/\/cirandadefilmes.com.br\/cirandacirandinha\/por-uma-pedagogia-poetica\/","title":{"rendered":"Por uma pedagogia po\u00e9tica"},"content":{"rendered":"<div>&#8220;Sinto-me nascido a cada momento para a eterna novidade do mundo.&#8221;, Fernando Pessoa<\/div>\n<div><\/div>\n<div>A cria\u00e7\u00e3o po\u00e9tica acrescenta novas dimens\u00f5es ao mundo. A vida n\u00e3o \u00e9 um dado: a criamos e a vivemos por meio de nossas emo\u00e7\u00f5es e intera\u00e7\u00f5es. Criar poesia, aquela que revela diariamente novas camadas e possibilidades, nos apoia a transcender a posi\u00e7\u00e3o de meros narradores dos acontecimentos e do tempo. N\u00e3o somos apenas narradores. As crian\u00e7as tamb\u00e9m n\u00e3o s\u00e3o narradoras de discursos que adultos criam. O seu protagonismo est\u00e1 revelado nessa possibilidade de criar poesia e a si mesmo. Como favorecer a cria\u00e7\u00e3o infantil de si mesmo e de sua realidade? \u00a0As crian\u00e7as que, em toda sua espontaneidade, penetram a poesia, criam e recriam sua realidade, subvertem normas, n\u00e3o concordam. A poesia pode florecer de um processo de recusas daquilo que desnatura a vida; uma beleza que, muitas vezes, \u00e9 \u00e1spera.<\/div>\n<div><\/div>\n<div>Como podemos nos colocar atentos a essas express\u00f5es que, muitas vezes, negam normatiza\u00e7\u00f5es, ou negam o olhar adulto que se imp\u00f5e de maneira contundente e poderosa ao universo infantil?<\/div>\n<div><\/div>\n<div>Severino Ant\u00f4nio participou da Roda de Conversa: Protagonismo Infantil, na Ciranda 2015, que ainda contou com a participa\u00e7\u00e3o de Lucilene Silva e Cacau Leite, como mediadora. Na ocasi\u00e3o, conversamos com Severino sobre as desobedi\u00eancias po\u00e9ticas, aquelas que se apresentam para o exerc\u00edcio do que \u00e9 genu\u00edno em ser.<\/div>\n<div><\/div>\n<p><iframe loading=\"lazy\" src=\"https:\/\/www.youtube.com\/embed\/_pajfVDodwQ\" width=\"560\" height=\"315\" frameborder=\"0\" allowfullscreen=\"allowfullscreen\" data-mce-fragment=\"1\"><\/iframe><\/p>\n<div>\n<div>Sobre o Severino:<img decoding=\"async\" src=\"http:\/\/cirandadefilmes1.hospedagemdesites.ws\/_img\/_banco_imagens\/severino%20antonio%20interior.jpg\" alt=\"\" border=\"0\" \/><img loading=\"lazy\" decoding=\"async\" class=\"alignnone size-full wp-image-4417\" src=\"https:\/\/cirandadefilmes.com.br\/cirandacirandinha\/wp-content\/uploads\/2021\/08\/severino-antonio_ciranda-2015.jpg\" alt=\"\" width=\"1024\" height=\"683\" srcset=\"https:\/\/cirandadefilmes.com.br\/cirandacirandinha\/wp-content\/uploads\/2021\/08\/severino-antonio_ciranda-2015.jpg 1024w, https:\/\/cirandadefilmes.com.br\/cirandacirandinha\/wp-content\/uploads\/2021\/08\/severino-antonio_ciranda-2015-300x200.jpg 300w, https:\/\/cirandadefilmes.com.br\/cirandacirandinha\/wp-content\/uploads\/2021\/08\/severino-antonio_ciranda-2015-768x512.jpg 768w\" sizes=\"auto, (max-width: 1024px) 100vw, 1024px\" \/><\/div>\n<div>Graduado em Letras, mestre e doutor em Educa\u00e7\u00e3o pela Unicamp. H\u00e1 quarenta anos trabalha com ensino de Reda\u00e7\u00e3o e Leitura, Literatura, Filosofia, e tamb\u00e9m dedica-se \u00e0 forma\u00e7\u00e3o de educadores. \u00c9 professor do Programa de Mestrado em Educa\u00e7\u00e3o Sociocomunit\u00e1ria da UNISAL-SP e autor de diversos livros, dentre eles: \u201cConstela\u00e7\u00f5es &#8211; uma escuta po\u00e9tica da inf\u00e2ncia\u201d; \u201cPoetizar o pedag\u00f3gico\u201d e \u201cUma pedagogia po\u00e9tica para as crian\u00e7as\u201d.<\/div>\n<\/div>\n<div><\/div>\n<div>Texto e entrevista: Vanessa Fort<\/div>\n<div>C\u00e2mera: Vicky Romano<\/div>\n<div>Foto: Aline Arruda\/Ciranda de Filmes<\/div>\n","protected":false},"excerpt":{"rendered":"<p>Conversa com Severino Ant\u00f4nio<\/p>\n","protected":false},"author":1,"featured_media":4418,"comment_status":"open","ping_status":"open","sticky":false,"template":"","format":"standard","meta":{"_mo_disable_npp":"","footnotes":""},"categories":[2,50],"tags":[],"class_list":["post-4414","post","type-post","status-publish","format-standard","has-post-thumbnail","hentry","category-olhares","category-olhares-2016"],"_links":{"self":[{"href":"https:\/\/cirandadefilmes.com.br\/cirandacirandinha\/wp-json\/wp\/v2\/posts\/4414","targetHints":{"allow":["GET"]}}],"collection":[{"href":"https:\/\/cirandadefilmes.com.br\/cirandacirandinha\/wp-json\/wp\/v2\/posts"}],"about":[{"href":"https:\/\/cirandadefilmes.com.br\/cirandacirandinha\/wp-json\/wp\/v2\/types\/post"}],"author":[{"embeddable":true,"href":"https:\/\/cirandadefilmes.com.br\/cirandacirandinha\/wp-json\/wp\/v2\/users\/1"}],"replies":[{"embeddable":true,"href":"https:\/\/cirandadefilmes.com.br\/cirandacirandinha\/wp-json\/wp\/v2\/comments?post=4414"}],"version-history":[{"count":3,"href":"https:\/\/cirandadefilmes.com.br\/cirandacirandinha\/wp-json\/wp\/v2\/posts\/4414\/revisions"}],"predecessor-version":[{"id":4419,"href":"https:\/\/cirandadefilmes.com.br\/cirandacirandinha\/wp-json\/wp\/v2\/posts\/4414\/revisions\/4419"}],"wp:featuredmedia":[{"embeddable":true,"href":"https:\/\/cirandadefilmes.com.br\/cirandacirandinha\/wp-json\/wp\/v2\/media\/4418"}],"wp:attachment":[{"href":"https:\/\/cirandadefilmes.com.br\/cirandacirandinha\/wp-json\/wp\/v2\/media?parent=4414"}],"wp:term":[{"taxonomy":"category","embeddable":true,"href":"https:\/\/cirandadefilmes.com.br\/cirandacirandinha\/wp-json\/wp\/v2\/categories?post=4414"},{"taxonomy":"post_tag","embeddable":true,"href":"https:\/\/cirandadefilmes.com.br\/cirandacirandinha\/wp-json\/wp\/v2\/tags?post=4414"}],"curies":[{"name":"wp","href":"https:\/\/api.w.org\/{rel}","templated":true}]}}