{"id":4394,"date":"2016-05-09T12:54:57","date_gmt":"2016-05-09T15:54:57","guid":{"rendered":"https:\/\/cirandadefilmes.com.br\/cirandacirandinha\/?p=4394"},"modified":"2021-08-26T12:56:12","modified_gmt":"2021-08-26T15:56:12","slug":"cinema-e-representacoes","status":"publish","type":"post","link":"https:\/\/cirandadefilmes.com.br\/cirandacirandinha\/cinema-e-representacoes\/","title":{"rendered":"Cinema e representa\u00e7\u00f5es"},"content":{"rendered":"<div>Uma certa organiza\u00e7\u00e3o das imagens contribui a constru\u00e7\u00e3o de sentido e representa\u00e7\u00f5es. Como os elementos da linguagem do cinema facilitam essa constru\u00e7\u00e3o de sentidos e a aprecia\u00e7\u00e3o da vida dos outros que, personagens, nos apresentam realidades e modos de pensar distintos?<\/div>\n<div><\/div>\n<div>S\u00e9rgio Rizzo, cr\u00edtico de cinema e professor, conversou um pouco a gente sobre a gram\u00e1tica do cinema. Na Ciranda 2016, S\u00e9rgio ministrou a Oficina de Cr\u00edtica cinematogr\u00e1fica.<\/div>\n<div>\n<iframe loading=\"lazy\" src=\"https:\/\/www.youtube.com\/embed\/Ggv1a1xZHys\" width=\"560\" height=\"315\" frameborder=\"0\" allowfullscreen=\"allowfullscreen\" data-mce-fragment=\"1\"><\/iframe><\/div>\n<div><\/div>\n<div>Entrevista: Vanessa Fort<\/div>\n<div>C\u00e2mera: Vicky Romano<\/div>\n<div>Fotos: Aline Arruda\/Ciranda de Filmes<\/div>\n","protected":false},"excerpt":{"rendered":"<p>A constru\u00e7\u00e3o de sentidos<\/p>\n","protected":false},"author":1,"featured_media":4396,"comment_status":"open","ping_status":"open","sticky":false,"template":"","format":"standard","meta":{"_mo_disable_npp":"","footnotes":""},"categories":[2,50],"tags":[],"class_list":["post-4394","post","type-post","status-publish","format-standard","has-post-thumbnail","hentry","category-olhares","category-olhares-2016"],"_links":{"self":[{"href":"https:\/\/cirandadefilmes.com.br\/cirandacirandinha\/wp-json\/wp\/v2\/posts\/4394","targetHints":{"allow":["GET"]}}],"collection":[{"href":"https:\/\/cirandadefilmes.com.br\/cirandacirandinha\/wp-json\/wp\/v2\/posts"}],"about":[{"href":"https:\/\/cirandadefilmes.com.br\/cirandacirandinha\/wp-json\/wp\/v2\/types\/post"}],"author":[{"embeddable":true,"href":"https:\/\/cirandadefilmes.com.br\/cirandacirandinha\/wp-json\/wp\/v2\/users\/1"}],"replies":[{"embeddable":true,"href":"https:\/\/cirandadefilmes.com.br\/cirandacirandinha\/wp-json\/wp\/v2\/comments?post=4394"}],"version-history":[{"count":3,"href":"https:\/\/cirandadefilmes.com.br\/cirandacirandinha\/wp-json\/wp\/v2\/posts\/4394\/revisions"}],"predecessor-version":[{"id":4398,"href":"https:\/\/cirandadefilmes.com.br\/cirandacirandinha\/wp-json\/wp\/v2\/posts\/4394\/revisions\/4398"}],"wp:featuredmedia":[{"embeddable":true,"href":"https:\/\/cirandadefilmes.com.br\/cirandacirandinha\/wp-json\/wp\/v2\/media\/4396"}],"wp:attachment":[{"href":"https:\/\/cirandadefilmes.com.br\/cirandacirandinha\/wp-json\/wp\/v2\/media?parent=4394"}],"wp:term":[{"taxonomy":"category","embeddable":true,"href":"https:\/\/cirandadefilmes.com.br\/cirandacirandinha\/wp-json\/wp\/v2\/categories?post=4394"},{"taxonomy":"post_tag","embeddable":true,"href":"https:\/\/cirandadefilmes.com.br\/cirandacirandinha\/wp-json\/wp\/v2\/tags?post=4394"}],"curies":[{"name":"wp","href":"https:\/\/api.w.org\/{rel}","templated":true}]}}