{"id":4388,"date":"2016-05-17T12:50:45","date_gmt":"2016-05-17T15:50:45","guid":{"rendered":"https:\/\/cirandadefilmes.com.br\/cirandacirandinha\/?p=4388"},"modified":"2021-08-26T12:54:29","modified_gmt":"2021-08-26T15:54:29","slug":"a-nossa-casa-e-la-fora","status":"publish","type":"post","link":"https:\/\/cirandadefilmes.com.br\/cirandacirandinha\/a-nossa-casa-e-la-fora\/","title":{"rendered":"A nossa casa \u00e9 l\u00e1 fora"},"content":{"rendered":"<p class=\"p2\"><span class=\"s1\">\u201cDentro da cabana \u00e9 onde guardamos as coisas, mas fora \u00e9 a nossa casa de verdade\u201d, diz Kate, de oito anos de idade.<\/span><\/p>\n<p class=\"p2\"><span class=\"s1\">Em um esfor\u00e7o de se reconectar, a cineasta e m\u00e3e Suzanne Crocker e o seu marido deixaram seus trabalhos e, junto com suas tr\u00eas filhas, dois gatos e um cachorro, passaram nove meses vivendo em uma pequena cabana sem estrada de acesso, sem eletricidade e sem rel\u00f3gio. Situada em Yukon, no Canad\u00e1, a experi\u00eancia \u00e9 completamente filmada pela fam\u00edlia. Em um tecer de vozes e experi\u00eancias, assistimos uma suave e honesta narrativa da vida na natureza no filme\u00a0<a href=\"https:\/\/cirandadefilmes.com.br\/cirandacirandinha\/br\/filme\/92-Todo-o-Tempo-no-Mundo\">&#8220;Todo tempo do mundo&#8221;<\/a>.\u00a0<\/span><\/p>\n<p class=\"p2\"><span class=\"s1\">A caracter\u00edstica mais genu\u00edna de cada personagem \u00e9 apresentada entre olhares atentos dos pais, fazeres e dizeres de todos: uma filha que \u00e9 mais filos\u00f3fica, a outra que \u00e9 a mais sens\u00edvel e a terceira que tem esp\u00edrito livre e \u00f3timo senso de humor; o pai que chora, a m\u00e3e que \u00e9 forte. O brincar infantil transforma-se no brincar da fam\u00edlia inteira: a constru\u00e7\u00e3o e a inven\u00e7\u00e3o das coisas, as aventuras do lado de fora, as deliciosas comidas que todos ajudam a criar e a comer, a composi\u00e7\u00e3o de sonhos e fantasias coletivas. Um retrato de um cotidiano contado no tempo alongado das esta\u00e7\u00f5es e compartilhado profundamente.<\/span><\/p>\n<p class=\"p2\">As tr\u00eas filhas s\u00e3o muito estimuladas \u00e0 leitura, com brincadeiras de livrarias e lojas de mentirinha. Em uma de suas aventuras liter\u00e1rias, uma das meninas escreve uma carta de amor para o Percy Jackson, personagem de um dos seus livros favoritos. Em sua declara\u00e7\u00e3o, a pequena diz que quer se casar com o filho de Poseidon. A carta \u00e9 depositada na caixa m\u00e1gica de correio. Percy Jackson responde; ouvimos as doces palavras pela voz da m\u00e3e: ele aceita se casar nos sonhos e brincadeiras da menina. Eles se casam, tendo o pai e a m\u00e3e como guardi\u00f5es de sua inoc\u00eancia e imagina\u00e7\u00e3o.<\/p>\n<p class=\"p2\"><span class=\"s1\">O filme e a vida s\u00e3o conduzidos pelo respeito e pela cumplicidade entre amigos que, pais, filhas e bichos, crescem e aprendem um com o outro e com a natureza.\u00a0<\/span><img decoding=\"async\" src=\"http:\/\/cirandadefilmes1.hospedagemdesites.ws\/_img\/_banco_imagens\/all%20time_interior.jpg\" alt=\"\" border=\"0\" \/><img loading=\"lazy\" decoding=\"async\" class=\"alignnone size-full wp-image-4391\" src=\"https:\/\/cirandadefilmes.com.br\/cirandacirandinha\/wp-content\/uploads\/2021\/08\/all-time_interior.jpg\" alt=\"\" width=\"650\" height=\"467\" srcset=\"https:\/\/cirandadefilmes.com.br\/cirandacirandinha\/wp-content\/uploads\/2021\/08\/all-time_interior.jpg 650w, https:\/\/cirandadefilmes.com.br\/cirandacirandinha\/wp-content\/uploads\/2021\/08\/all-time_interior-300x216.jpg 300w\" sizes=\"auto, (max-width: 650px) 100vw, 650px\" \/><\/p>\n<p class=\"p2\"><b>Quest\u00f5es para pensar com o filme:\u00a0<\/b><\/p>\n<p class=\"p2\">Voc\u00ea gostaria de viver no mato por nove meses? Voc\u00ea poderia viver sem eletricidade e comunica\u00e7\u00f5es? O que voc\u00ea sentiria mais falta? Como o viver no mato pode ajudar a trazer de volta o verdadeiro significado dos feriados?\u00a0Por que \u00e9 importante se reconectar com a natureza?\u00a0O que limita a nossa capacidade de relaxar e desfrutar do nosso tempo com\u00a0amigos e fam\u00edlia?<\/p>\n<p>O filme ser\u00e1 exibido na sess\u00e3o especial &#8220;A Natureza como Mestre&#8221;, realizada em parceria com Instituto Toca e o projeto \u201cCrian\u00e7a e Natureza\u201d, do Instituto Alana.\u00a0Nesta sess\u00e3o,\u00a0Suzanne Crocker, diretora do filme, vai se juntar\u00a0ao pesquisador da crian\u00e7a Gandhy Piorski para fazer uma reflex\u00e3o sobre a import\u00e2ncia do contato com a natureza para o desenvolvimento saud\u00e1vel e integral da crian\u00e7a, e como espa\u00e7o primordial da brincadeira e da imagina\u00e7\u00e3o.<\/p>\n<p>Para saber mais sobre o filme,\u00a0<a href=\"http:\/\/cirandadefilmes1.hospedagemdesites.ws\/br\/filme\/92-Todo-o-Tempo-do-Mundo\">clique aqui<\/a>.<\/p>\n<p class=\"p2\">Texto: Vanessa Fort<\/p>\n<p class=\"p2\">Alguns trechos foram extra\u00eddos do material educativo do filme, que pode ser visto na \u00edntegra\u00a0<a href=\"http:\/\/allthetimeintheworld.ca\/?page_id=690\" target=\"_blank\" rel=\"noopener\">aqui<\/a>.<\/p>\n","protected":false},"excerpt":{"rendered":"<p>E o tempo \u00e9 aqui dentro<\/p>\n","protected":false},"author":1,"featured_media":4393,"comment_status":"open","ping_status":"open","sticky":false,"template":"","format":"standard","meta":{"_mo_disable_npp":"","footnotes":""},"categories":[2,50],"tags":[],"class_list":["post-4388","post","type-post","status-publish","format-standard","has-post-thumbnail","hentry","category-olhares","category-olhares-2016"],"_links":{"self":[{"href":"https:\/\/cirandadefilmes.com.br\/cirandacirandinha\/wp-json\/wp\/v2\/posts\/4388","targetHints":{"allow":["GET"]}}],"collection":[{"href":"https:\/\/cirandadefilmes.com.br\/cirandacirandinha\/wp-json\/wp\/v2\/posts"}],"about":[{"href":"https:\/\/cirandadefilmes.com.br\/cirandacirandinha\/wp-json\/wp\/v2\/types\/post"}],"author":[{"embeddable":true,"href":"https:\/\/cirandadefilmes.com.br\/cirandacirandinha\/wp-json\/wp\/v2\/users\/1"}],"replies":[{"embeddable":true,"href":"https:\/\/cirandadefilmes.com.br\/cirandacirandinha\/wp-json\/wp\/v2\/comments?post=4388"}],"version-history":[{"count":3,"href":"https:\/\/cirandadefilmes.com.br\/cirandacirandinha\/wp-json\/wp\/v2\/posts\/4388\/revisions"}],"predecessor-version":[{"id":4392,"href":"https:\/\/cirandadefilmes.com.br\/cirandacirandinha\/wp-json\/wp\/v2\/posts\/4388\/revisions\/4392"}],"wp:featuredmedia":[{"embeddable":true,"href":"https:\/\/cirandadefilmes.com.br\/cirandacirandinha\/wp-json\/wp\/v2\/media\/4393"}],"wp:attachment":[{"href":"https:\/\/cirandadefilmes.com.br\/cirandacirandinha\/wp-json\/wp\/v2\/media?parent=4388"}],"wp:term":[{"taxonomy":"category","embeddable":true,"href":"https:\/\/cirandadefilmes.com.br\/cirandacirandinha\/wp-json\/wp\/v2\/categories?post=4388"},{"taxonomy":"post_tag","embeddable":true,"href":"https:\/\/cirandadefilmes.com.br\/cirandacirandinha\/wp-json\/wp\/v2\/tags?post=4388"}],"curies":[{"name":"wp","href":"https:\/\/api.w.org\/{rel}","templated":true}]}}