{"id":4375,"date":"2016-05-29T20:39:47","date_gmt":"2016-05-29T23:39:47","guid":{"rendered":"https:\/\/cirandadefilmes.com.br\/cirandacirandinha\/?p=4375"},"modified":"2021-08-25T20:41:51","modified_gmt":"2021-08-25T23:41:51","slug":"mestres-e-brincantes-narradores-e-guardioes","status":"publish","type":"post","link":"https:\/\/cirandadefilmes.com.br\/cirandacirandinha\/mestres-e-brincantes-narradores-e-guardioes\/","title":{"rendered":"Mestres e brincantes, narradores e guardi\u00f5es"},"content":{"rendered":"<p class=\"p1\"><span class=\"s1\">\u201cAbancado \u00e0 escrivaninha em S\u00e3o Paulo<\/span><\/p>\n<p class=\"p1\">Na minha casa da rua Lopes Chaves<\/p>\n<p class=\"p1\"><span class=\"s1\">De supet\u00e3o senti um fri\u00fame por dentro<\/span><\/p>\n<p class=\"p1\"><span class=\"s1\">Fiquei tr\u00eamulo, muito comovido<\/span><\/p>\n<p class=\"p1\"><span class=\"s1\">Com o livro palerma olhando pra mim<\/span><\/p>\n<p class=\"p1\"><span class=\"s1\">N\u00e3o v\u00ea que me lembrei que l\u00e1 no Norte, meu Deus!<\/span><\/p>\n<p class=\"p1\"><span class=\"s1\">muito longe de mim<\/span><\/p>\n<p class=\"p1\"><span class=\"s1\">Na escurid\u00e3o ativa da noite que caiu<\/span><\/p>\n<p class=\"p1\"><span class=\"s1\">Um homem p\u00e1lido magro de cabelo escorrendo nos olhos<\/span><\/p>\n<p class=\"p1\"><span class=\"s1\">Depois de fazer uma pele com a borracha do dia<\/span><\/p>\n<p class=\"p1\"><span class=\"s1\">Faz pouco se deitou, est\u00e1 dormindo<\/span><\/p>\n<p class=\"p1\"><span class=\"s1\">Esse homem \u00e9 brasileiro que nem eu.\u201d \u2013 Poema\u00a0<i>O descobrimento<\/i>,<\/span><\/p>\n<p class=\"p1\"><span class=\"s1\">de M\u00e1rio de Andrade<\/span><\/p>\n<p class=\"p1\"><span class=\"s1\">Descobrir e registrar as narrativas populares foram uma das grandes miss\u00f5es e contribui\u00e7\u00f5es de M\u00e1rio de Andrade para o Brasil, pa\u00eds que j\u00e1 nasceu ideia de teceduras de culturas, cosmologias e sincretismos. A cultura popular que nasce e se manifesta das ruas e dos terreiros. M\u00e1rio ocupou-se de cora\u00e7\u00e3o e alma, toda sua vida, para narrar a poesia das manifesta\u00e7\u00f5es populares.\u00a0 Narrador digno das narrativas para as quais se dedicou. Um narrador-guardi\u00e3o, aprendiz da alma do povo, cultura que antes do modernismo brasileiro n\u00e3o era reconhecida ou valorizada.<\/span><\/p>\n<p class=\"p1\"><span class=\"s1\">\u00a0<\/span><span class=\"s1\">Ao sermos tantas coisas, as tens\u00f5es de assumir-se sem fronteiras, a afirma\u00e7\u00e3o de nossas diferen\u00e7as nos faz um lugar de conflitos que constru\u00edram nossa hist\u00f3ria. N\u00e3o conflitos armados com armas de fogo, mas armas de Jorge, Xang\u00f4, S\u00e3o Francisco de Assis. Sobreposi\u00e7\u00e3o de afirma\u00e7\u00f5es que nos fazem m\u00faltiplos, do cavalo-marinho, Bumba meu boi, Maracatu, Caboclinho, Congo e de todas as express\u00f5es do Brasil do fundo, uma esp\u00e9cie de ora\u00e7\u00e3o e comunh\u00e3o entre diversos e comuns.<\/span><\/p>\n<p class=\"p1\"><span class=\"s1\">\u00a0<\/span><span class=\"s1\">A composi\u00e7\u00e3o de diferen\u00e7as, cren\u00e7as e saberes criam obras dignas da sensibilidade de artista, esse que sente um \u201cfri\u00fame por dentro\u201d ao perceber e encantar-se pelo outro, outros v\u00e1rios que s\u00e3o brasileiros como ele. Em seu olhar sens\u00edvel e curioso mapeou as cartografias brasileiras como miss\u00f5es de vida, como cartografias de nossa cultura que sempre se reinventa para sempre afirmar os homens de seu tempo.<\/span><\/p>\n<p class=\"p1\"><img loading=\"lazy\" decoding=\"async\" class=\"alignnone size-full wp-image-4380\" src=\"https:\/\/cirandadefilmes.com.br\/cirandacirandinha\/wp-content\/uploads\/2016\/05\/manuel-papai\u0301_zango.jpg\" alt=\"\" width=\"1200\" height=\"800\" srcset=\"https:\/\/cirandadefilmes.com.br\/cirandacirandinha\/wp-content\/uploads\/2016\/05\/manuel-papai\u0301_zango.jpg 1200w, https:\/\/cirandadefilmes.com.br\/cirandacirandinha\/wp-content\/uploads\/2016\/05\/manuel-papai\u0301_zango-300x200.jpg 300w, https:\/\/cirandadefilmes.com.br\/cirandacirandinha\/wp-content\/uploads\/2016\/05\/manuel-papai\u0301_zango-1024x683.jpg 1024w, https:\/\/cirandadefilmes.com.br\/cirandacirandinha\/wp-content\/uploads\/2016\/05\/manuel-papai\u0301_zango-768x512.jpg 768w\" sizes=\"auto, (max-width: 1200px) 100vw, 1200px\" \/><\/p>\n<p class=\"p1\"><span class=\"s1\"><img decoding=\"async\" src=\"http:\/\/cirandadefilmes1.hospedagemdesites.ws\/_img\/_banco_imagens\/manuel%20papai%CC%81.jpg\" alt=\"\" border=\"0\" \/><\/span><span class=\"s1\">\u201cO povo \u00e9 a voz do mundo. O povo muda tudo\u201d, Manuel Papa\u00ed, Babalorix\u00e1<\/span><\/p>\n<p class=\"p1\"><span class=\"s1\">Nas tens\u00f5es e conflitos entre classe art\u00edstica e cultura popular, a vanguarda e a vanguarda da tradi\u00e7\u00e3o, a sabedoria e a cultura da burguesia, M\u00e1rio de Andrade dedicou-se a anotar em seu caderno o cora\u00e7\u00e3o das coisas brasileiras para descobrir novamente o Brasil. Para descobrir os portadores dos segredos de cada manifesta\u00e7\u00e3o, os mestres e os brincantes.<\/span><\/p>\n<p class=\"p1\"><span class=\"s1\">Em<b>\u00a0<\/b><a href=\"https:\/\/cirandadefilmes.com.br\/cirandacirandinha\/br\/filme\/140-Mario-e-a-Missao\"><b>&#8220;<\/b>M\u00e1rio e a Miss\u00e3o&#8221;<\/a><b>,\u00a0<\/b>de Luiz Adriano Daminello,<b>\u00a0<\/b>vamos acompanhar esses trajetos e descobrir novamente o Brasil, todas as vezes que forem necess\u00e1rias.\u00a0<b>\u00a0<\/b>A s\u00e9rie documental do Sesc TV ganhou uma vers\u00e3o especial de longa-metragem para a Ciranda 2016. Ap\u00f3s a sess\u00e3o, teremos uma prosa com o brincante-guardi\u00e3o das manifesta\u00e7\u00f5es populares, Ant\u00f4nio N\u00f3brega, para celebrar a poesia da comunh\u00e3o. Um encontro entre M\u00e1rio e N\u00f3brega, e todo o Brasil profundo. Na Ciranda ainda teremos a exibi\u00e7\u00e3o especial do\u00a0<a href=\"https:\/\/cirandadefilmes.com.br\/cirandacirandinha\/br\/filme\/105-Brincante\">&#8220;Brincante&#8221;<\/a>, filme de Walter Carvalho.\u00a0<\/span><\/p>\n<p class=\"p1\"><span class=\"s1\">Para saber mais sobre M\u00e1rio e a Miss\u00e3o,\u00a0<a href=\"http:\/\/cirandadefilmes1.hospedagemdesites.ws\/br\/filme\/140-Mario-e-a-Missao\">clique aqui<\/a>.<\/span><\/p>\n<p class=\"p1\"><span class=\"s1\">Para saber mais sobre o Brincante,\u00a0<a href=\"http:\/\/cirandadefilmes1.hospedagemdesites.ws\/br\/filme\/105-Brincante\">clique aqui<\/a>.\u00a0<\/span><\/p>\n<p class=\"p1\">Texto: Vanessa Fort<\/p>\n<p class=\"p1\">Foto: Leia j\u00e1 imagens<\/p>\n","protected":false},"excerpt":{"rendered":"<p>A miss\u00e3o de M\u00e1rio de Andrade<\/p>\n","protected":false},"author":1,"featured_media":0,"comment_status":"open","ping_status":"open","sticky":false,"template":"","format":"standard","meta":{"_mo_disable_npp":"","footnotes":""},"categories":[2,50],"tags":[],"class_list":["post-4375","post","type-post","status-publish","format-standard","hentry","category-olhares","category-olhares-2016"],"_links":{"self":[{"href":"https:\/\/cirandadefilmes.com.br\/cirandacirandinha\/wp-json\/wp\/v2\/posts\/4375","targetHints":{"allow":["GET"]}}],"collection":[{"href":"https:\/\/cirandadefilmes.com.br\/cirandacirandinha\/wp-json\/wp\/v2\/posts"}],"about":[{"href":"https:\/\/cirandadefilmes.com.br\/cirandacirandinha\/wp-json\/wp\/v2\/types\/post"}],"author":[{"embeddable":true,"href":"https:\/\/cirandadefilmes.com.br\/cirandacirandinha\/wp-json\/wp\/v2\/users\/1"}],"replies":[{"embeddable":true,"href":"https:\/\/cirandadefilmes.com.br\/cirandacirandinha\/wp-json\/wp\/v2\/comments?post=4375"}],"version-history":[{"count":5,"href":"https:\/\/cirandadefilmes.com.br\/cirandacirandinha\/wp-json\/wp\/v2\/posts\/4375\/revisions"}],"predecessor-version":[{"id":4381,"href":"https:\/\/cirandadefilmes.com.br\/cirandacirandinha\/wp-json\/wp\/v2\/posts\/4375\/revisions\/4381"}],"wp:attachment":[{"href":"https:\/\/cirandadefilmes.com.br\/cirandacirandinha\/wp-json\/wp\/v2\/media?parent=4375"}],"wp:term":[{"taxonomy":"category","embeddable":true,"href":"https:\/\/cirandadefilmes.com.br\/cirandacirandinha\/wp-json\/wp\/v2\/categories?post=4375"},{"taxonomy":"post_tag","embeddable":true,"href":"https:\/\/cirandadefilmes.com.br\/cirandacirandinha\/wp-json\/wp\/v2\/tags?post=4375"}],"curies":[{"name":"wp","href":"https:\/\/api.w.org\/{rel}","templated":true}]}}