{"id":4352,"date":"2015-04-14T20:27:32","date_gmt":"2015-04-14T23:27:32","guid":{"rendered":"https:\/\/cirandadefilmes.com.br\/cirandacirandinha\/?p=4352"},"modified":"2021-08-25T20:34:42","modified_gmt":"2021-08-25T23:34:42","slug":"homenagem-para-transver-e-mudar-o-mundo","status":"publish","type":"post","link":"https:\/\/cirandadefilmes.com.br\/cirandacirandinha\/homenagem-para-transver-e-mudar-o-mundo\/","title":{"rendered":"Homenagem para transver e mudar o mundo"},"content":{"rendered":"<p><i>por Vanessa Fort<\/i><\/p>\n<p>&#8220;O olho v\u00ea<br \/>\na lembran\u00e7a rev\u00ea<br \/>\ne a imagina\u00e7\u00e3o transv\u00eaa<br \/>\n\u00e9 preciso transver o mundo&#8221;, Manoel de Barros<\/p>\n<p>Com poesias, prosas e pe\u00e7as, mestres nos encantam pela aus\u00eancia de certezas, pelo constante e potente vir-a-ser. Onde tem inquieta\u00e7\u00e3o, eles criam pot\u00eancia e inspira\u00e7\u00e3o, o caminhar. Sua li\u00e7\u00e3o \u00e9 assumir-se como sua pr\u00f3pria obra, assim nos presenteia com sua pr\u00f3pria vida.<\/p>\n<p>Mestres de fazer poesia no entre, do espanto, com humor e com a sabedoria do sert\u00e3o, Manoel de Barros, Rubem Alves e Ariano Suassuna s\u00e3o os homenageados da 2\u00aa Ciranda de Filmes.<\/p>\n<p>Artistas da \u00e9tica e est\u00e9tica, como s\u00e1bios que abra\u00e7am ao mesmo tempo a dec\u00eancia e a boniteza, esses tr\u00eas grandes nos deixaram em 2014 com uma vasta obra que os eterniza.<\/p>\n<p>Na Ciranda deste ano, poderemos rev\u00ea-los em tr\u00eas document\u00e1rios para seguirmos inspirados a transver e a mudar o mundo. Obrigada, mestres!<br \/>\n<img loading=\"lazy\" decoding=\"async\" class=\"alignnone size-full wp-image-4356\" src=\"https:\/\/cirandadefilmes.com.br\/cirandacirandinha\/wp-content\/uploads\/2021\/08\/manoel.jpg\" alt=\"\" width=\"500\" height=\"350\" srcset=\"https:\/\/cirandadefilmes.com.br\/cirandacirandinha\/wp-content\/uploads\/2021\/08\/manoel.jpg 500w, https:\/\/cirandadefilmes.com.br\/cirandacirandinha\/wp-content\/uploads\/2021\/08\/manoel-300x210.jpg 300w\" sizes=\"auto, (max-width: 500px) 100vw, 500px\" \/><br \/>\n<b><a href=\"http:\/\/cirandadefilmes1.hospedagemdesites.ws\/br\/filme\/70-So-Dez-Por-Cento-e-Mentira\">S\u00f3 dez por cento \u00e9 mentira \u2013 A desbiografia oficial de Manoel de Barros<\/a><\/b><\/p>\n<div>Document\u00e1rio \u2013 Brasil \u2013 2008 &#8211; 82 min<br \/>\nDire\u00e7\u00e3o e Roteiro: Pedro Cezar<\/div>\n<div><a href=\"http:\/\/cirandadefilmes1.hospedagemdesites.ws\/br\/filme\/65-Rubem-Alves,-O-Professor-de-Espantos\"><img loading=\"lazy\" decoding=\"async\" class=\"alignnone size-full wp-image-4358\" src=\"https:\/\/cirandadefilmes.com.br\/cirandacirandinha\/wp-content\/uploads\/2021\/08\/65.jpg\" alt=\"\" width=\"500\" height=\"281\" srcset=\"https:\/\/cirandadefilmes.com.br\/cirandacirandinha\/wp-content\/uploads\/2021\/08\/65.jpg 500w, https:\/\/cirandadefilmes.com.br\/cirandacirandinha\/wp-content\/uploads\/2021\/08\/65-300x169.jpg 300w\" sizes=\"auto, (max-width: 500px) 100vw, 500px\" \/><img decoding=\"async\" src=\"http:\/\/cirandadefilmes1.hospedagemdesites.ws\/_img\/_banco_imagens\/65.jpg\" alt=\"\" border=\"0\" \/><\/a><\/div>\n<div><b><a href=\"http:\/\/cirandadefilmes1.hospedagemdesites.ws\/br\/filme\/65-Rubem-Alves,-O-Professor-de-Espantos\">Rubem Alves, o professor dos espantos<\/a><\/b><br \/>\nDocument\u00e1rio \u2013 Brasil &#8211; 2013 \u2013 45min<br \/>\nDire\u00e7\u00e3o e Roteiro: Dulce Queiroz<\/div>\n<div><a href=\"http:\/\/cirandadefilmes1.hospedagemdesites.ws\/br\/filme\/69-O-Sertaomundo-de-Suassuna\"><img loading=\"lazy\" decoding=\"async\" class=\"alignnone size-full wp-image-4361\" src=\"https:\/\/cirandadefilmes.com.br\/cirandacirandinha\/wp-content\/uploads\/2015\/04\/69.jpg\" alt=\"\" width=\"500\" height=\"329\" srcset=\"https:\/\/cirandadefilmes.com.br\/cirandacirandinha\/wp-content\/uploads\/2015\/04\/69.jpg 500w, https:\/\/cirandadefilmes.com.br\/cirandacirandinha\/wp-content\/uploads\/2015\/04\/69-300x197.jpg 300w\" sizes=\"auto, (max-width: 500px) 100vw, 500px\" \/><img decoding=\"async\" src=\"http:\/\/cirandadefilmes1.hospedagemdesites.ws\/_img\/_banco_imagens\/69.jpg\" alt=\"\" border=\"0\" \/><\/a><\/div>\n<div><b><a href=\"http:\/\/cirandadefilmes1.hospedagemdesites.ws\/br\/filme\/69-O-Sertaomundo-de-Suassuna\">O sert\u00e3omundo de Suassuna<\/a><\/b><br \/>\nDocument\u00e1rio \u2013 Brasil \u2013 2003 &#8211; 80 min<br \/>\nDire\u00e7\u00e3o, roteiro e fotografia: Douglas Machado<\/div>\n","protected":false},"excerpt":{"rendered":"<p>Rubem Alves (foto), Manuel de Barros e Ariano Suassuna<\/p>\n","protected":false},"author":1,"featured_media":4360,"comment_status":"open","ping_status":"open","sticky":false,"template":"","format":"standard","meta":{"_mo_disable_npp":"","footnotes":""},"categories":[2,49],"tags":[],"class_list":["post-4352","post","type-post","status-publish","format-standard","has-post-thumbnail","hentry","category-olhares","category-olhares-2015"],"_links":{"self":[{"href":"https:\/\/cirandadefilmes.com.br\/cirandacirandinha\/wp-json\/wp\/v2\/posts\/4352","targetHints":{"allow":["GET"]}}],"collection":[{"href":"https:\/\/cirandadefilmes.com.br\/cirandacirandinha\/wp-json\/wp\/v2\/posts"}],"about":[{"href":"https:\/\/cirandadefilmes.com.br\/cirandacirandinha\/wp-json\/wp\/v2\/types\/post"}],"author":[{"embeddable":true,"href":"https:\/\/cirandadefilmes.com.br\/cirandacirandinha\/wp-json\/wp\/v2\/users\/1"}],"replies":[{"embeddable":true,"href":"https:\/\/cirandadefilmes.com.br\/cirandacirandinha\/wp-json\/wp\/v2\/comments?post=4352"}],"version-history":[{"count":6,"href":"https:\/\/cirandadefilmes.com.br\/cirandacirandinha\/wp-json\/wp\/v2\/posts\/4352\/revisions"}],"predecessor-version":[{"id":4362,"href":"https:\/\/cirandadefilmes.com.br\/cirandacirandinha\/wp-json\/wp\/v2\/posts\/4352\/revisions\/4362"}],"wp:featuredmedia":[{"embeddable":true,"href":"https:\/\/cirandadefilmes.com.br\/cirandacirandinha\/wp-json\/wp\/v2\/media\/4360"}],"wp:attachment":[{"href":"https:\/\/cirandadefilmes.com.br\/cirandacirandinha\/wp-json\/wp\/v2\/media?parent=4352"}],"wp:term":[{"taxonomy":"category","embeddable":true,"href":"https:\/\/cirandadefilmes.com.br\/cirandacirandinha\/wp-json\/wp\/v2\/categories?post=4352"},{"taxonomy":"post_tag","embeddable":true,"href":"https:\/\/cirandadefilmes.com.br\/cirandacirandinha\/wp-json\/wp\/v2\/tags?post=4352"}],"curies":[{"name":"wp","href":"https:\/\/api.w.org\/{rel}","templated":true}]}}