{"id":4330,"date":"2015-05-07T20:11:52","date_gmt":"2015-05-07T23:11:52","guid":{"rendered":"https:\/\/cirandadefilmes.com.br\/cirandacirandinha\/?p=4330"},"modified":"2021-08-25T20:19:08","modified_gmt":"2021-08-25T23:19:08","slug":"intercambio-de-modos-de-ver-carta-branca","status":"publish","type":"post","link":"https:\/\/cirandadefilmes.com.br\/cirandacirandinha\/intercambio-de-modos-de-ver-carta-branca\/","title":{"rendered":"Interc\u00e2mbio de modos de ver (carta-branca)"},"content":{"rendered":"<p style=\"margin: 0px 0px 12pt;\"><span lang=\"PT-BR\" style=\"color: #222222; font-size: 12.8px; font-family: Arial;\"><span style=\"color: #939598; font-family: Roboto, Arial, Helvetica, sans-serif; font-size: 14px;\">Criado em 2004 pelo centros de Forma\u00e7\u00e3o por M\u00e9todos de Educa\u00e7\u00e3o Ativa (Centres d`Entrainement aux M\u00e9thodes d`Education Active &#8211; CMEA), o Festival Europ\u00e9en du Fil d\u00c9ducation \u00e9 um lugar do cinema e de debate sobre grandes quest\u00f5es contempor\u00e2neas relacionadas \u00e0 educa\u00e7\u00e3o &#8211; cidadania, sa\u00fade meio-ambiente preven\u00e7\u00e3o de riscos, educa\u00e7\u00e3o art\u00edstica e cultural, inclus\u00e3o e integra\u00e7\u00e3o. Um espa\u00e7o de exibi\u00e7\u00e3o de filmes inspiradores para interlocutores da inf\u00e2ncia e juventude, educadores, ativistas agentes sociais, pais e cidad\u00e3o.<\/span><\/span><\/p>\n<p class=\"MsoNormal\" style=\"margin: 0px 0px 12pt;\"><span lang=\"PT-BR\" style=\"color: #222222; font-size: 12.8px; font-family: Arial;\"><span style=\"color: #939598; font-family: Roboto, Arial, Helvetica, sans-serif; font-size: 14px;\">A aproxima\u00e7\u00e3o da Ciranda de Filmes com o Festival Europ\u00e9en du Fil d`\u00c9ducation aconteceu quando o document\u00e1rio <a href=\"https:\/\/cirandadefilmes.com.br\/cirandacirandinha\/br\/filme\/27-Sementes-do-Nosso-Quintal\">&#8220;Sementes do Nosso Quintal&#8221;<\/a>\u00a0foi selecionado para a sua 9\u00aa edi\u00e7\u00e3o em 2013. A Fernada Heinz Figueiredo, diretora do filme, acompanhou a programa\u00e7\u00e3o daquele ano e ficou impressionada com a qualidade das obras exibidas, o envolvimento e interesse do p\u00fablico e com a organiza\u00e7\u00e3o do evento.\u00a0<\/span><\/span><\/p>\n<p class=\"MsoNormal\" style=\"margin: 0px 0px 12pt;\"><span lang=\"PT-BR\" style=\"color: #222222; font-size: 12.8px; font-family: Arial;\"><span style=\"color: #939598; font-family: Roboto, Arial, Helvetica, sans-serif; font-size: 14px;\">Ao perceberem a afinidade de pontos de vista e o desejo m\u00fatuo de promover o debate sobre a educa\u00e7\u00e3o e a cidadania atrav\u00e9s do cinema, a Ciranda de Filmes e o festival europeu iniciaram a parceria.<\/span><\/span><\/p>\n<p class=\"MsoNormal\" style=\"margin: 0px 0px 12pt;\"><span lang=\"PT-BR\" style=\"color: #222222; font-size: 12.8px; font-family: Arial;\"><span style=\"color: #939598; font-family: Roboto, Arial, Helvetica, sans-serif; font-size: 14px;\">O festival europeu ter\u00e1 &#8220;Carta Branca&#8221; na programa\u00e7\u00e3o da segunda edi\u00e7\u00e3o da Ciranda com as seguintes indica\u00e7\u00f5es:<\/span><\/span><\/p>\n<p class=\"MsoNormal\" style=\"margin: 0px 0px 12pt;\"><span lang=\"PT-BR\" style=\"color: #222222; font-size: 12.8px; font-family: Arial;\"><span style=\"color: #939598; font-family: Roboto, Arial, Helvetica, sans-serif; font-size: 14px;\">O longa-metragem <a href=\"https:\/\/cirandadefilmes.com.br\/cirandacirandinha\/br\/filme\/83-Corvos\">&#8220;Corvos&#8221;<\/a> (Wrony Les Corneilles), de Dorota Kedzierzawska<\/span><\/span><\/p>\n<p>&nbsp;<\/p>\n<div><\/div>\n<div>O m\u00e9dia-metragem <a href=\"https:\/\/cirandadefilmes.com.br\/cirandacirandinha\/br\/filme\/81-Dias-Antes\">&#8220;Dias Antes&#8221;<\/a> (Les Jours d`avant), de Karim Moussaoui<\/div>\n<div><\/div>\n<div>\n<p><span class=\"im\"> <iframe loading=\"lazy\" src=\"https:\/\/www.youtube.com\/embed\/Yz0lJBG4KYw\" width=\"720\" height=\"480\" frameborder=\"0\" allowfullscreen=\"allowfullscreen\"><\/iframe> <\/span><\/p>\n<p class=\"MsoNormal\" style=\"margin: 0px 0px 12pt;\">E o curta-metragem <a href=\"https:\/\/cirandadefilmes.com.br\/cirandacirandinha\/br\/filme\/82-Onde-Fica-Meu-Pudor\">&#8220;Onde Fica o Meu Pudor&#8221;<\/a> (O\u00fa Je Mets Ma Pudeur), de S\u00e9bastien Bailly<\/p>\n<p><iframe loading=\"lazy\" src=\"https:\/\/www.youtube.com\/embed\/rM5ClDjfdE4\" width=\"720\" height=\"480\" frameborder=\"0\" allowfullscreen=\"allowfullscreen\"><\/iframe><\/p>\n<p class=\"MsoNormal\" style=\"margin: 0px 0px 12pt;\">No final de 2015 ser\u00e1 a vez da Ciranda de Filmes fazer suas indica\u00e7\u00f5es e ter a honra de compartilhar o seu olhar com o p\u00fablico europeu em Evreux, na Normandia, onde acontece o festival europeu.<\/p>\n<p>&nbsp;<\/p>\n<\/div>\n","protected":false},"excerpt":{"rendered":"<p>Parceria com Festival Europeu do Filme de  Educa\u00e7\u00e3o<\/p>\n","protected":false},"author":1,"featured_media":4332,"comment_status":"open","ping_status":"open","sticky":false,"template":"","format":"standard","meta":{"_mo_disable_npp":"","footnotes":""},"categories":[2,49],"tags":[],"class_list":["post-4330","post","type-post","status-publish","format-standard","has-post-thumbnail","hentry","category-olhares","category-olhares-2015"],"_links":{"self":[{"href":"https:\/\/cirandadefilmes.com.br\/cirandacirandinha\/wp-json\/wp\/v2\/posts\/4330","targetHints":{"allow":["GET"]}}],"collection":[{"href":"https:\/\/cirandadefilmes.com.br\/cirandacirandinha\/wp-json\/wp\/v2\/posts"}],"about":[{"href":"https:\/\/cirandadefilmes.com.br\/cirandacirandinha\/wp-json\/wp\/v2\/types\/post"}],"author":[{"embeddable":true,"href":"https:\/\/cirandadefilmes.com.br\/cirandacirandinha\/wp-json\/wp\/v2\/users\/1"}],"replies":[{"embeddable":true,"href":"https:\/\/cirandadefilmes.com.br\/cirandacirandinha\/wp-json\/wp\/v2\/comments?post=4330"}],"version-history":[{"count":3,"href":"https:\/\/cirandadefilmes.com.br\/cirandacirandinha\/wp-json\/wp\/v2\/posts\/4330\/revisions"}],"predecessor-version":[{"id":4334,"href":"https:\/\/cirandadefilmes.com.br\/cirandacirandinha\/wp-json\/wp\/v2\/posts\/4330\/revisions\/4334"}],"wp:featuredmedia":[{"embeddable":true,"href":"https:\/\/cirandadefilmes.com.br\/cirandacirandinha\/wp-json\/wp\/v2\/media\/4332"}],"wp:attachment":[{"href":"https:\/\/cirandadefilmes.com.br\/cirandacirandinha\/wp-json\/wp\/v2\/media?parent=4330"}],"wp:term":[{"taxonomy":"category","embeddable":true,"href":"https:\/\/cirandadefilmes.com.br\/cirandacirandinha\/wp-json\/wp\/v2\/categories?post=4330"},{"taxonomy":"post_tag","embeddable":true,"href":"https:\/\/cirandadefilmes.com.br\/cirandacirandinha\/wp-json\/wp\/v2\/tags?post=4330"}],"curies":[{"name":"wp","href":"https:\/\/api.w.org\/{rel}","templated":true}]}}