{"id":4302,"date":"2016-06-11T19:50:57","date_gmt":"2016-06-11T22:50:57","guid":{"rendered":"https:\/\/cirandadefilmes.com.br\/cirandacirandinha\/?p=4302"},"modified":"2021-08-25T19:51:54","modified_gmt":"2021-08-25T22:51:54","slug":"ultimo-dia-das-rodas","status":"publish","type":"post","link":"https:\/\/cirandadefilmes.com.br\/cirandacirandinha\/ultimo-dia-das-rodas\/","title":{"rendered":"\u00daltimo dia das rodas"},"content":{"rendered":"<p>O tom comum da terceira e \u00faltima Roda de Conversa foi a integralidade, a import\u00e2ncia do entendimento e valoriza\u00e7\u00e3o do todo. Com o tema \u201cMaestria do Ch\u00e3o\u201d, recebeu o coletivo Contrafil\u00e9 (com as presen\u00e7as de Cibele Lucena e Joana Zatz), a arquiteta e urbanista Beatriz Goulart e a bi\u00f3loga e permacultora M\u00f4nica Passarinho Mesquita. Assim como aconteceu nas conversas anteriores, as convidadas rememoraram parte de suas inf\u00e2ncias.<\/p>\n<p>Joana coloca que \u201cterrit\u00f3rio urbano n\u00e3o \u00e9 f\u00edsico, acontece em v\u00e1rias escalas\u201d. Com esse pontap\u00e9 a conversa discorreu sobre o uso dos diversos espa\u00e7os \u2013 da maneira como foram constru\u00eddos, o que trouxeram de simb\u00f3lico em suas estruturas, o uso e a percep\u00e7\u00f5es que temos deles.<\/p>\n<p>Beatriz Goulart, especialista em projetos que integram cada vez mais as escolas e outros lugares de educa\u00e7\u00e3o, d\u00e1 concretude \u00e0 fala: para ela, o modelo arquitet\u00f4nico das escolas \u00e9 completamente segregador, serve para separar, apartar, vigiar e punir. Como se a vida e a cultura ficassem do lado de fora. \u201cA compreens\u00e3o de uma unidade foi perdida. A gente desenvolveu poros, olhos e ouvidos para as partes\u201d, defende.<\/p>\n<p>M\u00f4nica, atualmente \u00e0 frente do Instituto Toca, fala com orgulho do processo integral que promovem e vivem na pr\u00e1tica com crian\u00e7as pequenas. E destaca a alimenta\u00e7\u00e3o como um momento e instrumento de proximidade, conv\u00edvio e entendimento de ciclos e processos da natureza. Novamente, a no\u00e7\u00e3o de que integramos um coletivo, de que as coisas est\u00e3o interligadas. L\u00e1, as crian\u00e7as plantam, colhem, preparam, cozinham e comem. E at\u00e9 mesmo o banheiro foi constru\u00eddo conjuntamente \u2013 e integrando o ciclo completo do alimento, at\u00e9 virar adubo.<\/p>\n<p>A finaliza\u00e7\u00e3o dessa roda aconteceu uma frase de Fritjof Capra: \u201cUma comunidade humana sustentavel interage com outras comunidades \u2013 humanas e n\u00e3o humanas\u201d.<\/p>\n<div>Texto: Regina Cintra<\/div>\n","protected":false},"excerpt":{"rendered":"<p>Espa\u00e7o, tempo e integralidade<\/p>\n","protected":false},"author":1,"featured_media":4305,"comment_status":"open","ping_status":"open","sticky":false,"template":"","format":"standard","meta":{"_mo_disable_npp":"","footnotes":""},"categories":[2,50],"tags":[],"class_list":["post-4302","post","type-post","status-publish","format-standard","has-post-thumbnail","hentry","category-olhares","category-olhares-2016"],"_links":{"self":[{"href":"https:\/\/cirandadefilmes.com.br\/cirandacirandinha\/wp-json\/wp\/v2\/posts\/4302","targetHints":{"allow":["GET"]}}],"collection":[{"href":"https:\/\/cirandadefilmes.com.br\/cirandacirandinha\/wp-json\/wp\/v2\/posts"}],"about":[{"href":"https:\/\/cirandadefilmes.com.br\/cirandacirandinha\/wp-json\/wp\/v2\/types\/post"}],"author":[{"embeddable":true,"href":"https:\/\/cirandadefilmes.com.br\/cirandacirandinha\/wp-json\/wp\/v2\/users\/1"}],"replies":[{"embeddable":true,"href":"https:\/\/cirandadefilmes.com.br\/cirandacirandinha\/wp-json\/wp\/v2\/comments?post=4302"}],"version-history":[{"count":3,"href":"https:\/\/cirandadefilmes.com.br\/cirandacirandinha\/wp-json\/wp\/v2\/posts\/4302\/revisions"}],"predecessor-version":[{"id":4306,"href":"https:\/\/cirandadefilmes.com.br\/cirandacirandinha\/wp-json\/wp\/v2\/posts\/4302\/revisions\/4306"}],"wp:featuredmedia":[{"embeddable":true,"href":"https:\/\/cirandadefilmes.com.br\/cirandacirandinha\/wp-json\/wp\/v2\/media\/4305"}],"wp:attachment":[{"href":"https:\/\/cirandadefilmes.com.br\/cirandacirandinha\/wp-json\/wp\/v2\/media?parent=4302"}],"wp:term":[{"taxonomy":"category","embeddable":true,"href":"https:\/\/cirandadefilmes.com.br\/cirandacirandinha\/wp-json\/wp\/v2\/categories?post=4302"},{"taxonomy":"post_tag","embeddable":true,"href":"https:\/\/cirandadefilmes.com.br\/cirandacirandinha\/wp-json\/wp\/v2\/tags?post=4302"}],"curies":[{"name":"wp","href":"https:\/\/api.w.org\/{rel}","templated":true}]}}