{"id":4297,"date":"2021-08-25T19:49:03","date_gmt":"2021-08-25T22:49:03","guid":{"rendered":"https:\/\/cirandadefilmes.com.br\/cirandacirandinha\/?p=4297"},"modified":"2021-08-25T19:50:38","modified_gmt":"2021-08-25T22:50:38","slug":"o-tempo-e-a-natureza-como-mestres-da-infancia","status":"publish","type":"post","link":"https:\/\/cirandadefilmes.com.br\/cirandacirandinha\/o-tempo-e-a-natureza-como-mestres-da-infancia\/","title":{"rendered":"O tempo e a natureza como mestres da inf\u00e2ncia"},"content":{"rendered":"<p>A imers\u00e3o foi total. Nessa fria manh\u00e3 de S\u00e3o Paulo, a sala 1 do Espa\u00e7o Ita\u00fa de Cinema Augusta esteve lotada por gente querendo ver, entender e sentir um pouco da experi\u00eancia vivenciada por Suzanne Crocker e sua fam\u00edlia. A canadense decidiu, com seu marido, deixar a vida na cidade \u2013 e seus confortos \u2013 e passar um per\u00edodo numa regi\u00e3o in\u00f3spita e gelada no Territ\u00f3rio de Yukon com os tr\u00eas filhos. Chegaram a pegar \u2013 51oC.<\/p>\n<p>L\u00e1, na cabana que constru\u00edram e onde passaram nove meses, n\u00e3o tinham eletricidade, \u00e1gua corrente, acesso para estradas e nem vizinhos.<\/p>\n<p><a href=\"https:\/\/cirandadefilmes.com.br\/cirandacirandinha\/br\/filme\/92-Todo-o-Tempo-do-Mundo\">&#8220;Todo o Tempo do Mundo&#8221;<\/a>\u00a0conta essa hist\u00f3ria, registrada pela pr\u00f3pria protagonista-m\u00e3e- diretora \u2013 presente na sess\u00e3o. Para quem tem reclamado da temperatura na capital paulista nos \u00faltimos dias, as cenas repletas de gelo, muita roupa, rio e galhos congelados estampadas na telona podem ter causado frio na espinha. Mas as rela\u00e7\u00f5es entre os cinco membros da fam\u00edlia, o afeto entre eles, a forte rela\u00e7\u00e3o com a natureza, a criatividade das crian\u00e7as em ocupar seus tempos livres certamente aqueceram a sala de cinema.<\/p>\n<p>Suzanne queria ter uma outra perspectiva, criar uma nova rela\u00e7\u00e3o com os filhos \u2013 com 10, 8 e 4 anos na \u00e9poca. Sentia, em alguns momentos, que estavam se separando. Surgiu ent\u00e3o a ideia da viagem \u2013 bem anterior \u00e0 decis\u00e3o de registrar o dia a dia deles (e originar esse document\u00e1rio). E agora, mesmo que cinco anos tenham se passado, ela conta que \u201csente tristeza todas as vezes que v\u00ea o filme: a tristeza de sair do mato\u201d.<\/p>\n<p>Foi a rela\u00e7\u00e3o com a natureza \u2013 com seus ciclos e nuances \u2013 e a proximidade entre os pais e seus filhos que gerou tanta riqueza. Foi l\u00e1 que Suzanne sentiu uma \u201cgrande altera\u00e7\u00e3o da mentalidade\u201d ao dizer muito mais \u201csim\u201d aos filhos que os habituais e preventivos \u201cn\u00e3o\u201d. Uma das crian\u00e7as menciona \u201caquela grande cama familiar\u201d como um dos momentos mais especiais da experi\u00eancia. Em outro momento, ouvimos tamb\u00e9m vindo das pequenas: \u201cn\u00e3o, n\u00e3o estou pronta para deixar o mato\u201d.<\/p>\n<p>Na conversa que se seguiu \u00e0 exibi\u00e7\u00e3o, a m\u00e3e \/ diretora refor\u00e7a a quest\u00e3o do tempo e sua percep\u00e7\u00e3o. No document\u00e1rio, ela pontua: \u201cfoi incr\u00edvel o que aconteceu sem rel\u00f3gios: quando se retira essa estrutura do tempo, ficamos no presente\u201d. Atualmente vivendo no Canad\u00e1 em sua cidade de origem \u2013 com seus 1500 habitantes \u2013 Suzanne diz que n\u00e3o usa rel\u00f3gio de pulso, n\u00e3o tem celular e o computador necess\u00e1rio para o trabalho \u00e9 trancado no arm\u00e1rio quando n\u00e3o est\u00e1 sendo usado.<\/p>\n<p>Para ela, \u00e9 fundamental estar integralmente no momento presente. Seus filhos n\u00e3o t\u00eam tela \u00e0 disposi\u00e7\u00e3o \u2013 em nenhum formato \u2013 garante que n\u00e3o sentem falta e sabem usufruir de seus tempos livres. Suzanne defende que as crian\u00e7as precisam de tempo e espa\u00e7o; que com esses elementos, as brincadeiras surgem, a criatividade brota e as experi\u00eancias acontecem naturalmente.<\/p>\n<p>Gandhy Piorski, pesquisador da inf\u00e2ncia, presente no bate-papo, relembra uma fala de Ailton Krenak, l\u00edder ind\u00edgena que esteve na primeira Roda de Conversa da Ciranda. Diz que \u201ca natureza \u00e9 mesmo como uma m\u00e3e rigorosa\u201d. E ele elogia a coragem de Suzanne e seu marido em levar os filhos para um lugar g\u00e9lido, isolado com o risco de se pegar a \u201cfebre da cabana\u201d (refer\u00eancia a algo como o del\u00edrio, provocado por temperaturas muito baixas). \u201cPoucas m\u00e3es t\u00eam a coragem de mostrar, de fato, a severidade das coisas\u201d.<\/p>\n<p>Piorski enfatiza tamb\u00e9m a \u201cbusca de um prop\u00f3sito\u201d vivida por aquela fam\u00edlia. E destaca a import\u00e2ncia das experi\u00eancias: \u201cAs crian\u00e7as precisam desse grau de inteireza\u201d. Menciona como exemplo, o fato de todas elas manusearem instrumentos reais, como machados e brinca sugerindo que, se fossem de pl\u00e1stico, soaria \u201cfalso\u201d porque n\u00e3o repercutiria no corpo.<\/p>\n<p>Texto: Regina Cintra<\/p>\n","protected":false},"excerpt":{"rendered":"<p>A imers\u00e3o foi total no Espa\u00e7o Ita\u00fa de Cinema<\/p>\n","protected":false},"author":1,"featured_media":4299,"comment_status":"open","ping_status":"open","sticky":false,"template":"","format":"standard","meta":{"_mo_disable_npp":"","footnotes":""},"categories":[2,50],"tags":[],"class_list":["post-4297","post","type-post","status-publish","format-standard","has-post-thumbnail","hentry","category-olhares","category-olhares-2016"],"_links":{"self":[{"href":"https:\/\/cirandadefilmes.com.br\/cirandacirandinha\/wp-json\/wp\/v2\/posts\/4297","targetHints":{"allow":["GET"]}}],"collection":[{"href":"https:\/\/cirandadefilmes.com.br\/cirandacirandinha\/wp-json\/wp\/v2\/posts"}],"about":[{"href":"https:\/\/cirandadefilmes.com.br\/cirandacirandinha\/wp-json\/wp\/v2\/types\/post"}],"author":[{"embeddable":true,"href":"https:\/\/cirandadefilmes.com.br\/cirandacirandinha\/wp-json\/wp\/v2\/users\/1"}],"replies":[{"embeddable":true,"href":"https:\/\/cirandadefilmes.com.br\/cirandacirandinha\/wp-json\/wp\/v2\/comments?post=4297"}],"version-history":[{"count":3,"href":"https:\/\/cirandadefilmes.com.br\/cirandacirandinha\/wp-json\/wp\/v2\/posts\/4297\/revisions"}],"predecessor-version":[{"id":4301,"href":"https:\/\/cirandadefilmes.com.br\/cirandacirandinha\/wp-json\/wp\/v2\/posts\/4297\/revisions\/4301"}],"wp:featuredmedia":[{"embeddable":true,"href":"https:\/\/cirandadefilmes.com.br\/cirandacirandinha\/wp-json\/wp\/v2\/media\/4299"}],"wp:attachment":[{"href":"https:\/\/cirandadefilmes.com.br\/cirandacirandinha\/wp-json\/wp\/v2\/media?parent=4297"}],"wp:term":[{"taxonomy":"category","embeddable":true,"href":"https:\/\/cirandadefilmes.com.br\/cirandacirandinha\/wp-json\/wp\/v2\/categories?post=4297"},{"taxonomy":"post_tag","embeddable":true,"href":"https:\/\/cirandadefilmes.com.br\/cirandacirandinha\/wp-json\/wp\/v2\/tags?post=4297"}],"curies":[{"name":"wp","href":"https:\/\/api.w.org\/{rel}","templated":true}]}}