{"id":4293,"date":"2016-06-11T19:47:18","date_gmt":"2016-06-11T22:47:18","guid":{"rendered":"https:\/\/cirandadefilmes.com.br\/cirandacirandinha\/?p=4293"},"modified":"2021-08-25T19:48:38","modified_gmt":"2021-08-25T22:48:38","slug":"roda-de-conversa-mestre-do-intangivel","status":"publish","type":"post","link":"https:\/\/cirandadefilmes.com.br\/cirandacirandinha\/roda-de-conversa-mestre-do-intangivel\/","title":{"rendered":"Roda de conversa: Mestre do Intang\u00edvel"},"content":{"rendered":"<p class=\"p1\"><span class=\"s1\">A segunda Roda de Conversa da Ciranda de Filmes reuniu nessa tarde, no Cinesesc, a core\u00f3grafa e bailarina Georgia Lengos, a educadora musical Teca Alencar Brito e o fot\u00f3grafo e pedagogo Claudio Feij\u00f3. A media\u00e7\u00e3o ficou por conta da jornalista especializada em inf\u00e2ncia Gabriela Romeu.<\/span><\/p>\n<p class=\"p1\"><span class=\"s1\">Todos eles abriram suas falas contando sobre suas inf\u00e2ncias, mem\u00f3rias e a rela\u00e7\u00e3o que tiveram, desde cedo, com o corpo, movimento e som. Georgia, que tem a figura de seu pai dan\u00e7ando em cima da mesa como uma forte lembran\u00e7a, fala e enaltece a import\u00e2ncia da nossa rela\u00e7\u00e3o com o pr\u00f3prio corpo. Para a core\u00f3grafa, o movimento \u00e9 algo intr\u00ednseco ao animal e ao ser humano: \u201cdesde a concep\u00e7\u00e3o, tudo \u00e9 movimento\u201d. N\u00e3o por acaso, seu caminho foi a dan\u00e7a que, ainda segundo sua leitura, re\u00fane corpo, movimento, espa\u00e7o e o tempo. Os mesmos elementos que, somados, constituem a ess\u00eancia da brincadeira.<\/span><\/p>\n<p class=\"p1\"><span class=\"s1\">E a brincadeira tem ainda a imprevisibilidade, a surpresa, um caminho inicialmente tra\u00e7ado e pouco depois, desviado. Aspecto comum tamb\u00e9m \u00e0s manifesta\u00e7\u00f5es culturais \u2013 sejam elas quais forem. A cultura como mestre foi norte dessa conversa. Ela que se relaciona de forma integral com o sens\u00edvel, apresenta novos horizontes e realidades, questiona certezas e alimenta a alma. Na conversa falou-se de m\u00fasica, dan\u00e7a, olhar, da escola como um ambiente muitas vezes n\u00e3o estimulante ao que foge do padr\u00e3o j\u00e1 consagrado de conhecimento.<\/span><\/p>\n<p class=\"p1\"><span class=\"s1\">Teca acredita que \u201ca crian\u00e7a mergulha no sonoro, ela inventa, se reinventa\u201d e, a partir dos quatro anos, sua habilidade e capacidade nata de cria\u00e7\u00e3o passam a ser menos estimuladas e valorizadas. N\u00e3o coincidentemente, estamos aqui no per\u00edodo do in\u00edcio da escolariza\u00e7\u00e3o. A educadora musical apresenta, ent\u00e3o, uma grava\u00e7\u00e3o feita por alguns de seus alunos que tiveram liberdade na narrativa, instrumentos e tempos utilizados. Possibilidades que enriquecem o jogo da cultura, a brincadeira, aumentam o repert\u00f3rio, lidam com o diferente, respeitam as novidades.<\/span><\/p>\n<p class=\"p1\"><span class=\"s1\">Em sua fala de abertura, Teca contou que come\u00e7ou as aulas de piano aos 5 anos; que seu av\u00f4 tocava viol\u00e3o e os dois juntos \u201ceram um todo\u201d. Tamb\u00e9m desde cedo ficou intrigada com a obrigatoriedade de ir \u00e0s aulas, de seguir o m\u00e9todo formal. Sabiamente, sempre ouviu tamb\u00e9m o entorno, o informal. E defende: \u201ca gente tem que transformar essa ideia de quem \u00e9 o professor, o educador\u201d.<\/span><\/p>\n<p class=\"p1\"><span class=\"s1\">Claudio Feij\u00f3, fot\u00f3grafo e que vem ministrando oficinas de \u201cdescondicionamento do olhar\u201d ao redor do pa\u00eds, diz que um mestre muito importante \u2013 e desconsiderado \u2013 \u00e9 a ignor\u00e2ncia. E conta que seus pais \u201cn\u00e3o esperavam nada\u201d dele e, por isso, p\u00f4de ir \u201cpara todos os lados\u201d. Sua fala tem in\u00edcio de uma maneira inusitada: diferentemente das outras convidadas da roda, Feij\u00f3 contou seu relato sentado numa cadeira da plat\u00e9ia, entre o p\u00fablico. Para ele, os h\u00e1bitos e a repeti\u00e7\u00e3o provocam expectativas limitantes. O nosso olhar sobre n\u00f3s mesmos, o que os outros t\u00eam sobre n\u00f3s e o que temos do mundo se somam e criam um universo de diferentes interpreta\u00e7\u00f5es e camadas.<\/span><\/p>\n<p class=\"p1\">Texto: Regina Cintra<\/p>\n","protected":false},"excerpt":{"rendered":"<p>Reflete a arte como mestre<\/p>\n","protected":false},"author":1,"featured_media":4296,"comment_status":"open","ping_status":"open","sticky":false,"template":"","format":"standard","meta":{"_mo_disable_npp":"","footnotes":""},"categories":[2,50],"tags":[],"class_list":["post-4293","post","type-post","status-publish","format-standard","has-post-thumbnail","hentry","category-olhares","category-olhares-2016"],"_links":{"self":[{"href":"https:\/\/cirandadefilmes.com.br\/cirandacirandinha\/wp-json\/wp\/v2\/posts\/4293","targetHints":{"allow":["GET"]}}],"collection":[{"href":"https:\/\/cirandadefilmes.com.br\/cirandacirandinha\/wp-json\/wp\/v2\/posts"}],"about":[{"href":"https:\/\/cirandadefilmes.com.br\/cirandacirandinha\/wp-json\/wp\/v2\/types\/post"}],"author":[{"embeddable":true,"href":"https:\/\/cirandadefilmes.com.br\/cirandacirandinha\/wp-json\/wp\/v2\/users\/1"}],"replies":[{"embeddable":true,"href":"https:\/\/cirandadefilmes.com.br\/cirandacirandinha\/wp-json\/wp\/v2\/comments?post=4293"}],"version-history":[{"count":2,"href":"https:\/\/cirandadefilmes.com.br\/cirandacirandinha\/wp-json\/wp\/v2\/posts\/4293\/revisions"}],"predecessor-version":[{"id":4295,"href":"https:\/\/cirandadefilmes.com.br\/cirandacirandinha\/wp-json\/wp\/v2\/posts\/4293\/revisions\/4295"}],"wp:featuredmedia":[{"embeddable":true,"href":"https:\/\/cirandadefilmes.com.br\/cirandacirandinha\/wp-json\/wp\/v2\/media\/4296"}],"wp:attachment":[{"href":"https:\/\/cirandadefilmes.com.br\/cirandacirandinha\/wp-json\/wp\/v2\/media?parent=4293"}],"wp:term":[{"taxonomy":"category","embeddable":true,"href":"https:\/\/cirandadefilmes.com.br\/cirandacirandinha\/wp-json\/wp\/v2\/categories?post=4293"},{"taxonomy":"post_tag","embeddable":true,"href":"https:\/\/cirandadefilmes.com.br\/cirandacirandinha\/wp-json\/wp\/v2\/tags?post=4293"}],"curies":[{"name":"wp","href":"https:\/\/api.w.org\/{rel}","templated":true}]}}