{"id":4289,"date":"2016-06-11T19:45:59","date_gmt":"2016-06-11T22:45:59","guid":{"rendered":"https:\/\/cirandadefilmes.com.br\/cirandacirandinha\/?p=4289"},"modified":"2021-08-25T19:46:12","modified_gmt":"2021-08-25T22:46:12","slug":"homenagem-ao-mario-de-andrade","status":"publish","type":"post","link":"https:\/\/cirandadefilmes.com.br\/cirandacirandinha\/homenagem-ao-mario-de-andrade\/","title":{"rendered":"Homenagem ao M\u00e1rio de Andrade"},"content":{"rendered":"<div><b><img decoding=\"async\" src=\"http:\/\/cirandadefilmes1.hospedagemdesites.ws\/_img\/_banco_imagens\/WhatsApp-Image-20160610.jpg\" alt=\"\" border=\"0\" \/><br \/>\n<\/b><\/div>\n<div><b><img loading=\"lazy\" decoding=\"async\" class=\"alignnone size-full wp-image-4290\" src=\"https:\/\/cirandadefilmes.com.br\/cirandacirandinha\/wp-content\/uploads\/2021\/08\/WhatsApp-Image-20160610.jpeg\" alt=\"\" width=\"1280\" height=\"920\" srcset=\"https:\/\/cirandadefilmes.com.br\/cirandacirandinha\/wp-content\/uploads\/2021\/08\/WhatsApp-Image-20160610.jpeg 1280w, https:\/\/cirandadefilmes.com.br\/cirandacirandinha\/wp-content\/uploads\/2021\/08\/WhatsApp-Image-20160610-300x216.jpeg 300w, https:\/\/cirandadefilmes.com.br\/cirandacirandinha\/wp-content\/uploads\/2021\/08\/WhatsApp-Image-20160610-1024x736.jpeg 1024w, https:\/\/cirandadefilmes.com.br\/cirandacirandinha\/wp-content\/uploads\/2021\/08\/WhatsApp-Image-20160610-768x552.jpeg 768w, https:\/\/cirandadefilmes.com.br\/cirandacirandinha\/wp-content\/uploads\/2021\/08\/WhatsApp-Image-20160610-1200x863.jpeg 1200w\" sizes=\"auto, (max-width: 1280px) 100vw, 1280px\" \/><\/b><\/div>\n<p><a href=\"https:\/\/cirandadefilmes.com.br\/cirandacirandinha\/br\/filme\/140-Mario-e-a-Missao\">&#8220;M\u00e1rio e a Miss\u00e3o&#8221;<\/a>, filme de Luiz Adriano Daminello, \u00e9 um document\u00e1rio repleto de material de arquivo e entrevistas. E m\u00fasica, dan\u00e7a e falas de mestres populares em seus territ\u00f3rios: jongo, coco, cavalo marinho, tambor de crioula, batuque. E quem comanda essa pesquisa pelas dan\u00e7as folcl\u00f3ricas e cultura popular \u00e9 Mario de Andrade. Atrav\u00e9s da curiosidade e vasta pesquisa feita pelo escritor modernista, d\u00e9cadas atr\u00e1s, chegamos na ess\u00eancia de muitas dessas manifesta\u00e7\u00f5es.<\/p>\n<p>O document\u00e1rio reconta, por exemplo, a lend\u00e1ria viagem feita por Andrade pelo rio Amazonas, indo de Bel\u00e9m a Iquitos, no Peru, al\u00e9m de sua viagem etnogr\u00e1fica pelo Nordeste. H\u00e1 sons e imagens captadas nos anos 20 e 30, por exemplo, e h\u00e1 conversas com quem vive e lida com cultura popular na ponta, no fazer &#8211; feitas recentemente.<\/p>\n<p>Logo depois da sess\u00e3o, no Cinesesc, aconteceu uma conversa aberta ao p\u00fablico. E, ao lado do diretor, ningu\u00e9m melhor que o m\u00fasico, compositor e bailarino Antonio N\u00f3brega, artista plural que une, como poucos, a tradi\u00e7\u00e3o, o popular e o erudito. O pernambucano come\u00e7a sua fala contextualizando a origem da cultura popular: a mistura, as refer\u00eancias m\u00faltiplas, as mem\u00f3rias, narrativas e viv\u00eancias do povo ind\u00edgena negro e portugu\u00eas. A forma\u00e7\u00e3o do Brasil em suas diversas camadas. \u201c\u00c9 esse o caldo \u00e9tnico cultural que, ao longo dos anos, vai criar esse majestoso universo, que acabamos de ver\u201d.<\/p>\n<p>Infelizmente, para ele \u201co Brasil n\u00e3o legitimou a sua cultura popular\u201d e provoca sobre a sua import\u00e2ncia, j\u00e1 que ela n\u00e3o est\u00e1 impregnada nos nossos h\u00e1bitos culturais: serviria para alguma coisa que n\u00e3o a pesquisa? Para ele, h\u00e1 duas linhas culturais que correm quase que paralelamente e, em poucos momentos, se encontram. Cita Heitor Villa-Lobos e Guimar\u00e3es Rosa como refer\u00eancias desses pontos de intersec\u00e7\u00e3o.<\/p>\n<p>Daminello completa que o \u201cpara turista ver\u201d tamb\u00e9m acabou por empobrecer diversas manifesta\u00e7\u00f5es, inclusive no tempo de suas execu\u00e7\u00f5es. A partir da\u00ed, os governos bancam tamb\u00e9m com esse prop\u00f3sito: pouco tempo e um pouco de tudo, o que interfere radicalmente nas ess\u00eancias daquelas dan\u00e7as.<\/p>\n<p>Terminando a conversa, N\u00f3brega se apresentou rapidamente ao p\u00fablico, com sua voz e viol\u00e3o.<\/p>\n<p>Texto: Regina Cintra<\/p>\n","protected":false},"excerpt":{"rendered":"<p>Exibi\u00e7\u00e3o de M\u00e1rio e a miss\u00e3o<\/p>\n","protected":false},"author":1,"featured_media":4291,"comment_status":"open","ping_status":"open","sticky":false,"template":"","format":"standard","meta":{"_mo_disable_npp":"","footnotes":""},"categories":[2,50],"tags":[],"class_list":["post-4289","post","type-post","status-publish","format-standard","has-post-thumbnail","hentry","category-olhares","category-olhares-2016"],"_links":{"self":[{"href":"https:\/\/cirandadefilmes.com.br\/cirandacirandinha\/wp-json\/wp\/v2\/posts\/4289","targetHints":{"allow":["GET"]}}],"collection":[{"href":"https:\/\/cirandadefilmes.com.br\/cirandacirandinha\/wp-json\/wp\/v2\/posts"}],"about":[{"href":"https:\/\/cirandadefilmes.com.br\/cirandacirandinha\/wp-json\/wp\/v2\/types\/post"}],"author":[{"embeddable":true,"href":"https:\/\/cirandadefilmes.com.br\/cirandacirandinha\/wp-json\/wp\/v2\/users\/1"}],"replies":[{"embeddable":true,"href":"https:\/\/cirandadefilmes.com.br\/cirandacirandinha\/wp-json\/wp\/v2\/comments?post=4289"}],"version-history":[{"count":1,"href":"https:\/\/cirandadefilmes.com.br\/cirandacirandinha\/wp-json\/wp\/v2\/posts\/4289\/revisions"}],"predecessor-version":[{"id":4292,"href":"https:\/\/cirandadefilmes.com.br\/cirandacirandinha\/wp-json\/wp\/v2\/posts\/4289\/revisions\/4292"}],"wp:featuredmedia":[{"embeddable":true,"href":"https:\/\/cirandadefilmes.com.br\/cirandacirandinha\/wp-json\/wp\/v2\/media\/4291"}],"wp:attachment":[{"href":"https:\/\/cirandadefilmes.com.br\/cirandacirandinha\/wp-json\/wp\/v2\/media?parent=4289"}],"wp:term":[{"taxonomy":"category","embeddable":true,"href":"https:\/\/cirandadefilmes.com.br\/cirandacirandinha\/wp-json\/wp\/v2\/categories?post=4289"},{"taxonomy":"post_tag","embeddable":true,"href":"https:\/\/cirandadefilmes.com.br\/cirandacirandinha\/wp-json\/wp\/v2\/tags?post=4289"}],"curies":[{"name":"wp","href":"https:\/\/api.w.org\/{rel}","templated":true}]}}