{"id":4274,"date":"2016-06-25T19:37:40","date_gmt":"2016-06-25T22:37:40","guid":{"rendered":"https:\/\/cirandadefilmes.com.br\/cirandacirandinha\/?p=4274"},"modified":"2021-08-25T19:38:04","modified_gmt":"2021-08-25T22:38:04","slug":"de-quem-e-o-coracao-que-ouvimos-bater","status":"publish","type":"post","link":"https:\/\/cirandadefilmes.com.br\/cirandacirandinha\/de-quem-e-o-coracao-que-ouvimos-bater\/","title":{"rendered":"De quem \u00e9 o cora\u00e7\u00e3o que ouvimos bater?"},"content":{"rendered":"<p class=\"p1\"><span class=\"s1\"><a href=\"https:\/\/cirandadefilmes.com.br\/cirandacirandinha\/br\/filme\/95-Caverna-dos-Sonhos-Esquecidos\">&#8220;Caverna\u00a0dos\u00a0sonhos\u00a0esquecidos&#8221;<\/a>, do mestre Werner Herzog, \u00e9 um di\u00e1logo sobre nossas po\u00e9ticas: a mat\u00e9ria e a sensibilidade de que somos feitos, as imagens que pulsam a nossa mitologia, as tradu\u00e7\u00f5es do tempo que ligam obras da natureza e do homem, a partir da compreens\u00e3o do tempo como algo irrevers\u00edvel, impreciso e misterioso.\u00a0<\/span><\/p>\n<p class=\"p1\"><span class=\"s1\">No Sul da Fran\u00e7a foi encontrado\u00a0um\u00a0dos\u00a0mais importantes s\u00edtios de arte pr\u00e9-hist\u00f3rica do mundo, a Caverna de Chauvet. Um pequeno grupo formado por arque\u00f3logos, pesquisadores e artistas adentrou a esse lugar para investiga\u00e7\u00e3o de pinturas rupestres, at\u00e9 ent\u00e3o intoc\u00e1veis. Herzog acompanhou e comp\u00f4s um olhar e uma conversa surpreendentes com os pesquisadores. Coisa que apenas mestres do document\u00e1rio sabem fazer e provocar.<\/span><\/p>\n<p class=\"p1\"><span class=\"s1\">\u201cSil\u00eancio! Por favor, vamos ouvir! Se ficarmos em sil\u00eancio podemos escutar a batida do cora\u00e7\u00e3o\u201d, um\u00a0dos\u00a0pesquisadores chamou aten\u00e7\u00e3o. Herzog complementa, como mestre das narrativas que provocam: \u201cessa batida de cora\u00e7\u00e3o ser\u00e1 deles (eles todos que viveram ou passaram por essa\u00a0caverna\u00a0em 30.000 anos), ou de nosso cora\u00e7\u00e3o?\u201d Qual a precis\u00e3o dessa batida? A aura incr\u00edvel desse caverna que guarda mist\u00e9rios da hist\u00f3ria da humanidade em seu \u00fatero, se encontra facilmente ligada a uma pe\u00e7a de Wagner e a uma pintura rom\u00e2ntica alem\u00e3. Como essas coisas se conectam como parte uma da outra? Como uma apoia a aprecia\u00e7\u00e3o e o transbordamento da outra?<\/span><\/p>\n<p class=\"p1\"><span class=\"s1\">As nossas formas de narrar o tempo n\u00e3o d\u00e3o conta desse lugar. Os arque\u00f3logos criam hip\u00f3teses sobre um conjunto de desenhos em uma mesma parede. Eles podem ter sido feitos, cada uma deles, com milhares de anos de diferen\u00e7a. Um abismo no tempo. \u00c9 como se seu bisav\u00f4 tivesse feito um desenho h\u00e1 muitos anos atr\u00e1s e voc\u00ea estivesse finalizado o mesmo nos dias atuais, em um lugar que lhes \u00e9 comum. A nossa ancestralidade presente simultaneamente em todos os tempos.\u00a0<\/span><\/p>\n<p class=\"p1\"><span class=\"s1\">Uma das investiga\u00e7\u00f5es mais impactantes foi de uma pegada de uma crian\u00e7a de 8 anos que est\u00e1 pr\u00f3xima \u00e0 pegada de um lobo. Os estudiosos detectam as duas esp\u00e9cies, a idade, n\u00e3o h\u00e1 informa\u00e7\u00f5es precisas, mas algumas suposi\u00e7\u00f5es: era uma crian\u00e7a que fugia do lobo? Eles caminhavam juntos, eram amigos? Viveram no mesmo per\u00edodo? Fotografias de vidas sobrepostas que pairam por esse lugar.<\/span><\/p>\n<p class=\"p1\"><span class=\"s1\">O que nos \u00e9 comum, em todos os tempos, \u00e9 nossa capacidade de adapta\u00e7\u00e3o, comunica\u00e7\u00e3o e registro; recursos de nossa humanidade que nos apoiam em nossa necessidade de evoca\u00e7\u00e3o\u00a0dos\u00a0mist\u00e9rios e de transmiss\u00e3o do nosso olhar perante o mundo.\u00a0<\/span><\/p>\n<p class=\"p1\"><span class=\"s1\">Saiba mais sobre o filme\u00a0<a href=\"http:\/\/cirandadefilmes1.hospedagemdesites.ws\/br\/filme\/95-Caverna-dos-Sonhos-Esquecidos\">aqui<\/a>.\u00a0<\/span><\/p>\n<p class=\"p1\"><span class=\"s1\">Texto: Vanessa Fort\u00a0<\/span><\/p>\n","protected":false},"excerpt":{"rendered":"<p>Caverna dos sonhos esquecidos <\/p>\n","protected":false},"author":1,"featured_media":4275,"comment_status":"open","ping_status":"open","sticky":false,"template":"","format":"standard","meta":{"_mo_disable_npp":"","footnotes":""},"categories":[2,50],"tags":[],"class_list":["post-4274","post","type-post","status-publish","format-standard","has-post-thumbnail","hentry","category-olhares","category-olhares-2016"],"_links":{"self":[{"href":"https:\/\/cirandadefilmes.com.br\/cirandacirandinha\/wp-json\/wp\/v2\/posts\/4274","targetHints":{"allow":["GET"]}}],"collection":[{"href":"https:\/\/cirandadefilmes.com.br\/cirandacirandinha\/wp-json\/wp\/v2\/posts"}],"about":[{"href":"https:\/\/cirandadefilmes.com.br\/cirandacirandinha\/wp-json\/wp\/v2\/types\/post"}],"author":[{"embeddable":true,"href":"https:\/\/cirandadefilmes.com.br\/cirandacirandinha\/wp-json\/wp\/v2\/users\/1"}],"replies":[{"embeddable":true,"href":"https:\/\/cirandadefilmes.com.br\/cirandacirandinha\/wp-json\/wp\/v2\/comments?post=4274"}],"version-history":[{"count":1,"href":"https:\/\/cirandadefilmes.com.br\/cirandacirandinha\/wp-json\/wp\/v2\/posts\/4274\/revisions"}],"predecessor-version":[{"id":4276,"href":"https:\/\/cirandadefilmes.com.br\/cirandacirandinha\/wp-json\/wp\/v2\/posts\/4274\/revisions\/4276"}],"wp:featuredmedia":[{"embeddable":true,"href":"https:\/\/cirandadefilmes.com.br\/cirandacirandinha\/wp-json\/wp\/v2\/media\/4275"}],"wp:attachment":[{"href":"https:\/\/cirandadefilmes.com.br\/cirandacirandinha\/wp-json\/wp\/v2\/media?parent=4274"}],"wp:term":[{"taxonomy":"category","embeddable":true,"href":"https:\/\/cirandadefilmes.com.br\/cirandacirandinha\/wp-json\/wp\/v2\/categories?post=4274"},{"taxonomy":"post_tag","embeddable":true,"href":"https:\/\/cirandadefilmes.com.br\/cirandacirandinha\/wp-json\/wp\/v2\/tags?post=4274"}],"curies":[{"name":"wp","href":"https:\/\/api.w.org\/{rel}","templated":true}]}}