{"id":4259,"date":"2016-09-02T19:19:28","date_gmt":"2016-09-02T22:19:28","guid":{"rendered":"https:\/\/cirandadefilmes.com.br\/cirandacirandinha\/?p=4259"},"modified":"2021-08-25T19:20:18","modified_gmt":"2021-08-25T22:20:18","slug":"mario-de-andrade-no-clube-do-professor","status":"publish","type":"post","link":"https:\/\/cirandadefilmes.com.br\/cirandacirandinha\/mario-de-andrade-no-clube-do-professor\/","title":{"rendered":"M\u00e1rio de Andrade no Clube do Professor"},"content":{"rendered":"<p>A Ciranda de Filmes inaugura um ciclo de sess\u00f5es no Clube do Professor com o intuito de dar continuidade \u00e0s conversas em torno dos filmes e temas da mostra, pioneira no Brasil na abordagem da inf\u00e2ncia e educa\u00e7\u00e3o.<\/p>\n<p>Na primeira sess\u00e3o deste ciclo, exibiremos o filme\u00a0<a href=\"https:\/\/cirandadefilmes.com.br\/cirandacirandinha\/br\/filme\/140-Mario-e-a-Missao\">\u201cM\u00e1rio e a Miss\u00e3o\u201d<\/a>, do diretor Luiz Adriano Daminello, que refaz o trajeto das legend\u00e1rias expedi\u00e7\u00f5es comandadas pelo escritor modernista M\u00e1rio de Andrade para pesquisar manifesta\u00e7\u00f5es folcl\u00f3ricas e da cultura popular do Brasil. O poeta M\u00e1rio de Andrade foi homenageado na Ciranda de Filmes 2016, que teve como tema\u00a0<b><i>Mestres, refer\u00eancias para um tempo de incertezas<\/i><\/b>.<\/p>\n<p>\u201cDescobrir e registrar as narrativas populares foram uma das grandes miss\u00f5es e contribui\u00e7\u00f5es de M\u00e1rio de Andrade para o Brasil, pa\u00eds que j\u00e1 nasceu ideia de teceduras de culturas, cosmologias e sincretismos. A cultura popular que nasce e se manifesta das ruas e dos terreiros. M\u00e1rio ocupou-se de cora\u00e7\u00e3o e alma, toda sua vida, para narrar a poesia das manifesta\u00e7\u00f5es populares. Narrador digno das narrativas para as quais se dedicou. Um narrador-guardi\u00e3o, aprendiz da alma do povo, cultura que antes do modernismo brasileiro n\u00e3o era reconhecida ou valorizada.\u201d\u00a0<i>Vanessa Fort para a Ciranda de Filmes<\/i><\/p>\n<p>Logo ap\u00f3s o filme houve um bate papo com o cineasta, documentarista e diretor de fotografia Luiz Adriano Daminello, que atualmente \u00e9 professor de fotografia da Universidade Federal do Par\u00e1 e realiza suas pesquisas cinematogr\u00e1ficas pelas comunidades que habitam a margem do Rio Amazonas, e com o pianista, percussionista e etnomusic\u00f3logo Paulo Dias. Paulo \u00e9 fundador e diretor da\u00a0<a href=\"http:\/\/www.cachuera.org.br\/\">Associa\u00e7\u00e3o Cultural Cachuera!<\/a>\u00a0e um grande pesquisador da cultura popular tradicional e da m\u00fasica de raiz brasileira e de suas comunidades produtoras.<\/p>\n<div><img decoding=\"async\" src=\"http:\/\/cirandadefilmes1.hospedagemdesites.ws\/_img\/_banco_imagens\/140.jpg\" alt=\"\" border=\"0\" \/>Sinopse:<br \/>\n<a href=\"https:\/\/cirandadefilmes.com.br\/cirandacirandinha\/br\/filme\/140-Mario-e-a-Missao\">&#8220;M\u00e1rio e a Miss\u00e3o&#8221;\u00a0<\/a>\u00e9 um longa-metragem derivado da s\u00e9rie com mesmo nome. Mostra as pesquisas sobre as manifesta\u00e7\u00f5es folcl\u00f3ricas realizadas pelo escritor modernista M\u00e1rio de Andrade, desde sua lend\u00e1ria viagem pelo rio Amazonas indo de Bel\u00e9m a Iquitos no Peru, sua Viagem Etnogr\u00e1fica pelo Nordeste, at\u00e9 a Miss\u00e3o de Pesquisas Folcl\u00f3ricas comandada por ele em 1938. O document\u00e1rio apresenta um extenso material de arquivo e refaz o trajeto das expedi\u00e7\u00f5es, registrando na atualidade os mestres das mesmas manifesta\u00e7\u00f5es estudadas por M\u00e1rio de Andrade.<\/p>\n<p>Dire\u00e7\u00e3o: Luiz Adriano Daminello<\/p>\n<p>Roteiro: Luiz Adriano Daminello, Ligia Schiavon Duarte, Simone Azevedo, Maristela Tredice, Decio Filho<\/p>\n<p>Fotografia: Luiz Adriano Daminello, Marcelo Sponberg, Marcio Langiani<\/p>\n<p>Montagem: Luiz Adriano Daminello, L\u00eddia Chaib, Osmar Jorge Bush, Marcelo Ruggiero, Ligia Schiavon Duarte, Cristina Amaral<\/p>\n<p>Produ\u00e7\u00e3o Executiva: Jorge Palmari<\/p>\n<p>Som: M\u00e1rcio de Oliveira, Durval Leal Filho, Armando Onofri<\/p>\n<p>Elenco: Paschoal da Conscei\u00e7\u00e3o, Marcos Azevedo, Andre Boll, Chico Carvalho, Fernando Alves Pinto, Silvio Restiffe, Jos\u00e9 Rubens Chach\u00e1, Natalia Barros<\/p>\n<p>Produ\u00e7\u00e3o: Luiz Adriano Daminello<\/p>\n<\/div>\n","protected":false},"excerpt":{"rendered":"<p>Novo ciclo de conversas<\/p>\n","protected":false},"author":1,"featured_media":4261,"comment_status":"open","ping_status":"open","sticky":false,"template":"","format":"standard","meta":{"_mo_disable_npp":"","footnotes":""},"categories":[2,50],"tags":[],"class_list":["post-4259","post","type-post","status-publish","format-standard","has-post-thumbnail","hentry","category-olhares","category-olhares-2016"],"_links":{"self":[{"href":"https:\/\/cirandadefilmes.com.br\/cirandacirandinha\/wp-json\/wp\/v2\/posts\/4259","targetHints":{"allow":["GET"]}}],"collection":[{"href":"https:\/\/cirandadefilmes.com.br\/cirandacirandinha\/wp-json\/wp\/v2\/posts"}],"about":[{"href":"https:\/\/cirandadefilmes.com.br\/cirandacirandinha\/wp-json\/wp\/v2\/types\/post"}],"author":[{"embeddable":true,"href":"https:\/\/cirandadefilmes.com.br\/cirandacirandinha\/wp-json\/wp\/v2\/users\/1"}],"replies":[{"embeddable":true,"href":"https:\/\/cirandadefilmes.com.br\/cirandacirandinha\/wp-json\/wp\/v2\/comments?post=4259"}],"version-history":[{"count":2,"href":"https:\/\/cirandadefilmes.com.br\/cirandacirandinha\/wp-json\/wp\/v2\/posts\/4259\/revisions"}],"predecessor-version":[{"id":4262,"href":"https:\/\/cirandadefilmes.com.br\/cirandacirandinha\/wp-json\/wp\/v2\/posts\/4259\/revisions\/4262"}],"wp:featuredmedia":[{"embeddable":true,"href":"https:\/\/cirandadefilmes.com.br\/cirandacirandinha\/wp-json\/wp\/v2\/media\/4261"}],"wp:attachment":[{"href":"https:\/\/cirandadefilmes.com.br\/cirandacirandinha\/wp-json\/wp\/v2\/media?parent=4259"}],"wp:term":[{"taxonomy":"category","embeddable":true,"href":"https:\/\/cirandadefilmes.com.br\/cirandacirandinha\/wp-json\/wp\/v2\/categories?post=4259"},{"taxonomy":"post_tag","embeddable":true,"href":"https:\/\/cirandadefilmes.com.br\/cirandacirandinha\/wp-json\/wp\/v2\/tags?post=4259"}],"curies":[{"name":"wp","href":"https:\/\/api.w.org\/{rel}","templated":true}]}}