{"id":4235,"date":"2016-05-23T18:34:52","date_gmt":"2016-05-23T21:34:52","guid":{"rendered":"https:\/\/cirandadefilmes.com.br\/cirandacirandinha\/?p=4235"},"modified":"2021-08-25T18:38:23","modified_gmt":"2021-08-25T21:38:23","slug":"cordilheira-de-amora-ii","status":"publish","type":"post","link":"https:\/\/cirandadefilmes.com.br\/cirandacirandinha\/cordilheira-de-amora-ii\/","title":{"rendered":"Cordilheira de Amora II"},"content":{"rendered":"<p class=\"p1\">&#8220;<a href=\"http:\/\/cirandadefilmes1.hospedagemdesites.ws\/br\/filme\/91-Cordilheira-de-Amora-II\">A Cordilheira da Amora II<\/a>&#8221;\u00a0 \u00e9 um filme que come\u00e7a quando acaba. Um filme que desperta nosso poder criativo para novas realidades. A Ciranda vai chegando ao fim com a inten\u00e7\u00e3o de inspir\u00e1-las.<\/p>\n<p class=\"p2\">Da Celebra\u00e7\u00e3o do fim que se inicia, convidamos Jamille Fortunato (diretora), Lia Matos (produtora) e Alexandre Basso (imagens) para compartilhar o processo do filme, suas intensidades, insights e afetos. O filme \u00e9 um document\u00e1rio que apresenta o quintal de Cariane, uma indiazinha Guarani kaiow\u00e1\u00a0da Aldeia Amambai, em Mato Grosso do Sul.<\/p>\n<p class=\"p1\"><b>Em uma tarde no quintal<\/b><\/p>\n<p class=\"p1\">por Jamille, Lia e Alexandre<\/p>\n<p class=\"p1\">O encontro com a Cariane aconteceu durante a execu\u00e7\u00e3o do projeto Mem\u00f3rias do Futuro, uma a\u00e7\u00e3o produzida pelo Espa\u00e7o Imagin\u00e1rio, que tem como objetivo pesquisar a Cultura da Inf\u00e2ncia do Brasil atrav\u00e9s de um processo de sensibiliza\u00e7\u00e3o do olhar investigativo e criativo de jovens, educadores e crian\u00e7as. Em a\u00e7\u00f5es que se propagam em redes virtuais e presenciais, o Espa\u00e7o estimula a aproxima\u00e7\u00e3o de gera\u00e7\u00f5es e a troca de conhecimentos e pr\u00e1ticas relacionados ao brincar.<\/p>\n<p class=\"p1\">Jovens de diferentes grupos culturais do Mato Grosso do Sul: ind\u00edgenas, quilombolas, ribeirinhos e da cidade participaram das duas oficinas: a de sensibiliza\u00e7\u00e3o para a import\u00e2ncia do Brincar e a de t\u00e9cnicas de produ\u00e7\u00e3o audiovisual. O prop\u00f3sito da segunda era estimular os jovens para uma investiga\u00e7\u00e3o e documenta\u00e7\u00e3o de suas inf\u00e2ncias e as inf\u00e2ncias de suas comunidades.<\/p>\n<p class=\"p1\">Entre os jovens estava a Francielli Martines, irm\u00e3 da Cariane, uma das participantes do projeto, integrante do JIGA &#8211; Juventude Indigena Guarani em A\u00e7\u00e3o, grupo muito ativo na Aldeia Amambai em MS. Eles defendem e compartilham a mem\u00f3ria e Cultura local com um acervo audiovisual maravilhoso.<\/p>\n<p class=\"p2\">Fazia parte do processo de forma\u00e7\u00e3o dos jovens, o acompanhamento da pesquisa dos integrantes do projeto em cada comunidade. Foi justamente durante este per\u00edodo de acompanhamento da pesquisa que conhecemos a Cariane, em um dia em que fomos convidados pela Francielli para conhecer a sua casa e fam\u00edlia.<\/p>\n<p class=\"p2\">Logo ap\u00f3s o almo\u00e7o a Jamille foi dar uma caminhada nos arredores da casa e encontrou a Cariane. Pouco depois ela nos chamou e disse: &#8220;venham ver aqui uma coisa!&#8221; Fomos os 3 com outra c\u00e2mera. Para nosso encanto, o filme aconteceu assim, como as crian\u00e7as s\u00e3o: de um jeito muito espont\u00e2neo. Aos poucos ela foi nos mostrando o universo que havia ali no seu quintal, nos contando suas hist\u00f3rias e sonhos, inclusive de um filme invis\u00edvel.<\/p>\n<p class=\"p1\">Dentro desse processo, uma de nossas tentativas foi capturar para as telas as brincadeiras do imagin\u00e1rio de uma crian\u00e7a.\u00a0<a href=\"http:\/\/cirandadefilmes1.hospedagemdesites.ws\/br\/filme\/91-Cordilheira-de-Amora-II\">&#8220;Cordilheira de Amora II&#8221;<\/a>\u00a0foi tamb\u00e9m o resultado dessa busca, regada pelos olhares delicados e pela nossa parceria. Apesar de ter sido um document\u00e1rio espont\u00e2neo, sem planejamento pr\u00e9vio, filmado em menos de uma hora, usando apenas celular e handcam, ele s\u00f3 foi poss\u00edvel porque foi um trabalho em equipe que j\u00e1 vinha sendo realizado. Tivemos todo o cuidado e respeito ao entrar nas comunidades, sempre pedindo licen\u00e7a.<\/p>\n<p class=\"p1\">Naquela tarde de quintal, descobrimos muito mais do que j\u00e1 hav\u00edamos apreendido at\u00e9 ent\u00e3o. E reafirmamos a nossa certeza &#8211; e consci\u00eancia &#8211; sobre a capacidade que cada crian\u00e7a tem de transcender e transformar o que j\u00e1 est\u00e1 posto.<\/p>\n<p class=\"p1\"><b>Quest\u00f5es de territ\u00f3rio e transcend\u00eancia de fronteiras<\/b><\/p>\n<p class=\"p2\">Cariane nos mostra uma realidade de maneira muito sutil: um Brasil riqu\u00edssimo e abandonado, com interfer\u00eancias e valores s\u00f3cio-culturais diversos que chegam \u00e0s crian\u00e7as de forma descuidada, muitas vezes descontextualizadas, quest\u00f5es de territ\u00f3rios &#8211; suas propriedades, apropria\u00e7\u00f5es e novas elabora\u00e7\u00f5es.<\/p>\n<p class=\"p2\">Mesmo assim a crian\u00e7a alcan\u00e7a e transcende com seu potencial incr\u00edvel de cria\u00e7\u00e3o e transforma\u00e7\u00e3o. Ela e seus amigos nos dizem que, sim, \u00e9 poss\u00edvel ser bonito, que \u00e9 poss\u00edvel ter mais respeito, que \u00e9 preciso ouvir, que \u00e9 poss\u00edvel ter uma casa, cuidar, passear, transformar a escola em um lugar menos chato, que o lixo n\u00e3o \u00e9 lixo e pode ser transformado. Cariane deixa acontecer cordilheiras na plan\u00edcie do centro-oeste brasileiro com seus sonhos altos e p\u00e9zinhos no ch\u00e3o. Assim faz a vida menos seca e mais doce como as amoras! Ela nos diz que \u00e9 poss\u00edvel transformar!<\/p>\n<p class=\"p2\">E, assim, acreditamos que todas as crian\u00e7as deste mund\u00e3o carregam cordilheiras de amoras nos seus sonhos e cora\u00e7\u00f5es. Acreditamos tamb\u00e9m que o grande potencial do filme, o grande potencial que o cinema \u00e9 de sensibilizar, educar \u00e0 transcend\u00eancia com novas possibilidades de transforma\u00e7\u00e3o para situa\u00e7\u00f5es dif\u00edceis que est\u00e3o colocadas no mundo e que parecem imposs\u00edveis de serem solucionadas.<\/p>\n<p class=\"p2\">E, de forma contr\u00e1ria, a cria\u00e7\u00e3o, simplicidade e beleza nos dizem que, sim, \u00e9 poss\u00edvel!<\/p>\n","protected":false},"excerpt":{"rendered":"<p>Por novos filmes e realidades<\/p>\n","protected":false},"author":1,"featured_media":4236,"comment_status":"open","ping_status":"open","sticky":false,"template":"","format":"standard","meta":{"_mo_disable_npp":"","footnotes":""},"categories":[2,49],"tags":[],"class_list":["post-4235","post","type-post","status-publish","format-standard","has-post-thumbnail","hentry","category-olhares","category-olhares-2015"],"_links":{"self":[{"href":"https:\/\/cirandadefilmes.com.br\/cirandacirandinha\/wp-json\/wp\/v2\/posts\/4235","targetHints":{"allow":["GET"]}}],"collection":[{"href":"https:\/\/cirandadefilmes.com.br\/cirandacirandinha\/wp-json\/wp\/v2\/posts"}],"about":[{"href":"https:\/\/cirandadefilmes.com.br\/cirandacirandinha\/wp-json\/wp\/v2\/types\/post"}],"author":[{"embeddable":true,"href":"https:\/\/cirandadefilmes.com.br\/cirandacirandinha\/wp-json\/wp\/v2\/users\/1"}],"replies":[{"embeddable":true,"href":"https:\/\/cirandadefilmes.com.br\/cirandacirandinha\/wp-json\/wp\/v2\/comments?post=4235"}],"version-history":[{"count":1,"href":"https:\/\/cirandadefilmes.com.br\/cirandacirandinha\/wp-json\/wp\/v2\/posts\/4235\/revisions"}],"predecessor-version":[{"id":4237,"href":"https:\/\/cirandadefilmes.com.br\/cirandacirandinha\/wp-json\/wp\/v2\/posts\/4235\/revisions\/4237"}],"wp:featuredmedia":[{"embeddable":true,"href":"https:\/\/cirandadefilmes.com.br\/cirandacirandinha\/wp-json\/wp\/v2\/media\/4236"}],"wp:attachment":[{"href":"https:\/\/cirandadefilmes.com.br\/cirandacirandinha\/wp-json\/wp\/v2\/media?parent=4235"}],"wp:term":[{"taxonomy":"category","embeddable":true,"href":"https:\/\/cirandadefilmes.com.br\/cirandacirandinha\/wp-json\/wp\/v2\/categories?post=4235"},{"taxonomy":"post_tag","embeddable":true,"href":"https:\/\/cirandadefilmes.com.br\/cirandacirandinha\/wp-json\/wp\/v2\/tags?post=4235"}],"curies":[{"name":"wp","href":"https:\/\/api.w.org\/{rel}","templated":true}]}}