{"id":4232,"date":"2021-08-25T18:32:44","date_gmt":"2021-08-25T21:32:44","guid":{"rendered":"https:\/\/cirandadefilmes.com.br\/cirandacirandinha\/?p=4232"},"modified":"2021-08-25T18:32:44","modified_gmt":"2021-08-25T21:32:44","slug":"inicios-e-tonalidades-infantis","status":"publish","type":"post","link":"https:\/\/cirandadefilmes.com.br\/cirandacirandinha\/inicios-e-tonalidades-infantis\/","title":{"rendered":"In\u00edcios e tonalidades infantis"},"content":{"rendered":"<p class=\"p1\">Sobre o \u00a0<a href=\"http:\/\/cirandadefilmes1.hospedagemdesites.ws\/br\/filme\/58-Na-Idade-da-Inocencia\">&#8220;Na idade da Inoc\u00eancia&#8221;<\/a>, Dir.: Fran\u00e7ois Truffaut. Filme participante da Ciranda 2015.<\/p>\n<p class=\"p1\">Um cl\u00e1ssico de cinema tem a for\u00e7a de sua atemporalidade, marca uma \u00e9poca, a hist\u00f3ria inteira do cinema, e a hist\u00f3ria de v\u00e1rias gera\u00e7\u00f5es. Fran\u00e7ois Truffaut fez parte de uma gera\u00e7\u00e3o de cineastas e cr\u00edticos franceses que colaboraram para, entre outras coisas, a consolida\u00e7\u00e3o da ideia do cinema de autor.<\/p>\n<p class=\"p1\">De forma recorrente, Truffaut fez uma s\u00e9rie de inser\u00e7\u00f5es biogr\u00e1ficas em seus filmes, como algu\u00e9m que mistura sua vida \u00e0 das personagens, na inten\u00e7\u00e3o de articular sentidos para si e compartilh\u00e1-los com os demais, como o pr\u00f3prio exerc\u00edcio do viver. Em todas as entrevistas concebidas,\u00a0 ele sempre falou isso com muita naturalidade, identificando e abrindo sua hist\u00f3ria pessoal em meio as explana\u00e7\u00f5es sobre seus filmes e sobre o cinema de um modo geral.<\/p>\n<p class=\"p1\">O filme\u00a0<a href=\"http:\/\/cirandadefilmes1.hospedagemdesites.ws\/br\/filme\/58-Na-Idade-da-Inocencia\">\u201cNa idade da inoc\u00eancia\u201d<\/a>\u00a0\u00e9 uma dessas intera\u00e7\u00f5es com uma forte declara\u00e7\u00e3o sobre a inf\u00e2ncia, seu desejo de autonomia e sua necessidade de ternura. Entre personagens criados, colhidos e descobertos em Thiers, uma pequeno munic\u00edpio no Puy-de-D\u00f4me, na Fran\u00e7a (onde foi gravado o filme), est\u00e1 a representa\u00e7\u00e3o da for\u00e7a irrevers\u00edvel da vida e dos seus ritos de passagem, das descobertas e manifestos em favor da emancipa\u00e7\u00e3o das situa\u00e7\u00f5es dadas,\u00a0 o amadurecimento precoce, etc. Todas as fases da inf\u00e2ncia s\u00e3o representadas, desde a sua espera, a primeira inf\u00e2ncia, os anos posteriores at\u00e9 os 12 anos de idade.<\/p>\n<p class=\"p1\">A inf\u00e2ncia e a adolesc\u00eancia se identificam com a vida como inicia\u00e7\u00e3o. A inf\u00e2ncia como in\u00edcio, nascimento e alumbramento. O filme vai fazendo descobertas e nos apresentando as realidades da vida infantil, seus tra\u00e7os de absurdo e tudo aquilo que a inf\u00e2ncia dilata e torna \u00fanico. Na rela\u00e7\u00e3o entre fic\u00e7\u00e3o e realidade, h\u00e1 conex\u00f5es com a l\u00f3gica e a constru\u00e7\u00e3o de significados infantis.<\/p>\n<p class=\"p1\">Truffaut escolheu trabalhar com situa\u00e7\u00f5es mais flex\u00edveis que permitissem com que as crian\u00e7as &#8211; oriundas dessa cidade &#8211; interagissem com as inten\u00e7\u00f5es do filme e inserissem, sem artificialismos, sua participa\u00e7\u00e3o ao filme. Ele optou por n\u00e3o fazer das crian\u00e7as arautos de uma hist\u00f3ria criada por ele; as crian\u00e7as improvisavam &#8211; eram elas mesmas, a todo momento. O roteiro indicava apontamentos e objetivos das cenas e, muitas vezes, as falas dos adultos eram como \u201csementes\u201d da espontaneidade infantil. Assim, nos aproximamos de um mosaico de tonalidades de ser crian\u00e7a, cada uma delas, ao seu modo, se encontra \u00a0\u00e0 diversidade do ambiente escolar.<\/p>\n<p class=\"p1\">Os adultos n\u00e3o criam oposi\u00e7\u00e3o \u00e0s crian\u00e7as. Na maioria das vezes, eles s\u00e3o colocados como fracos, algumas vezes como inv\u00e1lidos, outras vezes como prejudicados por alguma situa\u00e7\u00e3o da vida. Eles n\u00e3o s\u00e3o colocados como pessoas ruins. Por sua vez, o professor \u00e9 aquele que consegue fazer a media\u00e7\u00e3o com as crian\u00e7as. Mais do que isso, \u00e9 aquele que quer estar perto delas.<\/p>\n<p class=\"p1\">A cidade se sensibiliza com a hist\u00f3ria de abandono e maus-tratos do personagem Julien. As crian\u00e7as est\u00e3o \u00e0s v\u00e9speras das f\u00e9rias de ver\u00e3o e da finaliza\u00e7\u00e3o daquele ano escolar, uma passagem se enuncia. O professor faz dela um ritual para o crescimento e o amadurecimento, um conselho. Uma rela\u00e7\u00e3o gente-com-gente, em favor dos direitos da inf\u00e2ncia, da sua produ\u00e7\u00e3o de sentidos, significados da vida e de sua felicidade. Ele convida as crian\u00e7as a acessar a vida, identificar as formas de poder do adulto sobre a inf\u00e2ncia, identificar o poder que perpassa suas subjetividades infantis na forma de vida e de direitos que devem ser permanentemente reivindicados. \u00a0O\u00a0educador como iluminador de pot\u00eancias.<\/p>\n<p class=\"p1\">O professor estimula as crian\u00e7as como seres pol\u00edticos que interv\u00eam, eles pr\u00f3prios, em suas realidades, munidas de seus direitos e da sua vibra\u00e7\u00e3o de vida. Uma ode \u00e0 inf\u00e2ncia como estado de in\u00edcio e emancipa\u00e7\u00e3o.<\/p>\n<p class=\"p1\">Para saber mais sobre o filme,\u00a0<a href=\"http:\/\/cirandadefilmes1.hospedagemdesites.ws\/br\/filme\/58-Na-Idade-da-Inocencia\">clique aqui<\/a>.<\/p>\n","protected":false},"excerpt":{"rendered":"<p>Na idade da inoc\u00eancia, de Truffaut<\/p>\n","protected":false},"author":1,"featured_media":4233,"comment_status":"open","ping_status":"open","sticky":false,"template":"","format":"standard","meta":{"_mo_disable_npp":"","footnotes":""},"categories":[2,49],"tags":[],"class_list":["post-4232","post","type-post","status-publish","format-standard","has-post-thumbnail","hentry","category-olhares","category-olhares-2015"],"_links":{"self":[{"href":"https:\/\/cirandadefilmes.com.br\/cirandacirandinha\/wp-json\/wp\/v2\/posts\/4232","targetHints":{"allow":["GET"]}}],"collection":[{"href":"https:\/\/cirandadefilmes.com.br\/cirandacirandinha\/wp-json\/wp\/v2\/posts"}],"about":[{"href":"https:\/\/cirandadefilmes.com.br\/cirandacirandinha\/wp-json\/wp\/v2\/types\/post"}],"author":[{"embeddable":true,"href":"https:\/\/cirandadefilmes.com.br\/cirandacirandinha\/wp-json\/wp\/v2\/users\/1"}],"replies":[{"embeddable":true,"href":"https:\/\/cirandadefilmes.com.br\/cirandacirandinha\/wp-json\/wp\/v2\/comments?post=4232"}],"version-history":[{"count":1,"href":"https:\/\/cirandadefilmes.com.br\/cirandacirandinha\/wp-json\/wp\/v2\/posts\/4232\/revisions"}],"predecessor-version":[{"id":4234,"href":"https:\/\/cirandadefilmes.com.br\/cirandacirandinha\/wp-json\/wp\/v2\/posts\/4232\/revisions\/4234"}],"wp:featuredmedia":[{"embeddable":true,"href":"https:\/\/cirandadefilmes.com.br\/cirandacirandinha\/wp-json\/wp\/v2\/media\/4233"}],"wp:attachment":[{"href":"https:\/\/cirandadefilmes.com.br\/cirandacirandinha\/wp-json\/wp\/v2\/media?parent=4232"}],"wp:term":[{"taxonomy":"category","embeddable":true,"href":"https:\/\/cirandadefilmes.com.br\/cirandacirandinha\/wp-json\/wp\/v2\/categories?post=4232"},{"taxonomy":"post_tag","embeddable":true,"href":"https:\/\/cirandadefilmes.com.br\/cirandacirandinha\/wp-json\/wp\/v2\/tags?post=4232"}],"curies":[{"name":"wp","href":"https:\/\/api.w.org\/{rel}","templated":true}]}}