{"id":4229,"date":"2016-08-09T18:29:54","date_gmt":"2016-08-09T21:29:54","guid":{"rendered":"https:\/\/cirandadefilmes.com.br\/cirandacirandinha\/?p=4229"},"modified":"2021-08-25T18:30:31","modified_gmt":"2021-08-25T21:30:31","slug":"na-natureza-da-infancia","status":"publish","type":"post","link":"https:\/\/cirandadefilmes.com.br\/cirandacirandinha\/na-natureza-da-infancia\/","title":{"rendered":"Na natureza da inf\u00e2ncia"},"content":{"rendered":"<p class=\"p1\"><span class=\"s1\">Entre a natureza l\u00e1 fora e a natureza da inf\u00e2ncia, h\u00e1 o desenvolvimento dos sentidos, da sensibilidade, dos significados e da rela\u00e7\u00e3o com o mundo, com a vida e com as subjetividades infantis. A Roda de conversa Crian\u00e7a na natureza construiu conex\u00f5es profundas entre todas essas dimens\u00f5es, proporcionando um forte e emocionante encontro entre o Gandhy Piorski, Rita Mendon\u00e7a e o Dr. Ricardo Ghelman.<\/span><\/p>\n<p class=\"p1\"><span class=\"s1\">\u00a0<\/span><\/p>\n<p class=\"p1\"><span class=\"s1\">Em um mundo organizado pelos adultos, com toda sua funcionalidade e estrutura social, existe a necessidade de criar espa\u00e7os que proporcionem o desenvolvimento da pot\u00eancia da natureza infantil; espa\u00e7os que proporcionem o desenvolvimento desses agentes da natureza humana em sua pot\u00eancia, as crian\u00e7as.<\/span><\/p>\n<p class=\"p1\"><span class=\"s1\">\u00a0<\/span><\/p>\n<p class=\"p1\"><span class=\"s1\">Quais s\u00e3o os diferentes olhares sobre a natureza? Por que \u00e9 importante o contato com a natureza? Por que esse contato \u00e9 fundamental para o desenvolvimento das crian\u00e7as? O qu\u00ea nos faz humanos?<\/span><\/p>\n<p class=\"p1\"><span class=\"s1\">\u00a0<\/span><\/p>\n<p class=\"p1\"><span class=\"s1\">Hoje em dia, o nosso contexto se tornou urbanizado, industrializado e distante da natureza. Como podemos nos aproximar novamente dela e de nossa necessidade de conex\u00e3o? \u201cA humanidade tem que encontrar sua plenitude no jogo e no contato com a natureza\u201d, disse Rita Mendon\u00e7a.<\/span><\/p>\n<p class=\"p1\"><span class=\"s1\">\u00a0<\/span><\/p>\n<p class=\"p1\"><span class=\"s1\">Os tr\u00eas convidados se aprofundaram em v\u00e1rios filmes como\u00a0<a href=\"http:\/\/cirandadefilmes1.hospedagemdesites.ws\/br\/filme\/56-Mutum\">&#8220;Mutum&#8221;<\/a>,\u00a0<a href=\"http:\/\/cirandadefilmes1.hospedagemdesites.ws\/br\/filme\/50-Feral\">&#8220;Feral&#8221;<\/a>\u00a0e, especialmente, o quase un\u00e2nime\u00a0<a href=\"http:\/\/cirandadefilmes1.hospedagemdesites.ws\/br\/filme\/85-Indomavel-Sonhadora\">&#8220;Indom\u00e1vel Sonhadora&#8221;<\/a>, filme preenchido de representa\u00e7\u00f5es mitol\u00f3gicas e dimens\u00f5es sens\u00edveis e profundas. Poder\u00edamos dizer que Hushpuppy, a pequena protagonista do filme, foi tamb\u00e9m protagonista da conversa. Gandhy e Ricardo fizeram juntos, cada um a seu modo, uma an\u00e1lise do filme. Cumprindo um papel de Crian\u00e7a Divina, a pequena Hushpuppy percorre seu caminho de interioriza\u00e7\u00e3o rodeado de uma natureza adversa que apresenta seus recursos para constru\u00e7\u00e3o de sua autonomia e sobreviv\u00eancia.<\/span><\/p>\n<p class=\"p1\"><span class=\"s1\">\u00a0<\/span><\/p>\n<p class=\"p1\"><span class=\"s1\">A nossa idealiza\u00e7\u00e3o de vida e dos recursos para o desenvolvimento infantil pode estar nos mantendo longe da diversidade das inf\u00e2ncias? N\u00e3o seria a diversidade que nos mant\u00eam nas realidades que s\u00e3o muitas? Como criar uma conex\u00e3o mais profunda com isso para ficarmos atentos a essa poss\u00edvel idealiza\u00e7\u00e3o que normatiza o entendimento dessas distintas realidades?<\/span><\/p>\n<p class=\"p1\"><span class=\"s1\">\u00a0<\/span><\/p>\n<p class=\"p1\"><span class=\"s1\">A natureza somos n\u00f3s e, portanto, como ela tem hist\u00f3ria, tem diversidade. No estudo das mitologias s\u00e3o mitos e as hist\u00f3rias que \u201cn\u00e3o s\u00e3o apenas cantadas, como uma esp\u00e9cie de m\u00fasica, mas vividas. Para um povo, s\u00e3o suporte, sua forma de express\u00e3o, de pensamento e de vida\u201d\u00a0 (Crian\u00e7a Divina \u2013 uma introdu\u00e7\u00e3o \u00e0 ess\u00eancia da mitologia). As hist\u00f3rias que expressam algo mais universal, algo da subst\u00e2ncia do mundo do ser humano. Por isso que essas Roda de Conversa acolhida no universo da Ciranda, repleto de personagens e suas hist\u00f3rias, pareceu fazer ainda mais sentido.<\/span><\/p>\n<p class=\"p1\"><b><span class=\"s1\">Roda de conversa: Crian\u00e7a na natureza (<\/span>2015)<\/b><\/p>\n<p class=\"p1\"><span class=\"s1\">Com Rita Mendon\u00e7a, Gandhy Piorski e Dr. Ricardo Ghelman<\/span><\/p>\n<p class=\"p1\">Modera\u00e7\u00e3o: Fernanda Heinz<\/p>\n<p class=\"p1\"><img decoding=\"async\" src=\"http:\/\/cirandadefilmes1.hospedagemdesites.ws\/_img\/_banco_imagens\/crianca%20e%20natureza_aline%20arruda.jpg\" alt=\"\" border=\"0\" \/><\/p>\n<p class=\"p1\"><span class=\"s1\">Texto: Vanessa Fort<\/span><\/p>\n<p class=\"p1\"><span class=\"s1\">Fotos: Aline Arruda\/Ciranda de Filmes<\/span><\/p>\n","protected":false},"excerpt":{"rendered":"<p>Roda de conversas 2015<\/p>\n","protected":false},"author":1,"featured_media":4231,"comment_status":"open","ping_status":"open","sticky":false,"template":"","format":"standard","meta":{"_mo_disable_npp":"","footnotes":""},"categories":[2,49],"tags":[],"class_list":["post-4229","post","type-post","status-publish","format-standard","has-post-thumbnail","hentry","category-olhares","category-olhares-2015"],"_links":{"self":[{"href":"https:\/\/cirandadefilmes.com.br\/cirandacirandinha\/wp-json\/wp\/v2\/posts\/4229","targetHints":{"allow":["GET"]}}],"collection":[{"href":"https:\/\/cirandadefilmes.com.br\/cirandacirandinha\/wp-json\/wp\/v2\/posts"}],"about":[{"href":"https:\/\/cirandadefilmes.com.br\/cirandacirandinha\/wp-json\/wp\/v2\/types\/post"}],"author":[{"embeddable":true,"href":"https:\/\/cirandadefilmes.com.br\/cirandacirandinha\/wp-json\/wp\/v2\/users\/1"}],"replies":[{"embeddable":true,"href":"https:\/\/cirandadefilmes.com.br\/cirandacirandinha\/wp-json\/wp\/v2\/comments?post=4229"}],"version-history":[{"count":1,"href":"https:\/\/cirandadefilmes.com.br\/cirandacirandinha\/wp-json\/wp\/v2\/posts\/4229\/revisions"}],"predecessor-version":[{"id":4230,"href":"https:\/\/cirandadefilmes.com.br\/cirandacirandinha\/wp-json\/wp\/v2\/posts\/4229\/revisions\/4230"}],"wp:featuredmedia":[{"embeddable":true,"href":"https:\/\/cirandadefilmes.com.br\/cirandacirandinha\/wp-json\/wp\/v2\/media\/4231"}],"wp:attachment":[{"href":"https:\/\/cirandadefilmes.com.br\/cirandacirandinha\/wp-json\/wp\/v2\/media?parent=4229"}],"wp:term":[{"taxonomy":"category","embeddable":true,"href":"https:\/\/cirandadefilmes.com.br\/cirandacirandinha\/wp-json\/wp\/v2\/categories?post=4229"},{"taxonomy":"post_tag","embeddable":true,"href":"https:\/\/cirandadefilmes.com.br\/cirandacirandinha\/wp-json\/wp\/v2\/tags?post=4229"}],"curies":[{"name":"wp","href":"https:\/\/api.w.org\/{rel}","templated":true}]}}