{"id":4224,"date":"2016-05-09T18:25:30","date_gmt":"2016-05-09T21:25:30","guid":{"rendered":"https:\/\/cirandadefilmes.com.br\/cirandacirandinha\/?p=4224"},"modified":"2021-08-25T18:29:22","modified_gmt":"2021-08-25T21:29:22","slug":"poeticas-e-poesias-da-infancia","status":"publish","type":"post","link":"https:\/\/cirandadefilmes.com.br\/cirandacirandinha\/poeticas-e-poesias-da-infancia\/","title":{"rendered":"Po\u00e9ticas e poesias da inf\u00e2ncia"},"content":{"rendered":"<p class=\"p1\"><span class=\"s1\">H\u00e1 algum tempo o conceito de protagonismo infantil inspirou-se em uma vis\u00e3o adultoc\u00eantrica do mundo e, logo, das inf\u00e2ncias. A crian\u00e7a era um projeto do futuro, um prepara\u00e7\u00e3o para uma ideia precisa das coisas que, por ser precisa, se afasta de uma realidade complexa de subjetividades e composi\u00e7\u00f5es culturais e sociais. H\u00e1 quem segue visitando esta vis\u00e3o de mundo. Sobre outra vis\u00e3o, mais po\u00e9tica, baseada numa \u00e9tica de alteridade das inf\u00e2ncias, v\u00e1rias e \u00fanicas, que a mesa de Protagonismo Infantil se inspirou.<\/span><\/p>\n<p class=\"p1\"><span class=\"s1\">\u00a0<\/span><\/p>\n<p class=\"p1\"><span class=\"s1\">Com a presen\u00e7a do educador e poeta Severino Ant\u00f4nio e da educadora Lucilene Silva, a Roda de conversa do terceiro dia da Ciranda de Filmes caminhou no universo po\u00e9tico da inf\u00e2ncia, aquele que \u00e9 poss\u00edvel a partir de uma participa\u00e7\u00e3o singular das crian\u00e7as e da sua cria\u00e7\u00e3o de significados e po\u00e9ticas; as narrativas das vidas infantis.<\/span><\/p>\n<p class=\"p1\"><span class=\"s1\">\u00a0<\/span><\/p>\n<p class=\"p1\"><span class=\"s1\">Um homem representa uma crian\u00e7a e que, desde seu nascimento, \u00e9 protagonista de sua natureza, sua hist\u00f3ria e seu destino. O que significa perder o sentido da vida? O que significa ser uma crian\u00e7a protagonista?<\/span><\/p>\n<p class=\"p1\"><span class=\"s1\">\u00a0<\/span><\/p>\n<p class=\"p1\"><span class=\"s1\">\u00c9 quando a crian\u00e7a cria vida.<\/span><\/p>\n<p class=\"p1\"><span class=\"s1\">\u00c9 quando a crian\u00e7a faz presente o ausente.<\/span><\/p>\n<p class=\"p1\"><span class=\"s1\">\u00c9 quando o menino adota uma atitude filos\u00f3fica e pergunta sobre o mundo que o rodeia, sobre experi\u00eancias e sobre coisas pouco tangiveis e espirituais.<\/span><\/p>\n<p class=\"p1\"><span class=\"s1\">\u00c9 quando a inf\u00e2ncia se faz poesia.<\/span><\/p>\n<p class=\"p1\"><span class=\"s1\">\u00a0<\/span><\/p>\n<p class=\"p1\"><span class=\"s1\">Antes tarde: as poesias s\u00e3o v\u00e1rias, nem sempre suaves, quase sempre desobedientes para garantia de sua autenticidade; emancipat\u00f3rias para garantia dos seus afetos; livres pela sua natureza genu\u00edna, que se conecta consigo mesmo, com o mundo e cria significados a todo momento. Como podemos apoiar esses movimentos infantis livres e aut\u00f4nomos? Como podemos potencializar essas cria\u00e7\u00f5es, esse protagonismo?<\/span><\/p>\n<p class=\"p1\"><span class=\"s1\">\u00a0<\/span><\/p>\n<p class=\"p1\"><span class=\"s1\">A inf\u00e2ncia \u00e9 um estado nascente da linguagem, um estado po\u00e9tico em toda sua pot\u00eancia. A crian\u00e7a \u00e9 sujeito do texto de sua exist\u00eancia. A crian\u00e7a \u00e9 pensadora, indagadora, que gera perguntas e constroe met\u00e1foras. O adulto precisa reaprender a inf\u00e2ncia e isso significa escutar as crian\u00e7as, aquelas que o perguntam e aquelas que dizem tamb\u00e9m. O adulto deve se conectar \u00e0 fantasia das crian\u00e7as. \u00a0Como disse Severino: &#8220;\u00c9 importante que o mundo recome\u00e7a todas as vezes.&#8221; Escutar as crian\u00e7as, &#8220;far\u00e1 delas pessoas aut\u00f4nomas e com liberdade de express\u00e3o. Uma crian\u00e7a aut\u00f4noma \u00e9 emancipa\u00e7\u00e3o&#8221;, disse Lucilene Silva.<\/span><\/p>\n<p class=\"p1\"><span class=\"s1\">\u00a0<\/span><\/p>\n<p class=\"p1\"><span class=\"s1\">O que faz o humano se converter em humano? &#8220;O pensamento&#8230;&#8221;, disse Severino, &#8220;&#8230;o mito po\u00e9tico de que tudo se transforma em tudo.&#8221;<\/span><\/p>\n<p class=\"p1\"><b>Roda de conversa: Protagonismo Infantil (2015)<\/b><\/p>\n<p class=\"p1\"><span class=\"s1\"><b>Com Severino Ant\u00f4nio e Lucilene Silva<\/b><\/span><\/p>\n<p class=\"p1\"><span class=\"s1\">\u00a0<\/span><\/p>\n<p class=\"p1\"><span class=\"s1\"><b>Modera\u00e7\u00e3o: Ana Claudia Leite<\/b><\/span><\/p>\n<p class=\"p1\"><span class=\"s1\"><img decoding=\"async\" src=\"http:\/\/cirandadefilmes1.hospedagemdesites.ws\/_img\/_banco_imagens\/protagonismo%20infantil_ciranda%20de%20filmes.jpg\" alt=\"\" border=\"0\" \/><br \/>\n<\/span><\/p>\n<p class=\"p1\"><span class=\"s1\">Texto: Vanessa Fort<\/span><\/p>\n<p class=\"p1\"><span class=\"s1\">Fotos: Aline Arruda\/Ciranda de Filme<\/span><\/p>\n","protected":false},"excerpt":{"rendered":"<p>Rodas de conversa 2015<\/p>\n","protected":false},"author":1,"featured_media":4227,"comment_status":"open","ping_status":"open","sticky":false,"template":"","format":"standard","meta":{"_mo_disable_npp":"","footnotes":""},"categories":[2,49],"tags":[],"class_list":["post-4224","post","type-post","status-publish","format-standard","has-post-thumbnail","hentry","category-olhares","category-olhares-2015"],"_links":{"self":[{"href":"https:\/\/cirandadefilmes.com.br\/cirandacirandinha\/wp-json\/wp\/v2\/posts\/4224","targetHints":{"allow":["GET"]}}],"collection":[{"href":"https:\/\/cirandadefilmes.com.br\/cirandacirandinha\/wp-json\/wp\/v2\/posts"}],"about":[{"href":"https:\/\/cirandadefilmes.com.br\/cirandacirandinha\/wp-json\/wp\/v2\/types\/post"}],"author":[{"embeddable":true,"href":"https:\/\/cirandadefilmes.com.br\/cirandacirandinha\/wp-json\/wp\/v2\/users\/1"}],"replies":[{"embeddable":true,"href":"https:\/\/cirandadefilmes.com.br\/cirandacirandinha\/wp-json\/wp\/v2\/comments?post=4224"}],"version-history":[{"count":3,"href":"https:\/\/cirandadefilmes.com.br\/cirandacirandinha\/wp-json\/wp\/v2\/posts\/4224\/revisions"}],"predecessor-version":[{"id":4228,"href":"https:\/\/cirandadefilmes.com.br\/cirandacirandinha\/wp-json\/wp\/v2\/posts\/4224\/revisions\/4228"}],"wp:featuredmedia":[{"embeddable":true,"href":"https:\/\/cirandadefilmes.com.br\/cirandacirandinha\/wp-json\/wp\/v2\/media\/4227"}],"wp:attachment":[{"href":"https:\/\/cirandadefilmes.com.br\/cirandacirandinha\/wp-json\/wp\/v2\/media?parent=4224"}],"wp:term":[{"taxonomy":"category","embeddable":true,"href":"https:\/\/cirandadefilmes.com.br\/cirandacirandinha\/wp-json\/wp\/v2\/categories?post=4224"},{"taxonomy":"post_tag","embeddable":true,"href":"https:\/\/cirandadefilmes.com.br\/cirandacirandinha\/wp-json\/wp\/v2\/tags?post=4224"}],"curies":[{"name":"wp","href":"https:\/\/api.w.org\/{rel}","templated":true}]}}