{"id":4220,"date":"2021-08-25T18:21:13","date_gmt":"2021-08-25T21:21:13","guid":{"rendered":"https:\/\/cirandadefilmes.com.br\/cirandacirandinha\/?p=4220"},"modified":"2021-08-25T18:22:10","modified_gmt":"2021-08-25T21:22:10","slug":"visibilidade-afetos-e-desenvolvimento","status":"publish","type":"post","link":"https:\/\/cirandadefilmes.com.br\/cirandacirandinha\/visibilidade-afetos-e-desenvolvimento\/","title":{"rendered":"Visibilidade, afetos e desenvolvimento"},"content":{"rendered":"<p class=\"p1\">Dentro de nossa estrutura social, a\u00a0fam\u00edlia\u00a0sempre foi considerada uma das mais fortes institui\u00e7\u00f5es devido a sua representatividade de poder e influ\u00eancia. Por outro lado, em uma perspectiva psicol\u00f3gica, a\u00a0fam\u00edlia\u00a0tem um papel fundamental no desenvolvimento infantil, baseado em seu apoio \u00e0 constru\u00e7\u00e3o de fortes estruturas emocionais e afetivas que ir\u00e3o determinar o desenvolvimento individual e social da crian\u00e7a por toda sua vida. Articulando a tradi\u00e7\u00e3o institucional da\u00a0fam\u00edlia, a sua import\u00e2ncia e a diversidade de realidades da vida contempor\u00e2nea, temos v\u00e1rias condi\u00e7\u00f5es e composi\u00e7\u00f5es familiares que nos distanciam de modelos e normatiza\u00e7\u00f5es e, por isso, nos indica a necessidade de olhar e estudar com aten\u00e7\u00e3o e sensibilidade.<\/p>\n<p class=\"p1\"><span class=\"s1\">\u00a0<\/span><\/p>\n<p class=\"p1\"><span class=\"s1\">A primeira\u00a0Roda\u00a0de\u00a0Conversa\u00a0da Ciranda 2015 reuniu Susan Andrews, Rosely Say\u00e3o e Ada Pellegrini para discutir, cada uma a seu modo, diversas dimens\u00f5es familiares, sua rela\u00e7\u00e3o com a espiritualidade, com a\u00a0<\/span><span class=\"s2\">neuroci\u00eancia<\/span><span class=\"s1\">\u00a0e a psicologia.<\/span><\/p>\n<p class=\"p2\"><span class=\"s1\">\u00a0<\/span><\/p>\n<p class=\"p1\"><span class=\"s1\">A\u00a0fam\u00edlia, seja qual composi\u00e7\u00e3o tiver, oferece a cria\u00e7\u00e3o das primeiras rela\u00e7\u00f5es, v\u00ednculos e conex\u00f5es fortes<b>\u00a0<\/b>entre as pessoas. Essas conex\u00f5es t\u00eam a ver com as trocas que elas realizam, com a raiz de seu desenvolvimento emocional e da ideia de si mesmo. Essas trocas s\u00e3o conhecidas como \u201ctrocas positivas\u201d, que s\u00e3o aqueles atos entre um casal, a\u00a0fam\u00edlia, os filhos, os amigos; pequenas ou grandes comunidades nas quais estamos inseridos. Esse interc\u00e2mbio alimenta rela\u00e7\u00f5es saud\u00e1veis que afastam o que conhecemos como amea\u00e7as ao desenvolvimento de algu\u00e9m.<\/span><\/p>\n<p class=\"p1\"><span class=\"s1\">Uma a\u00e7\u00e3o negativa (maltrato f\u00edsico, verbal, abusos repetitivos, etc.) tem graves consequ\u00eancias no desenvolvimento de uma pessoa. N\u00e3o \u00e9 uma tarefa f\u00e1cil reverter os danos causados por esses tipos de feitos, embora tenham a\u00e7\u00f5es positivas que ajudam a restituir o bem-estar psicol\u00f3gico e um ambiente agrad\u00e1vel.<\/span><\/p>\n<p class=\"p1\"><span class=\"s1\">\u00a0<\/span><\/p>\n<p class=\"p3\"><span class=\"s3\">E as crian\u00e7as que vivem em situa\u00e7\u00f5es familiares que n\u00e3o proporcionam essas trocas positivas? Do ponto de vista do desenvolvimento psicol\u00f3gico e social, como poder\u00edamos considerar as outras situa\u00e7\u00f5es, pessoas e influ\u00eancias que proporcionam o desenvolvimento infantil e o interc\u00e2mbio positivo?\u00a0<\/span><span class=\"s1\">V\u00e1rios filmes da programa\u00e7\u00e3o da Ciranda foram citados, durante a\u00a0Roda\u00a0de\u00a0conversa,\u00a0enriquecendo essas reflex\u00f5es. Tiveram destaque os longas;<i>\u00a0<\/i><a href=\"https:\/\/cirandadefilmes.com.br\/cirandacirandinha\/br\/filme\/66-Sam\"><i>&#8220;<\/i>Sam&#8221;<\/a><i>\u00a0<\/i>de Elena\u00a0Hazanov, e\u00a0<a href=\"https:\/\/cirandadefilmes.com.br\/cirandacirandinha\/br\/filme\/85-Indomavel-Sonhadora\">&#8220;A Indom\u00e1vel Sonhadora&#8221;<\/a>\u00a0de Benh Zeitlin, e os curtas;\u00a0<a href=\"https:\/\/cirandadefilmes.com.br\/cirandacirandinha\/br\/filme\/77-A-Menina-Espantalho\">&#8220;A Menina Espantalho&#8221;<\/a>\u00a0de C\u00e1ssio Pereira dos Santos,\u00a0<a href=\"https:\/\/cirandadefilmes.com.br\/cirandacirandinha\/br\/filme\/42-A-Panelinha-de-Anatole\">&#8220;A Panelinha de Anatole&#8221;<\/a>\u00a0de Eric Montchaud e\u00a0<a href=\"https:\/\/cirandadefilmes.com.br\/cirandacirandinha\/br\/filme\/89-A-Conquista-do-Espaco\">&#8220;A Conquista do Espa\u00e7o&#8221;<\/a><i>\u00a0<\/i>de Chico Deniz<i>.<\/i><\/span><\/p>\n<p class=\"p4\"><span class=\"s1\">\u00a0<\/span><\/p>\n<p class=\"p3\"><span class=\"s1\">H\u00e1 alguns tipos de situa\u00e7\u00f5es em que a inf\u00e2ncia \u00e9 tratada como um estado de invisibilidade. A\u00a0fam\u00edlia proporciona essa visibilidade, pertencimento e afeto t\u00e3o necess\u00e1rios para vida. O trabalho dedicado \u00e0s crian\u00e7as tem tamb\u00e9m um papel importante para acabar com essa invisibilidade; os adultos t\u00eam uma import\u00e2ncia fundamental na visibilidade das crian\u00e7as.<\/span><\/p>\n<p class=\"p4\"><span class=\"s1\">\u00a0<\/span><\/p>\n<p class=\"p1\"><span class=\"s1\">\u00c9 importante termos em conta o que significa a \u201csupera\u00e7\u00e3o dos limites\u201d impostos por uma situa\u00e7\u00e3o. Fundamentalmente, a fam\u00edlia\u00a0tem uma import\u00e2ncia muito significativa, seja nas trocas positivas ou nas\u00a0negativas; seja no desenvolvimento afetuoso e sereno, seja na necessidade de supera\u00e7\u00e3o de uma situa\u00e7\u00e3o dada. Adiante, quando a crian\u00e7a cresce, a\u00a0fam\u00edlia\u00a0\u00e9 superada para que ela possa assumir a sua pr\u00f3pria vida.\u00a0<\/span><\/p>\n<p class=\"p1\"><span class=\"s1\">Roda\u00a0de\u00a0conversa: Fam\u00edlias (2015)<\/span><\/p>\n<p class=\"p1\"><span class=\"s1\">Com\u00a0Susan Andrews, Rosely Say\u00e3o e Ada Pellegrini<\/span><\/p>\n<p class=\"p1\">\n<p class=\"p1\"><span class=\"s1\">Modera\u00e7\u00e3o: Patr\u00edcia Dur\u00e3es<\/span><\/p>\n<div><span class=\"s1\"><b><img decoding=\"async\" src=\"http:\/\/cirandadefilmes1.hospedagemdesites.ws\/_img\/_banco_imagens\/roseli%20sayao_familias.jpg\" alt=\"\" border=\"0\" \/><br \/>\n<\/b><\/span><\/div>\n<p class=\"p1\"><span class=\"s1\">Texto: Vanessa Fort<\/span><\/p>\n<p class=\"p1\"><span class=\"s1\">Fotos: Aline Arruda\/Ciranda de filmes\u00a0<\/span><\/p>\n","protected":false},"excerpt":{"rendered":"<p>Roda de conversa 2015<\/p>\n","protected":false},"author":1,"featured_media":4222,"comment_status":"open","ping_status":"open","sticky":false,"template":"","format":"standard","meta":{"_mo_disable_npp":"","footnotes":""},"categories":[2,49],"tags":[],"class_list":["post-4220","post","type-post","status-publish","format-standard","has-post-thumbnail","hentry","category-olhares","category-olhares-2015"],"_links":{"self":[{"href":"https:\/\/cirandadefilmes.com.br\/cirandacirandinha\/wp-json\/wp\/v2\/posts\/4220","targetHints":{"allow":["GET"]}}],"collection":[{"href":"https:\/\/cirandadefilmes.com.br\/cirandacirandinha\/wp-json\/wp\/v2\/posts"}],"about":[{"href":"https:\/\/cirandadefilmes.com.br\/cirandacirandinha\/wp-json\/wp\/v2\/types\/post"}],"author":[{"embeddable":true,"href":"https:\/\/cirandadefilmes.com.br\/cirandacirandinha\/wp-json\/wp\/v2\/users\/1"}],"replies":[{"embeddable":true,"href":"https:\/\/cirandadefilmes.com.br\/cirandacirandinha\/wp-json\/wp\/v2\/comments?post=4220"}],"version-history":[{"count":2,"href":"https:\/\/cirandadefilmes.com.br\/cirandacirandinha\/wp-json\/wp\/v2\/posts\/4220\/revisions"}],"predecessor-version":[{"id":4223,"href":"https:\/\/cirandadefilmes.com.br\/cirandacirandinha\/wp-json\/wp\/v2\/posts\/4220\/revisions\/4223"}],"wp:featuredmedia":[{"embeddable":true,"href":"https:\/\/cirandadefilmes.com.br\/cirandacirandinha\/wp-json\/wp\/v2\/media\/4222"}],"wp:attachment":[{"href":"https:\/\/cirandadefilmes.com.br\/cirandacirandinha\/wp-json\/wp\/v2\/media?parent=4220"}],"wp:term":[{"taxonomy":"category","embeddable":true,"href":"https:\/\/cirandadefilmes.com.br\/cirandacirandinha\/wp-json\/wp\/v2\/categories?post=4220"},{"taxonomy":"post_tag","embeddable":true,"href":"https:\/\/cirandadefilmes.com.br\/cirandacirandinha\/wp-json\/wp\/v2\/tags?post=4220"}],"curies":[{"name":"wp","href":"https:\/\/api.w.org\/{rel}","templated":true}]}}