{"id":4206,"date":"2015-04-11T18:03:32","date_gmt":"2015-04-11T21:03:32","guid":{"rendered":"https:\/\/cirandadefilmes.com.br\/cirandacirandinha\/?p=4206"},"modified":"2021-08-25T18:10:17","modified_gmt":"2021-08-25T21:10:17","slug":"eu-cirando-tu-cirandas-nos-cirandamos","status":"publish","type":"post","link":"https:\/\/cirandadefilmes.com.br\/cirandacirandinha\/eu-cirando-tu-cirandas-nos-cirandamos\/","title":{"rendered":"Eu cirando, tu cirandas, n\u00f3s cirandamos&#8230;"},"content":{"rendered":"<div><i>por Gabriela Romeu<\/i><\/div>\n<div><i>\u00a0<\/i><\/div>\n<div>Foram tr\u00eas dias cirandando, descobrindo-se e encontrando-se em imagens da inf\u00e2ncia, rompendo os muros da escola, impulsionando uma onda transformadora, urgente. A Ciranda de Filmes, mostra que reuniu document\u00e1rios, fic\u00e7\u00f5es e anima\u00e7\u00f5es, rodas de conversa e a exposi\u00e7\u00e3o Territ\u00f3rio do Brincar, inaugurou um espa\u00e7o in\u00e9dito para se pensar a inf\u00e2ncia e a educa\u00e7\u00e3o a partir do audiovisual e com todos os desafios da contemporaneidade.<\/div>\n<p>Ao longo do encontro, entre as conversas nas rodas ou nas \u201cesquinas\u201d, entre um filme e outro da programa\u00e7\u00e3o, os participantes afirmaram a import\u00e2ncia de reunir em uma s\u00f3 ciranda diversos personagens e for\u00e7as em prol da inf\u00e2ncia e de uma educa\u00e7\u00e3o pautada pelo sens\u00edvel. Lydia Hort\u00e9lio, que teve uma participa\u00e7\u00e3o especial com sua palestra brincante, foi certeira: \u201c\u00c9 preciso saber menino\u201d.<\/p>\n<p>Os meninos estavam l\u00e1, na tela grande. Na programa\u00e7\u00e3o, com 35 filmes, entre curtas e longas-metragens, vivemos uma grande aventura do humano. Nascemos com\u00a0<a href=\"https:\/\/cirandadefilmes.com.br\/cirandacirandinha\/br\/filme\/7-Birth-Story-Ina-May-Gaskin-And-The-Farm-Midwives\">\u201cBirth Story\u201d,<\/a>\u00a0demos os primeiros passos em\u00a0<a href=\"https:\/\/cirandadefilmes.com.br\/cirandacirandinha\/br\/filme\/6-Bebes\">\u201cBeb\u00eas\u201d<\/a>. Crescemos e brincamos muito com os document\u00e1rios do Territ\u00f3rio do Brincar. Adentramos a intimidade das casinhas das crian\u00e7as em\u00a0<a href=\"https:\/\/cirandadefilmes.com.br\/cirandacirandinha\/br\/filme\/11-O,-de-Casa\">\u201c\u00d4, de Casa\u201d<\/a>. Vivemos um verdadeiro jardim da inf\u00e2ncia em filmes como\u00a0<a href=\"https:\/\/cirandadefilmes.com.br\/cirandacirandinha\/br\/filme\/17-Crsquoest-pas-du-jeu\">\u201cC\u2019est pas du Jeu\u201d<\/a>\u00a0e \u201c<a href=\"https:\/\/cirandadefilmes.com.br\/cirandacirandinha\/br\/filme\/27-Sementes-do-Nosso-Quintal\">Sementes do Nosso Quintal\u201d<\/a>. Seguimos numa grande jornada, heroica e solit\u00e1ria, necess\u00e1ria para romper mundos interiores em longas como\u00a0<a href=\"https:\/\/cirandadefilmes.com.br\/cirandacirandinha\/br\/filme\/34-Matei-Copil-Miner\">\u201cMatei Copil Miner\u201d<\/a>. \u201cAdolescemos\u201d e passamos a questionar um sistema educacional cheio de incoer\u00eancias em\u00a0<a href=\"https:\/\/cirandadefilmes.com.br\/cirandacirandinha\/br\/filme\/29-A-Educacao-Proibida\">\u201cA Educa\u00e7\u00e3o Proibida\u201d<\/a>.<\/p>\n<p>Mas n\u00e3o s\u00f3. Esse foi apenas um jeito de navegar pelas imagens inspiradoras da Ciranda de Filmes. Cada participante construiu sua pr\u00f3pria narrativa.<\/p>\n<p>Nas rodas de conversas, especialistas e produtores dialogaram sobre tr\u00eas eixos tem\u00e1ticos \u2013 inf\u00e2ncia e nascimento, espa\u00e7os de aprendizagem e movimentos de transforma\u00e7\u00e3o. Diferentes mestres do pensar a inf\u00e2ncia entraram na mesma roda, cirandaram junto. Paralelamente \u00e0 exibi\u00e7\u00e3o dos filmes da programa\u00e7\u00e3o, as conversas foram tecendo outras imagens, compondo di\u00e1logos entre cinema, brincar e viver, literatura, educa\u00e7\u00e3o, poesia e inf\u00e2ncia.<\/p>\n<p>N\u00e3o estavam ali apenas educadores, pediatras, antrop\u00f3logos, artistas pl\u00e1sticos, cineastas e pesquisadores do universo da crian\u00e7a. Conectados com sua ess\u00eancia de inf\u00e2ncia, constantemente evocada no encontro, estavam tamb\u00e9m os meninos e as meninas que foram (e que s\u00e3o). As mem\u00f3rias de inf\u00e2ncia vieram \u00e0 tona na cantiga de ninar uruguaia que embalou Adriana Friedmann quando menina, no mar-brinquedo de Maria Am\u00e9lia Pereira, que teve a praia e a natureza como um verdadeiro espa\u00e7o de aprendizagem, e no jardim da inf\u00e2ncia (re)vivido por Fernanda Heinz Figueiredo, entre outras lembran\u00e7as.<\/p>\n<p>Com os palestrantes-brincantes-cirandeiros, a plateia criou figuras com barbantes, participou de um concerto de p\u00e1ssaros desabrochados, cantou brincos. Brincou. E se a ciranda de Ant\u00f4nio N\u00f3brega abriu o festival, Ti\u00e3o Carvalho fechou a roda com mais brincadeiras. Assim, o esp\u00edrito l\u00fadico ali t\u00e3o evocado extrapolou a telona e o discurso. Cirandar foi um verbo n\u00e3o s\u00f3 flexionado, mas tamb\u00e9m exercitado. Eu cirando, tu cirandas, ele ciranda, n\u00f3s cirandamos&#8230;<\/p>\n","protected":false},"excerpt":{"rendered":"<p>Foram tr\u00eas dias cirandando&#8230;<\/p>\n","protected":false},"author":1,"featured_media":4208,"comment_status":"open","ping_status":"open","sticky":false,"template":"","format":"standard","meta":{"_mo_disable_npp":"","footnotes":""},"categories":[2,48],"tags":[],"class_list":["post-4206","post","type-post","status-publish","format-standard","has-post-thumbnail","hentry","category-olhares","category-olhares-2014"],"_links":{"self":[{"href":"https:\/\/cirandadefilmes.com.br\/cirandacirandinha\/wp-json\/wp\/v2\/posts\/4206","targetHints":{"allow":["GET"]}}],"collection":[{"href":"https:\/\/cirandadefilmes.com.br\/cirandacirandinha\/wp-json\/wp\/v2\/posts"}],"about":[{"href":"https:\/\/cirandadefilmes.com.br\/cirandacirandinha\/wp-json\/wp\/v2\/types\/post"}],"author":[{"embeddable":true,"href":"https:\/\/cirandadefilmes.com.br\/cirandacirandinha\/wp-json\/wp\/v2\/users\/1"}],"replies":[{"embeddable":true,"href":"https:\/\/cirandadefilmes.com.br\/cirandacirandinha\/wp-json\/wp\/v2\/comments?post=4206"}],"version-history":[{"count":1,"href":"https:\/\/cirandadefilmes.com.br\/cirandacirandinha\/wp-json\/wp\/v2\/posts\/4206\/revisions"}],"predecessor-version":[{"id":4207,"href":"https:\/\/cirandadefilmes.com.br\/cirandacirandinha\/wp-json\/wp\/v2\/posts\/4206\/revisions\/4207"}],"wp:featuredmedia":[{"embeddable":true,"href":"https:\/\/cirandadefilmes.com.br\/cirandacirandinha\/wp-json\/wp\/v2\/media\/4208"}],"wp:attachment":[{"href":"https:\/\/cirandadefilmes.com.br\/cirandacirandinha\/wp-json\/wp\/v2\/media?parent=4206"}],"wp:term":[{"taxonomy":"category","embeddable":true,"href":"https:\/\/cirandadefilmes.com.br\/cirandacirandinha\/wp-json\/wp\/v2\/categories?post=4206"},{"taxonomy":"post_tag","embeddable":true,"href":"https:\/\/cirandadefilmes.com.br\/cirandacirandinha\/wp-json\/wp\/v2\/tags?post=4206"}],"curies":[{"name":"wp","href":"https:\/\/api.w.org\/{rel}","templated":true}]}}