{"id":4169,"date":"2020-11-12T17:16:33","date_gmt":"2020-11-12T20:16:33","guid":{"rendered":"https:\/\/cirandadefilmes.com.br\/cirandacirandinha\/cirandacirandinha\/?p=4169"},"modified":"2020-11-12T17:16:33","modified_gmt":"2020-11-12T20:16:33","slug":"fernanda-heinz-figueiredo","status":"publish","type":"post","link":"https:\/\/cirandadefilmes.com.br\/cirandacirandinha\/fernanda-heinz-figueiredo\/","title":{"rendered":"Fernanda Heinz Figueiredo"},"content":{"rendered":"\n<p>\u00c9 idealizadora e curadora da Ciranda de Filmes. Dedica-se, juntamente com seus parceiros da Aiu\u00ea Produtora, \u00e0 concep\u00e7\u00e3o, dire\u00e7\u00e3o e produ\u00e7\u00e3o de conte\u00fado audiovisual relacionado \u00e0 educa\u00e7\u00e3o, cultura e desenvolvimento sustent\u00e1vel. Sementes do Nosso Quintal (2014), seu primeiro longa lan\u00e7ado na Ciranda de Filmes, retrata a experi\u00eancia de sua primeira escola quintal, a Te-Arte, e foi premiado pelo p\u00fablico da Mostra Internacional de Cinema de S\u00e3o Paulo e do Festival du Film d\u2019\u00c9ducation na Fran\u00e7a. <\/p>\n\n\n\n<p><\/p>\n","protected":false},"excerpt":{"rendered":"<p>\u00c9 idealizadora e curadora da Ciranda de Filmes. Dedica-se, juntamente com seus parceiros da Aiu\u00ea Produtora, \u00e0 concep\u00e7\u00e3o, dire\u00e7\u00e3o e produ\u00e7\u00e3o de conte\u00fado audiovisual relacionado \u00e0 educa\u00e7\u00e3o, cultura e desenvolvimento sustent\u00e1vel. Sementes do Nosso Quintal (2014), seu primeiro longa lan\u00e7ado na Ciranda de Filmes, retrata a experi\u00eancia de sua primeira escola quintal, a Te-Arte, e [&hellip;]<\/p>\n","protected":false},"author":1,"featured_media":4164,"comment_status":"closed","ping_status":"closed","sticky":false,"template":"","format":"standard","meta":{"_mo_disable_npp":"","footnotes":""},"categories":[43],"tags":[],"class_list":["post-4169","post","type-post","status-publish","format-standard","has-post-thumbnail","hentry","category-bios"],"_links":{"self":[{"href":"https:\/\/cirandadefilmes.com.br\/cirandacirandinha\/wp-json\/wp\/v2\/posts\/4169","targetHints":{"allow":["GET"]}}],"collection":[{"href":"https:\/\/cirandadefilmes.com.br\/cirandacirandinha\/wp-json\/wp\/v2\/posts"}],"about":[{"href":"https:\/\/cirandadefilmes.com.br\/cirandacirandinha\/wp-json\/wp\/v2\/types\/post"}],"author":[{"embeddable":true,"href":"https:\/\/cirandadefilmes.com.br\/cirandacirandinha\/wp-json\/wp\/v2\/users\/1"}],"replies":[{"embeddable":true,"href":"https:\/\/cirandadefilmes.com.br\/cirandacirandinha\/wp-json\/wp\/v2\/comments?post=4169"}],"version-history":[{"count":1,"href":"https:\/\/cirandadefilmes.com.br\/cirandacirandinha\/wp-json\/wp\/v2\/posts\/4169\/revisions"}],"predecessor-version":[{"id":4171,"href":"https:\/\/cirandadefilmes.com.br\/cirandacirandinha\/wp-json\/wp\/v2\/posts\/4169\/revisions\/4171"}],"wp:featuredmedia":[{"embeddable":true,"href":"https:\/\/cirandadefilmes.com.br\/cirandacirandinha\/wp-json\/wp\/v2\/media\/4164"}],"wp:attachment":[{"href":"https:\/\/cirandadefilmes.com.br\/cirandacirandinha\/wp-json\/wp\/v2\/media?parent=4169"}],"wp:term":[{"taxonomy":"category","embeddable":true,"href":"https:\/\/cirandadefilmes.com.br\/cirandacirandinha\/wp-json\/wp\/v2\/categories?post=4169"},{"taxonomy":"post_tag","embeddable":true,"href":"https:\/\/cirandadefilmes.com.br\/cirandacirandinha\/wp-json\/wp\/v2\/tags?post=4169"}],"curies":[{"name":"wp","href":"https:\/\/api.w.org\/{rel}","templated":true}]}}