{"id":4085,"date":"2020-11-08T23:53:22","date_gmt":"2020-11-09T02:53:22","guid":{"rendered":"https:\/\/cirandadefilmes.com.br\/cirandacirandinha\/cirandacirandinha\/?p=4085"},"modified":"2020-11-09T00:50:42","modified_gmt":"2020-11-09T03:50:42","slug":"a-escuta-da-ciranda-cirandinha","status":"publish","type":"post","link":"https:\/\/cirandadefilmes.com.br\/cirandacirandinha\/a-escuta-da-ciranda-cirandinha\/","title":{"rendered":"A escuta da Ciranda Cirandinha"},"content":{"rendered":"\n<p class=\"has-text-align-left\"><em>por <a href=\"https:\/\/cirandadefilmes.com.br\/cirandacirandinha\/cirandacirandinha\/luciana-ferreira-tavares\/\" data-type=\"post\" data-id=\"4086\">Luciana Ferreira Tavares<\/a>, psic\u00f3loga e psicopedagoga, atua como psic\u00f3loga escolar e terapeuta colaboradora do Instituto Gestalt de Vanguarda Cl\u00e1udio Naranjo  <\/em><\/p>\n\n\n\n<div class=\"wp-block-columns is-layout-flex wp-container-core-columns-is-layout-9d6595d7 wp-block-columns-is-layout-flex\">\n<div class=\"wp-block-column is-layout-flow wp-block-column-is-layout-flow\" style=\"flex-basis:15%\"><\/div>\n\n\n\n<div class=\"wp-block-column is-layout-flow wp-block-column-is-layout-flow\" style=\"flex-basis:70%\">\n<h5 class=\"has-text-align-right wp-block-heading\"><em><strong>&#8220;Os cientistas dizem que somos feitos de \u00e1tomos, mas um passarinho me diz que somos feitos de hist\u00f3rias.&#8221; Eduardo Galeano<\/strong><\/em><\/h5>\n\n\n\n<p>Como uma grande espectadora escutei as narrativas das crian\u00e7as e adolescentes na mostra Ciranda Cirandinha de Filmes, uma iniciativa da Ciranda de filmes. Adentrei na proposta um pouco com o p\u00e9 atr\u00e1s de como seria conduzir essa roda de conversa de forma virtual e, para minha surpresa, foi lindo de se ver e de ouvir. <\/p>\n\n\n\n<p>Afinal, crian\u00e7a \u00e9 crian\u00e7a, adolescente \u00e9 adolescente e cinema \u00e9 sempre cinema. E com a mesma vivacidade, leveza, autenticidade, as trocas aconteceram, com direito a tudo o que envolve quando estamos imersos no universo do cinema e da inf\u00e2ncia.<\/p>\n\n\n\n<p>Na primeira roda de conversa, com crian\u00e7as at\u00e9 6 anos, o curta escolhido foi&nbsp;<em><a href=\"https:\/\/cirandadefilmes.com.br\/cirandacirandinha\/cirandacirandinha\/mitos-indigenas-travessia\/\" data-type=\"post\" data-id=\"2136\"><strong>Mitos ind\u00edgenas em travessia<\/strong><\/a><\/em>. Apresentamos a tem\u00e1tica e passamos o curta, solicitamos para as crian\u00e7as fazerem um desenho do que mais chamou a aten\u00e7\u00e3o e abrimos espa\u00e7o para a fala. Um espa\u00e7o aberto, fenomenol\u00f3gico e sem roteiros. <\/p>\n\n\n\n<p>Da narrativa das crian\u00e7as, a forma como cada uma interagiu com as imagens e a hist\u00f3ria foi m\u00e1gico: dos animais gigantes, do menino que virou peixe, as crian\u00e7as disseram quais animais escolheriam ser: on\u00e7a, peixe, tartaruga, gato, drag\u00e3o entre tantos outros poss\u00edveis. Um imagin\u00e1rio a c\u00e9u aberto, que contempla o mundo com olhos de inf\u00e2ncia. A cada fala, adentr\u00e1vamos um pouco na vis\u00e3o de mundo de cada crian\u00e7a, das constru\u00e7\u00f5es que est\u00e3o tecendo em rela\u00e7\u00e3o a vida, ao que escutam e ao que elaboram: do menino que queria ser peixe veio a cr\u00edtica de como o ser humano n\u00e3o cuida da natureza, do tanto de pl\u00e1stico que jogam nos oceanos e de como as tartarugas est\u00e3o morrendo. E do descontentamento, um manifesto foi sendo constru\u00eddo: N\u00e3o joguem pl\u00e1stico nos rios, n\u00f3s somos os oceanos! Os adultos, ou melhor dizendo, eu, fiquei tocada com a sabedoria das crian\u00e7as e suas infinitas possibilidade de vir a ser j\u00e1 sendo, simplesmente crian\u00e7as.<\/p>\n\n\n\n<figure class=\"wp-block-image size-large\"><img loading=\"lazy\" decoding=\"async\" width=\"722\" height=\"1024\" src=\"https:\/\/cirandadefilmes.com.br\/cirandacirandinha\/cirandacirandinha\/wp-content\/uploads\/2020\/11\/Desenho-Dona-Cristina_Vinicius-Matheus-1-722x1024.jpeg\" alt=\"\" class=\"wp-image-4097\" srcset=\"https:\/\/cirandadefilmes.com.br\/cirandacirandinha\/wp-content\/uploads\/2020\/11\/Desenho-Dona-Cristina_Vinicius-Matheus-1-722x1024.jpeg 722w, https:\/\/cirandadefilmes.com.br\/cirandacirandinha\/wp-content\/uploads\/2020\/11\/Desenho-Dona-Cristina_Vinicius-Matheus-1-211x300.jpeg 211w, https:\/\/cirandadefilmes.com.br\/cirandacirandinha\/wp-content\/uploads\/2020\/11\/Desenho-Dona-Cristina_Vinicius-Matheus-1-768x1090.jpeg 768w, https:\/\/cirandadefilmes.com.br\/cirandacirandinha\/wp-content\/uploads\/2020\/11\/Desenho-Dona-Cristina_Vinicius-Matheus-1.jpeg 902w\" sizes=\"auto, (max-width: 722px) 100vw, 722px\" \/><figcaption>Desenho de <em>Vinicius Matheus<\/em><\/figcaption><\/figure>\n\n\n\n<p>No curta <em><a href=\"https:\/\/cirandadefilmes.com.br\/cirandacirandinha\/cirandacirandinha\/dona-cristina-perdeu-a-memoria\/\" data-type=\"post\" data-id=\"2043\"><strong>Dona Cristina perdeu a mem\u00f3ria<\/strong><\/a><\/em>, fiquei sem palavras e uma l\u00e1grima escorreu imperceptivelmente na minha face. O curta por si s\u00f3 j\u00e1 \u00e9 profundo e lindo, somado a narrativa trazida pelo grupo de adolescentes foi de uma po\u00e9tica avassaladora. Iniciaram suas narrativas timidamente, falando da mem\u00f3ria e da saudade dos av\u00f3s que j\u00e1 partiram, para adentrar a reflex\u00f5es profundas sobre perdas, dores, cicatrizes e das supera\u00e7\u00f5es que contribu\u00edram para o que eles s\u00e3o hoje. Falaram das suas hist\u00f3rias de vida, dos fatos marcantes e das cicatrizes que s\u00e3o rel\u00edquias da mem\u00f3ria. Os adolescentes foram tocados pela narrativa do curta e abriram suas mem\u00f3rias afetivas e nos presentearam como quem confia um tesouro a algu\u00e9m. Guardei cada p\u00e9rola recebida na minha mem\u00f3ria, como uma rel\u00edquia, assim como Dona Cristina fez com suas hist\u00f3rias de vida. Fizemos do espa\u00e7o da cirandinha uma grande roda da mem\u00f3ria, com alegrias e tristezas, relembrando o que nos atravessa e nos transforma.<\/p>\n\n\n\n<p>No terceiro curta, <em><a href=\"https:\/\/cirandadefilmes.com.br\/cirandacirandinha\/cirandacirandinha\/viagem-na-chuva\/\" data-type=\"post\" data-id=\"2189\"><strong>Viagem na chuva<\/strong><\/a><\/em>, mesmo que com um grupo menor de adolescentes, foi de uma riqueza cultural costurada com os sonhos das jovens. De imediato, a adolescente faz uma releitura do curta relacionando com um outro com uma riqueza de detalhes que me fez calar e ouvir. E ao falar do que o curta tocou, adentramos no campo dos sonhos que sonhamos e dos processos que acontecem neste universo interior que mora na cabe\u00e7a de cada um de n\u00f3s. Falar de sonhos sonhados e de sonhos desejados transcende qualquer discurso racional e promove a conversa para outro patamar imag\u00e9tico: da jornada do her\u00f3i para a jornada do eu, falando do que cada uma sonhava para a vida. \u00c9 sempre uma novidade onde as narrativas podem caminhar, n\u00e3o d\u00e1 para prever aonde que vamos chegar, o final tem infinitas possibilidades de ser e a jornada \u00e9 a grande del\u00edcia de vivenciar.<\/p>\n\n\n\n<p>Agradecida pelo convite e pela jornada vivida, me sinto inspirada e nutrida pelo encontro entre as narrativas costuradas pelo eu, cinema e imagin\u00e1rio.<\/p>\n\n\n\n<p><\/p>\n<\/div>\n\n\n\n<div class=\"wp-block-column is-layout-flow wp-block-column-is-layout-flow\" style=\"flex-basis:15%\"><\/div>\n<\/div>\n\n\n\n<p><\/p>\n","protected":false},"excerpt":{"rendered":"<p>por Luciana Ferreira Tavares, psic\u00f3loga e psicopedagoga, atua como psic\u00f3loga escolar e terapeuta colaboradora do Instituto Gestalt de Vanguarda Cl\u00e1udio Naranjo &#8220;Os cientistas dizem que somos feitos de \u00e1tomos, mas um passarinho me diz que somos feitos de hist\u00f3rias.&#8221; Eduardo Galeano Como uma grande espectadora escutei as narrativas das crian\u00e7as e adolescentes na mostra Ciranda [&hellip;]<\/p>\n","protected":false},"author":1,"featured_media":4091,"comment_status":"closed","ping_status":"closed","sticky":false,"template":"","format":"standard","meta":{"_mo_disable_npp":"","footnotes":""},"categories":[2,9],"tags":[],"class_list":["post-4085","post","type-post","status-publish","format-standard","has-post-thumbnail","hentry","category-olhares","category-olhares-2020"],"_links":{"self":[{"href":"https:\/\/cirandadefilmes.com.br\/cirandacirandinha\/wp-json\/wp\/v2\/posts\/4085","targetHints":{"allow":["GET"]}}],"collection":[{"href":"https:\/\/cirandadefilmes.com.br\/cirandacirandinha\/wp-json\/wp\/v2\/posts"}],"about":[{"href":"https:\/\/cirandadefilmes.com.br\/cirandacirandinha\/wp-json\/wp\/v2\/types\/post"}],"author":[{"embeddable":true,"href":"https:\/\/cirandadefilmes.com.br\/cirandacirandinha\/wp-json\/wp\/v2\/users\/1"}],"replies":[{"embeddable":true,"href":"https:\/\/cirandadefilmes.com.br\/cirandacirandinha\/wp-json\/wp\/v2\/comments?post=4085"}],"version-history":[{"count":6,"href":"https:\/\/cirandadefilmes.com.br\/cirandacirandinha\/wp-json\/wp\/v2\/posts\/4085\/revisions"}],"predecessor-version":[{"id":4111,"href":"https:\/\/cirandadefilmes.com.br\/cirandacirandinha\/wp-json\/wp\/v2\/posts\/4085\/revisions\/4111"}],"wp:featuredmedia":[{"embeddable":true,"href":"https:\/\/cirandadefilmes.com.br\/cirandacirandinha\/wp-json\/wp\/v2\/media\/4091"}],"wp:attachment":[{"href":"https:\/\/cirandadefilmes.com.br\/cirandacirandinha\/wp-json\/wp\/v2\/media?parent=4085"}],"wp:term":[{"taxonomy":"category","embeddable":true,"href":"https:\/\/cirandadefilmes.com.br\/cirandacirandinha\/wp-json\/wp\/v2\/categories?post=4085"},{"taxonomy":"post_tag","embeddable":true,"href":"https:\/\/cirandadefilmes.com.br\/cirandacirandinha\/wp-json\/wp\/v2\/tags?post=4085"}],"curies":[{"name":"wp","href":"https:\/\/api.w.org\/{rel}","templated":true}]}}