{"id":4055,"date":"2020-11-06T02:40:37","date_gmt":"2020-11-06T05:40:37","guid":{"rendered":"https:\/\/cirandadefilmes.com.br\/cirandacirandinha\/cirandacirandinha\/?p=4055"},"modified":"2020-11-06T12:35:43","modified_gmt":"2020-11-06T15:35:43","slug":"teatro-de-sombras-celebra-o-cinema-e-os-sonhos-na-abertura-da-mostra","status":"publish","type":"post","link":"https:\/\/cirandadefilmes.com.br\/cirandacirandinha\/teatro-de-sombras-celebra-o-cinema-e-os-sonhos-na-abertura-da-mostra\/","title":{"rendered":"Teatro de sombras celebra o cinema e os sonhos na abertura da mostra"},"content":{"rendered":"\n<p>Para aqueles que n\u00e3o puderam assistir e tamb\u00e9m para quem quer rever, assista aqui a sess\u00e3o que celebrou a abertura da mostra no dia 4 de novembro! <\/p>\n\n\n\n<figure class=\"wp-block-embed-youtube wp-block-embed is-type-video is-provider-youtube wp-embed-aspect-16-9 wp-has-aspect-ratio\"><div class=\"wp-block-embed__wrapper\">\n<iframe loading=\"lazy\" title=\"Ciranda Cirandinha de Filmes | abertura\" width=\"580\" height=\"326\" src=\"https:\/\/www.youtube.com\/embed\/s3plGQvhKyk?feature=oembed\" frameborder=\"0\" allow=\"accelerometer; autoplay; clipboard-write; encrypted-media; gyroscope; picture-in-picture; web-share\" referrerpolicy=\"strict-origin-when-cross-origin\" allowfullscreen><\/iframe>\n<\/div><\/figure>\n\n\n\n<p>A contadora de hist\u00f3rias Andi Rubinstein que, na sess\u00e3o <em>Uma noite para sonhar<\/em>, contar\u00e1 para n\u00f3s hist\u00f3rias antigas sobre sonhos e sonhadores, deu as boas vindas ao p\u00fablico na noite que seguiu com uma deliciosa apresenta\u00e7\u00e3o de teatro de sombras realizada pela Cia. Pavio de Abajour. Em seguida, as curadoras Patricia Dur\u00e3es e Fernanda Heinz Figueiredo anunciaram o programa <em>Jovens realizadoras<\/em>, que foi apresentado pelas pr\u00f3prias, composto por seis curtas-metragens de cineastas que, j\u00e1 no in\u00edcio de suas carreiras, nos presenteiam com obras incr\u00edveis! <\/p>\n\n\n\n<p><\/p>\n\n\n\n<p>Desejamos a todos \u00f3timas sess\u00f5es e uma \u00f3tima mostra! Nos encontramos nas diversas atividades que comp\u00f5em a programa\u00e7\u00e3o. Fiquem de olho na agenda completa e n\u00e3o percam!   <\/p>\n","protected":false},"excerpt":{"rendered":"<p>Para aqueles que n\u00e3o puderam assistir e tamb\u00e9m para quem quer rever, assista aqui a sess\u00e3o que celebrou a abertura da mostra no dia 4 de novembro! A contadora de hist\u00f3rias Andi Rubinstein que, na sess\u00e3o Uma noite para sonhar, contar\u00e1 para n\u00f3s hist\u00f3rias antigas sobre sonhos e sonhadores, deu as boas vindas ao p\u00fablico [&hellip;]<\/p>\n","protected":false},"author":1,"featured_media":4059,"comment_status":"closed","ping_status":"closed","sticky":false,"template":"","format":"standard","meta":{"_mo_disable_npp":"","footnotes":""},"categories":[47],"tags":[],"class_list":["post-4055","post","type-post","status-publish","format-standard","has-post-thumbnail","hentry","category-diario"],"_links":{"self":[{"href":"https:\/\/cirandadefilmes.com.br\/cirandacirandinha\/wp-json\/wp\/v2\/posts\/4055","targetHints":{"allow":["GET"]}}],"collection":[{"href":"https:\/\/cirandadefilmes.com.br\/cirandacirandinha\/wp-json\/wp\/v2\/posts"}],"about":[{"href":"https:\/\/cirandadefilmes.com.br\/cirandacirandinha\/wp-json\/wp\/v2\/types\/post"}],"author":[{"embeddable":true,"href":"https:\/\/cirandadefilmes.com.br\/cirandacirandinha\/wp-json\/wp\/v2\/users\/1"}],"replies":[{"embeddable":true,"href":"https:\/\/cirandadefilmes.com.br\/cirandacirandinha\/wp-json\/wp\/v2\/comments?post=4055"}],"version-history":[{"count":2,"href":"https:\/\/cirandadefilmes.com.br\/cirandacirandinha\/wp-json\/wp\/v2\/posts\/4055\/revisions"}],"predecessor-version":[{"id":4065,"href":"https:\/\/cirandadefilmes.com.br\/cirandacirandinha\/wp-json\/wp\/v2\/posts\/4055\/revisions\/4065"}],"wp:featuredmedia":[{"embeddable":true,"href":"https:\/\/cirandadefilmes.com.br\/cirandacirandinha\/wp-json\/wp\/v2\/media\/4059"}],"wp:attachment":[{"href":"https:\/\/cirandadefilmes.com.br\/cirandacirandinha\/wp-json\/wp\/v2\/media?parent=4055"}],"wp:term":[{"taxonomy":"category","embeddable":true,"href":"https:\/\/cirandadefilmes.com.br\/cirandacirandinha\/wp-json\/wp\/v2\/categories?post=4055"},{"taxonomy":"post_tag","embeddable":true,"href":"https:\/\/cirandadefilmes.com.br\/cirandacirandinha\/wp-json\/wp\/v2\/tags?post=4055"}],"curies":[{"name":"wp","href":"https:\/\/api.w.org\/{rel}","templated":true}]}}