{"id":4043,"date":"2020-11-06T00:12:57","date_gmt":"2020-11-06T03:12:57","guid":{"rendered":"https:\/\/cirandadefilmes.com.br\/cirandacirandinha\/cirandacirandinha\/?p=4043"},"modified":"2020-11-06T03:05:10","modified_gmt":"2020-11-06T06:05:10","slug":"a-escuta-cura-curadores-curadorinhos-curandeirinhos","status":"publish","type":"post","link":"https:\/\/cirandadefilmes.com.br\/cirandacirandinha\/a-escuta-cura-curadores-curadorinhos-curandeirinhos\/","title":{"rendered":"A escuta-cura: curadores, curadorinhos, curandeirinhos"},"content":{"rendered":"\n<p class=\"has-text-align-center\"><em>por <a href=\"https:\/\/cirandadefilmes.com.br\/cirandacirandinha\/cirandacirandinha\/ataliba-benaim\/\" data-type=\"post\" data-id=\"4061\">Ataliba Benaim<\/a>, gestalt-terapeuta, roteirista, documentarista e colaborador da Ciranda de Filmes<\/em><\/p>\n\n\n\n<p><\/p>\n\n\n\n<div class=\"wp-block-columns is-layout-flex wp-container-core-columns-is-layout-9d6595d7 wp-block-columns-is-layout-flex\">\n<div class=\"wp-block-column is-layout-flow wp-block-column-is-layout-flow\" style=\"flex-basis:15%\"><\/div>\n\n\n\n<div class=\"wp-block-column is-layout-flow wp-block-column-is-layout-flow\" style=\"flex-basis:70%\">\n<p><\/p>\n\n\n\n<p>Como seria uma mostra de filmes curada pelo olhar das crian\u00e7as? A indaga\u00e7\u00e3o surgiu l\u00e1 atr\u00e1s, quando eu e minha comadre Fernanda Heinz (idealizadora e realizadora da Ciranda de Filmes, junto com Patricia Dur\u00e3es) nos encantamos pela obra de Javier Naranjo, poeta e mestre colombiano que se dedica a investigar e estimular a filosofia nata e sem filtros das crian\u00e7as da escola onde \u00e9 professor.<\/p>\n\n\n\n<p>Entre outras publica\u00e7\u00f5es, Javier organizou a p\u00e9rola liter\u00e1ria \u201cCasa das Estrelas\u201d, na qual compilou afirma\u00e7\u00f5es espont\u00e2neas, po\u00e9ticas e filos\u00f3ficas de seus alunos (entre 4 e 12 anos) sobre os mais diversos temas.<\/p>\n\n\n\n<p>Empolgadas com a ideia de construir esta edi\u00e7\u00e3o da Mostra em parceria com as crian\u00e7as, Fernanda e Patricia me convidaram para elaborar din\u00e2micas em que adolescentes e crian\u00e7as pudessem testar algumas obras da programa\u00e7\u00e3o antes de seu in\u00edcio oficial. E que, sobretudo, fossem estimulados a expressar as correla\u00e7\u00f5es entre os filmes e suas vidas.<\/p>\n\n\n\n<p>Honrado com o desafio, propus que a a\u00e7\u00e3o (batizada de \u201cEscuta Cirandinha\u201d) fosse a terceira parceria entre a Ciranda de Filmes e o Instituto Gestalt de Vanguarda Cl\u00e1udio Naranjo, que vem ampliando sua atua\u00e7\u00e3o em atendimentos sociais com adultos, adolescentes e crian\u00e7as. Com isso, recebi de presente o refor\u00e7o mais que especial da Luciana Tavares, que al\u00e9m de psic\u00f3loga especializada em terapia com crian\u00e7as e adolescentes, \u00e9 tamb\u00e9m uma das gestalt-terapeutas do Instituto, assim como eu.<\/p>\n\n\n\n<p>Juntos e com a ajuda indispens\u00e1vel de educadores e respons\u00e1veis, propusemos \u00e0s crian\u00e7as e aos adolescentes tr\u00eas din\u00e2micas riqu\u00edssimas, cada uma com uma turma de idades, cidades e regi\u00f5es diferentes do pa\u00eds. Nelas, todxs soltaram o verbo e a imagina\u00e7\u00e3o. (Conto mais detalhes dessas \u201cEscutas\u201d abaixo).<\/p>\n\n\n\n<p>Tenho certeza que plantamos sementes que poder\u00e3o ser germinadas em outras experimenta\u00e7\u00f5es nos pr\u00f3ximos anos.&nbsp; Assim, seguimos praticando o exerc\u00edcio de escuta atenta \u00e0s crian\u00e7as, para podermos nos reconectar com a sabedoria perdida e avan\u00e7ar para o come\u00e7o.<\/p>\n\n\n\n<p>Cito e disponibilizo aqui outra experi\u00eancia que fiz, tamb\u00e9m inspirada pela admira\u00e7\u00e3o que tenho no trabalho de Javier Naranjo: o curta metragem \u201cPequenos Fil\u00f3sofos, Grandes Verdades\u201d &#8211; <\/p>\n\n\n\n<figure class=\"wp-block-embed-vimeo wp-block-embed is-type-video is-provider-vimeo wp-embed-aspect-16-9 wp-has-aspect-ratio\"><div class=\"wp-block-embed__wrapper\">\n<iframe loading=\"lazy\" title=\"Pequenos Fil\u00f3sofos, Grandes Verdades\" src=\"https:\/\/player.vimeo.com\/video\/315984192?dnt=1&amp;app_id=122963\" width=\"580\" height=\"326\" frameborder=\"0\" allow=\"autoplay; fullscreen; picture-in-picture; clipboard-write\"><\/iframe>\n<\/div><\/figure>\n\n\n\n<p><\/p>\n\n\n\n<h4 class=\"wp-block-heading\">1.\u00aa Escuta_<strong>Crian\u00e7a e natureza, um pleonasmo evidente<\/strong>.<\/h4>\n\n\n\n<p>J\u00e1 imaginou o que o realismo fant\u00e1stico das lendas ind\u00edgenas brasileiras podem nos ensinar sobre como nos relacionamos com a natureza?&nbsp; Como toda mitologia que se desdobra no tempo, cabem nessas hist\u00f3rias toda a sorte de interpreta\u00e7\u00f5es e analogias, que poderiam resultar em publica\u00e7\u00f5es interessantes e cabe\u00e7udas.<\/p>\n\n\n\n<p>Mas e se a gente substituir antrop\u00f3logos, indigenistas e mit\u00f3logos por crian\u00e7as de 4 a 6 anos? Imagine. Sim, as subjetividade dos pequenos sobre essas lendas as fazem ainda mais instigantes e amplas.<\/p>\n\n\n\n<p>Foi o que fizemos nesse primeiro encontro da \u201cEscuta Cirandinha\u201d, pautados pela deliciosa tarefa de ouvir os mais novos curadores, reunidos pela Maria de Lourdes Gomes da Silva, coordenadora do CEI Agostinho Pattaro de Campinas, SP<\/p>\n\n\n\n<p>Diante da s\u00edntese infantil , meu v\u00edcio pela elabora\u00e7\u00e3o racional \u00e9 confrontado de forma aguda e sou convidado a lembrar que a intelectualiza\u00e7\u00e3o deveria exercer um papel coadjuvante se eu quiser viver e sentir mais a vida do que tentar entend\u00ea-la.&nbsp;<\/p>\n\n\n\n<p>Joaquim, Sol, Helena, Elisa, Felipe, Sophi, B\u00e1rbara, Maria Luisa e Giovana assistiram atentas as tr\u00eas primeiras hist\u00f3rias da anima\u00e7\u00e3o \u201cMitos Ind\u00edgenas em travessia\u201d : \u201cEMA \u2013 do&nbsp; Kadiweu, o Menino-Peixe, do povo Kuikuru e As Mulheres Sem Rosto, do povo Java\u00e9, todos da regi\u00e3o centro-oeste do Brasil.<\/p>\n\n\n\n<p>O resultado dessa prosa foi um caleidosc\u00f3pio hipnotizante que me deixou num vazio f\u00e9rtil onde s\u00f3 brotou a convic\u00e7\u00e3o de que, se quero me reconectar verdadeiramente com a natureza, preciso avan\u00e7ar para o come\u00e7o.<\/p>\n\n\n\n<figure class=\"wp-block-image size-large\"><img loading=\"lazy\" decoding=\"async\" width=\"1024\" height=\"576\" src=\"https:\/\/cirandadefilmes.com.br\/cirandacirandinha\/cirandacirandinha\/wp-content\/uploads\/2020\/10\/VIA_LACTEA_20191029.00_00_38_12.Still001-1024x576.jpg\" alt=\"\" class=\"wp-image-2146\" srcset=\"https:\/\/cirandadefilmes.com.br\/cirandacirandinha\/wp-content\/uploads\/2020\/10\/VIA_LACTEA_20191029.00_00_38_12.Still001-1024x576.jpg 1024w, https:\/\/cirandadefilmes.com.br\/cirandacirandinha\/wp-content\/uploads\/2020\/10\/VIA_LACTEA_20191029.00_00_38_12.Still001-300x169.jpg 300w, https:\/\/cirandadefilmes.com.br\/cirandacirandinha\/wp-content\/uploads\/2020\/10\/VIA_LACTEA_20191029.00_00_38_12.Still001-768x432.jpg 768w, https:\/\/cirandadefilmes.com.br\/cirandacirandinha\/wp-content\/uploads\/2020\/10\/VIA_LACTEA_20191029.00_00_38_12.Still001-1536x864.jpg 1536w, https:\/\/cirandadefilmes.com.br\/cirandacirandinha\/wp-content\/uploads\/2020\/10\/VIA_LACTEA_20191029.00_00_38_12.Still001-1200x675.jpg 1200w, https:\/\/cirandadefilmes.com.br\/cirandacirandinha\/wp-content\/uploads\/2020\/10\/VIA_LACTEA_20191029.00_00_38_12.Still001.jpg 1920w\" sizes=\"auto, (max-width: 1024px) 100vw, 1024px\" \/><\/figure>\n\n\n\n<p>*Mitos ind\u00edgenas em travessia <\/p>\n\n\n\n<p>Anima\u00e7\u00e3o, Brasil, 2019, 22 min. Dir. Julia Vellutini, Wesley Rodrigues<\/p>\n\n\n\n<h4 class=\"wp-block-heading\"><strong>2<sup>a<\/sup> Escuta_Dona Cristina perdeu a mem\u00f3ria e n\u00f3s ganhamos esperan\u00e7a.<\/strong><\/h4>\n\n\n\n<p>O segundo filme posto \u00e0 prova dos olhares atentos dos pequenos curadores foi um curta-metragem que tem nada menos que Jorge Furtado como um de seus roteiristas.<\/p>\n\n\n\n<p>\u201cDona Cristina Perdeu a mem\u00f3ria\u201d foi assistido e debatido pela turma de 12 a 14 anos da professora Neimara Ramos Am\u00e9rico dos Santos, da Escola Estadual Ivens Vieira, da cidade de Angatuba-SP.<\/p>\n\n\n\n<p>A s\u00edntese entre complexidade e simplicidade que o roteiro do filme prop\u00f5e, foi captada em cheio pela Corina, Luana, Mariana, Vinicius, Karolina, Tiago, Vinicius Matheus e Bruno Henrique, que teceram v\u00e1rias observa\u00e7\u00f5es sobre a hist\u00f3ria de amizade entre uma senhora com Alzheimer e um garoto curioso de 8 anos.<\/p>\n\n\n\n<p>O curta da Casa de Cinema de Porto Alegre joga com a constru\u00e7\u00e3o e a perda de mem\u00f3ria, com o come\u00e7o e o final da vida e sugere como esse espelhamento entre inf\u00e2ncia velhice pode se refletir em s\u00edmbolos que nos questionam em qual fase da vida estamos e o que estamos fazendo desta fase.<\/p>\n\n\n\n<p>Me marcou bastante quando, por exemplo, Vinicius percebeu-se equilibrando alegria e tristeza ao mesmo tempo durante o filme e esta experi\u00eancia o conectou com hist\u00f3rias de supera\u00e7\u00e3o pelas quais passou em sua breve vida de 13 anos. Pra mim, foi um recado de como sentimentos contradit\u00f3rios s\u00e3o f\u00e9rteis se pudermos aceitar o di\u00e1logo entre eles.<\/p>\n\n\n\n<figure class=\"wp-block-image size-large\"><img loading=\"lazy\" decoding=\"async\" width=\"1024\" height=\"576\" src=\"https:\/\/cirandadefilmes.com.br\/cirandacirandinha\/cirandacirandinha\/wp-content\/uploads\/2020\/10\/dona-cristina-perdeu-a-memoria_pedro-tergolina-e1602807741828-1024x576.jpg\" alt=\"\" class=\"wp-image-2055\" srcset=\"https:\/\/cirandadefilmes.com.br\/cirandacirandinha\/wp-content\/uploads\/2020\/10\/dona-cristina-perdeu-a-memoria_pedro-tergolina-e1602807741828-1024x576.jpg 1024w, https:\/\/cirandadefilmes.com.br\/cirandacirandinha\/wp-content\/uploads\/2020\/10\/dona-cristina-perdeu-a-memoria_pedro-tergolina-e1602807741828-300x169.jpg 300w, https:\/\/cirandadefilmes.com.br\/cirandacirandinha\/wp-content\/uploads\/2020\/10\/dona-cristina-perdeu-a-memoria_pedro-tergolina-e1602807741828-768x432.jpg 768w, https:\/\/cirandadefilmes.com.br\/cirandacirandinha\/wp-content\/uploads\/2020\/10\/dona-cristina-perdeu-a-memoria_pedro-tergolina-e1602807741828-1536x865.jpg 1536w, https:\/\/cirandadefilmes.com.br\/cirandacirandinha\/wp-content\/uploads\/2020\/10\/dona-cristina-perdeu-a-memoria_pedro-tergolina-e1602807741828-2048x1153.jpg 2048w, https:\/\/cirandadefilmes.com.br\/cirandacirandinha\/wp-content\/uploads\/2020\/10\/dona-cristina-perdeu-a-memoria_pedro-tergolina-e1602807741828-1200x676.jpg 1200w, https:\/\/cirandadefilmes.com.br\/cirandacirandinha\/wp-content\/uploads\/2020\/10\/dona-cristina-perdeu-a-memoria_pedro-tergolina-e1602807741828-1980x1115.jpg 1980w\" sizes=\"auto, (max-width: 1024px) 100vw, 1024px\" \/><\/figure>\n\n\n\n<p>*Dona Cristina Perdeu a Mem\u00f3ria. <\/p>\n\n\n\n<p>Drama, Brasil, 2002, 13 min. Dir. Ana Luiza Azevedo<\/p>\n\n\n\n<h4 class=\"wp-block-heading\"><strong>3<sup>a<\/sup> Escuta_Viagens on\u00edricas com meninas do Cariri<\/strong>.<\/h4>\n\n\n\n<p>O terceiro encontro da \u201cEscuta Cirandinha\u201d foi uma viagem com as meninas Ana Let\u00edcia e Ana Lu\u00edsa, da Funda\u00e7\u00e3o Casa Grande, do Cariri, Cear\u00e1. A viagem-filme-conversa, organizada com a ajuda do educador A\u00e9cio Diniz, me fez lembrar que a psicodelia \u00e9 inata e pode ser acessada gratuitamente, todos os dias.<\/p>\n\n\n\n<p>Assistimos juntos ao curta de anima\u00e7\u00e3o \u201cViagem na Chuva\u201d, que conta a hist\u00f3ria de um menino, ou de um velho que v\u00ea a passagem da chuva ou de um circo. Que est\u00e1 feliz ou triste, que morre ou renasce, que sou eu ou voc\u00ea. Ou n\u00e3o.<\/p>\n\n\n\n<p>Nessa din\u00e2mica fiquei encantado com as falas reflexivas dessas meninas de 15 e 11 anos, que me mostraram que entendem muito mais de sonhos do que eu, que sou terapeuta e muitas vezes fa\u00e7o deles ferramentas do meu trabalho.<\/p>\n\n\n\n<p>Talvez porque sonhos n\u00e3o sejam mesmo de \u201centender\u201d, pelo menos da forma como me acostumei a significar (ou limitar) este verbo. Sonhos s\u00e3o muito mais de se deixar viver do que de se esfor\u00e7ar para entender.<\/p>\n\n\n\n<p>Passamos um ter\u00e7o da vida neste estado on\u00edrico que nos arrebata todas as noites em um viver de emo\u00e7\u00f5es fortes, gostosas ou assustadoras, com pouca l\u00f3gica e muita criatividade. &nbsp;&nbsp;Quem tem a sorte de lembrar dos sonhos e reproduzi-los, tem \u00e0 disposi\u00e7\u00e3o um professor que ensina a ampliar a consci\u00eancia transcender as possibilidades do viver.<\/p>\n\n\n\n<p>Agrade\u00e7o pela experi\u00eancia de escutar essas meninas como se eu estivesse escutando uma outra parte de mim mesmo. De fato escutei.<\/p>\n\n\n\n<figure class=\"wp-block-image size-large\"><img loading=\"lazy\" decoding=\"async\" width=\"1024\" height=\"575\" src=\"https:\/\/cirandadefilmes.com.br\/cirandacirandinha\/cirandacirandinha\/wp-content\/uploads\/2020\/10\/01-e1602873441794-1024x575.jpg\" alt=\"\" class=\"wp-image-2190\" srcset=\"https:\/\/cirandadefilmes.com.br\/cirandacirandinha\/wp-content\/uploads\/2020\/10\/01-e1602873441794-1024x575.jpg 1024w, https:\/\/cirandadefilmes.com.br\/cirandacirandinha\/wp-content\/uploads\/2020\/10\/01-e1602873441794-300x168.jpg 300w, https:\/\/cirandadefilmes.com.br\/cirandacirandinha\/wp-content\/uploads\/2020\/10\/01-e1602873441794-768x431.jpg 768w, https:\/\/cirandadefilmes.com.br\/cirandacirandinha\/wp-content\/uploads\/2020\/10\/01-e1602873441794-1536x863.jpg 1536w, https:\/\/cirandadefilmes.com.br\/cirandacirandinha\/wp-content\/uploads\/2020\/10\/01-e1602873441794-1200x674.jpg 1200w, https:\/\/cirandadefilmes.com.br\/cirandacirandinha\/wp-content\/uploads\/2020\/10\/01-e1602873441794.jpg 1752w\" sizes=\"auto, (max-width: 1024px) 100vw, 1024px\" \/><\/figure>\n\n\n\n<p>*Viagem na Chuva <\/p>\n\n\n\n<p>Anima\u00e7\u00e3o, Brasil, 2014, 12 min. Dir. Wesley Rodrigues<\/p>\n\n\n\n<p><\/p>\n<\/div>\n\n\n\n<div class=\"wp-block-column is-layout-flow wp-block-column-is-layout-flow\" style=\"flex-basis:15%\"><\/div>\n<\/div>\n\n\n\n<p><\/p>\n","protected":false},"excerpt":{"rendered":"<p>por Ataliba Benaim, gestalt-terapeuta, roteirista, documentarista e colaborador da Ciranda de Filmes Como seria uma mostra de filmes curada pelo olhar das crian\u00e7as? A indaga\u00e7\u00e3o surgiu l\u00e1 atr\u00e1s, quando eu e minha comadre Fernanda Heinz (idealizadora e realizadora da Ciranda de Filmes, junto com Patricia Dur\u00e3es) nos encantamos pela obra de Javier Naranjo, poeta e [&hellip;]<\/p>\n","protected":false},"author":1,"featured_media":4046,"comment_status":"closed","ping_status":"closed","sticky":false,"template":"","format":"standard","meta":{"_mo_disable_npp":"","footnotes":""},"categories":[2,9],"tags":[],"class_list":["post-4043","post","type-post","status-publish","format-standard","has-post-thumbnail","hentry","category-olhares","category-olhares-2020"],"_links":{"self":[{"href":"https:\/\/cirandadefilmes.com.br\/cirandacirandinha\/wp-json\/wp\/v2\/posts\/4043","targetHints":{"allow":["GET"]}}],"collection":[{"href":"https:\/\/cirandadefilmes.com.br\/cirandacirandinha\/wp-json\/wp\/v2\/posts"}],"about":[{"href":"https:\/\/cirandadefilmes.com.br\/cirandacirandinha\/wp-json\/wp\/v2\/types\/post"}],"author":[{"embeddable":true,"href":"https:\/\/cirandadefilmes.com.br\/cirandacirandinha\/wp-json\/wp\/v2\/users\/1"}],"replies":[{"embeddable":true,"href":"https:\/\/cirandadefilmes.com.br\/cirandacirandinha\/wp-json\/wp\/v2\/comments?post=4043"}],"version-history":[{"count":5,"href":"https:\/\/cirandadefilmes.com.br\/cirandacirandinha\/wp-json\/wp\/v2\/posts\/4043\/revisions"}],"predecessor-version":[{"id":4064,"href":"https:\/\/cirandadefilmes.com.br\/cirandacirandinha\/wp-json\/wp\/v2\/posts\/4043\/revisions\/4064"}],"wp:featuredmedia":[{"embeddable":true,"href":"https:\/\/cirandadefilmes.com.br\/cirandacirandinha\/wp-json\/wp\/v2\/media\/4046"}],"wp:attachment":[{"href":"https:\/\/cirandadefilmes.com.br\/cirandacirandinha\/wp-json\/wp\/v2\/media?parent=4043"}],"wp:term":[{"taxonomy":"category","embeddable":true,"href":"https:\/\/cirandadefilmes.com.br\/cirandacirandinha\/wp-json\/wp\/v2\/categories?post=4043"},{"taxonomy":"post_tag","embeddable":true,"href":"https:\/\/cirandadefilmes.com.br\/cirandacirandinha\/wp-json\/wp\/v2\/tags?post=4043"}],"curies":[{"name":"wp","href":"https:\/\/api.w.org\/{rel}","templated":true}]}}