{"id":3795,"date":"2020-11-02T02:22:50","date_gmt":"2020-11-02T05:22:50","guid":{"rendered":"https:\/\/cirandadefilmes.com.br\/cirandacirandinha\/cirandacirandinha\/?p=3795"},"modified":"2020-11-03T18:28:49","modified_gmt":"2020-11-03T21:28:49","slug":"comkids","status":"publish","type":"post","link":"https:\/\/cirandadefilmes.com.br\/cirandacirandinha\/comkids\/","title":{"rendered":"comKids"},"content":{"rendered":"\n<h4 class=\"wp-block-heading\">Em busca de conte\u00fados de qualidade que estimulem a criatividade, a curiosidade, a identidade cultural e a autoestima das crian\u00e7as.<\/h4>\n\n\n\n<p>O comKids \u00e9 uma iniciativa pautada pela busca de qualidade na produ\u00e7\u00e3o infantojuvenil e pelo respeito, dedica\u00e7\u00e3o e cuidado com as jovens audi\u00eancias. Trabalha com pressupostos conceituais como a responsabilidade social e o desenvolvimento cultural. Reconhece tamb\u00e9m a pot\u00eancia do momento atual do universo digital, em express\u00f5es e conte\u00fados audiovisuais, veiculadas em televis\u00e3o, ou mesmo nas plataformas digitais e interativas.<\/p>\n\n\n\n<figure class=\"wp-block-image size-large\"><img loading=\"lazy\" decoding=\"async\" width=\"1024\" height=\"683\" src=\"https:\/\/cirandadefilmes.com.br\/cirandacirandinha\/cirandacirandinha\/wp-content\/uploads\/2020\/11\/comKids_2017_d_bustamante-1024x683.jpg\" alt=\"\" class=\"wp-image-3796\" srcset=\"https:\/\/cirandadefilmes.com.br\/cirandacirandinha\/wp-content\/uploads\/2020\/11\/comKids_2017_d_bustamante-1024x683.jpg 1024w, https:\/\/cirandadefilmes.com.br\/cirandacirandinha\/wp-content\/uploads\/2020\/11\/comKids_2017_d_bustamante-300x200.jpg 300w, https:\/\/cirandadefilmes.com.br\/cirandacirandinha\/wp-content\/uploads\/2020\/11\/comKids_2017_d_bustamante-768x512.jpg 768w, https:\/\/cirandadefilmes.com.br\/cirandacirandinha\/wp-content\/uploads\/2020\/11\/comKids_2017_d_bustamante.jpg 1080w\" sizes=\"auto, (max-width: 1024px) 100vw, 1024px\" \/><\/figure>\n\n\n\n<div class=\"wp-block-columns is-layout-flex wp-container-core-columns-is-layout-9d6595d7 wp-block-columns-is-layout-flex\">\n<div class=\"wp-block-column is-layout-flow wp-block-column-is-layout-flow\" style=\"flex-basis:33.33%\"><\/div>\n\n\n\n<div class=\"wp-block-column is-layout-flow wp-block-column-is-layout-flow\" style=\"flex-basis:66.66%\"><\/div>\n<\/div>\n\n\n\n<p>O comKids articula-se continuamente com interessados no tema, sejam profissionais do meio ou educadores, por meio de portal bil\u00edngue ( <a href=\"http:\/\/www.comkids.com.br\/\" target=\"_blank\" rel=\"noreferrer noopener\">www.comkids.com.br<\/a> ), assim como pelas redes sociais (Twitter, Instagram, Facebook, YouTube, estante Spcine Play) e publica\u00e7\u00f5es (cat\u00e1lgos, folders, etc.). Tamb\u00e9m realiza, ao longo do ano, oficinas com crian\u00e7as e adolescentes e forma\u00e7\u00f5es de professores, em um esfor\u00e7o por unir o audiovisual, a cultura e a reflex\u00e3o a respeito da produ\u00e7\u00e3o e recep\u00e7\u00e3o de conte\u00fados. Nessas a\u00e7\u00f5es, busca, igualmente, oferecer uma oportunidade para o desenvolvimento do letramento midi\u00e1tico dos participantes.<\/p>\n\n\n\n<p>Em per\u00edodos mais espec\u00edficos e intensivos do ano, realiza os Festivais comKids (Prix Jeunesse Iberoamericano, Primeira Inf\u00e2ncia, N\u00e3o Fic\u00e7\u00e3o, Interativo), os seus principais eventos.<\/p>\n\n\n\n<div class=\"wp-block-columns alignwide is-layout-flex wp-container-core-columns-is-layout-9d6595d7 wp-block-columns-is-layout-flex\">\n<div class=\"wp-block-column is-layout-flow wp-block-column-is-layout-flow\">\n<figure class=\"wp-block-image size-large\"><img loading=\"lazy\" decoding=\"async\" width=\"1024\" height=\"683\" src=\"https:\/\/cirandadefilmes.com.br\/cirandacirandinha\/cirandacirandinha\/wp-content\/uploads\/2020\/11\/mostra_comkids_danila_bustamante-1-1024x683.jpg\" alt=\"\" class=\"wp-image-3801\" srcset=\"https:\/\/cirandadefilmes.com.br\/cirandacirandinha\/wp-content\/uploads\/2020\/11\/mostra_comkids_danila_bustamante-1-1024x683.jpg 1024w, https:\/\/cirandadefilmes.com.br\/cirandacirandinha\/wp-content\/uploads\/2020\/11\/mostra_comkids_danila_bustamante-1-300x200.jpg 300w, https:\/\/cirandadefilmes.com.br\/cirandacirandinha\/wp-content\/uploads\/2020\/11\/mostra_comkids_danila_bustamante-1-768x512.jpg 768w, https:\/\/cirandadefilmes.com.br\/cirandacirandinha\/wp-content\/uploads\/2020\/11\/mostra_comkids_danila_bustamante-1-1536x1024.jpg 1536w, https:\/\/cirandadefilmes.com.br\/cirandacirandinha\/wp-content\/uploads\/2020\/11\/mostra_comkids_danila_bustamante-1-1200x800.jpg 1200w, https:\/\/cirandadefilmes.com.br\/cirandacirandinha\/wp-content\/uploads\/2020\/11\/mostra_comkids_danila_bustamante-1-1980x1320.jpg 1980w, https:\/\/cirandadefilmes.com.br\/cirandacirandinha\/wp-content\/uploads\/2020\/11\/mostra_comkids_danila_bustamante-1.jpg 2048w\" sizes=\"auto, (max-width: 1024px) 100vw, 1024px\" \/><\/figure>\n<\/div>\n\n\n\n<div class=\"wp-block-column is-layout-flow wp-block-column-is-layout-flow\">\n<figure class=\"wp-block-image size-large\"><img loading=\"lazy\" decoding=\"async\" width=\"1024\" height=\"683\" src=\"https:\/\/cirandadefilmes.com.br\/cirandacirandinha\/cirandacirandinha\/wp-content\/uploads\/2020\/11\/mostra_comkids_danila_bustamante2-1-1024x683.jpg\" alt=\"\" class=\"wp-image-3802\" srcset=\"https:\/\/cirandadefilmes.com.br\/cirandacirandinha\/wp-content\/uploads\/2020\/11\/mostra_comkids_danila_bustamante2-1-1024x683.jpg 1024w, https:\/\/cirandadefilmes.com.br\/cirandacirandinha\/wp-content\/uploads\/2020\/11\/mostra_comkids_danila_bustamante2-1-300x200.jpg 300w, https:\/\/cirandadefilmes.com.br\/cirandacirandinha\/wp-content\/uploads\/2020\/11\/mostra_comkids_danila_bustamante2-1-768x512.jpg 768w, https:\/\/cirandadefilmes.com.br\/cirandacirandinha\/wp-content\/uploads\/2020\/11\/mostra_comkids_danila_bustamante2-1-1536x1024.jpg 1536w, https:\/\/cirandadefilmes.com.br\/cirandacirandinha\/wp-content\/uploads\/2020\/11\/mostra_comkids_danila_bustamante2-1-1200x800.jpg 1200w, https:\/\/cirandadefilmes.com.br\/cirandacirandinha\/wp-content\/uploads\/2020\/11\/mostra_comkids_danila_bustamante2-1-1980x1320.jpg 1980w, https:\/\/cirandadefilmes.com.br\/cirandacirandinha\/wp-content\/uploads\/2020\/11\/mostra_comkids_danila_bustamante2-1.jpg 2048w\" sizes=\"auto, (max-width: 1024px) 100vw, 1024px\" \/><\/figure>\n<\/div>\n\n\n\n<div class=\"wp-block-column is-layout-flow wp-block-column-is-layout-flow\">\n<figure class=\"wp-block-image size-large\"><img loading=\"lazy\" decoding=\"async\" width=\"1024\" height=\"683\" src=\"https:\/\/cirandadefilmes.com.br\/cirandacirandinha\/cirandacirandinha\/wp-content\/uploads\/2020\/11\/workshop_comkids2017_d_bustamante-1-1024x683.jpg\" alt=\"\" class=\"wp-image-3803\" srcset=\"https:\/\/cirandadefilmes.com.br\/cirandacirandinha\/wp-content\/uploads\/2020\/11\/workshop_comkids2017_d_bustamante-1-1024x683.jpg 1024w, https:\/\/cirandadefilmes.com.br\/cirandacirandinha\/wp-content\/uploads\/2020\/11\/workshop_comkids2017_d_bustamante-1-300x200.jpg 300w, https:\/\/cirandadefilmes.com.br\/cirandacirandinha\/wp-content\/uploads\/2020\/11\/workshop_comkids2017_d_bustamante-1-768x512.jpg 768w, https:\/\/cirandadefilmes.com.br\/cirandacirandinha\/wp-content\/uploads\/2020\/11\/workshop_comkids2017_d_bustamante-1.jpg 1026w\" sizes=\"auto, (max-width: 1024px) 100vw, 1024px\" \/><\/figure>\n<\/div>\n<\/div>\n\n\n\n<p><strong>Festival comKids<\/strong><\/p>\n\n\n\n<p>O Festival comKids \u00e9 um encontro que tem como objetivo: valorizar e premiar a criatividade, a diversidade e a qualidade nas obras audiovisuais e interativas dirigidas a crian\u00e7as e adolescentes; estimular a produ\u00e7\u00e3o de novos conte\u00fados no Brasil, na Am\u00e9rica Latina, Pen\u00ednsula Ib\u00e9rica e tamb\u00e9m nos pa\u00edses africanos de l\u00edngua portuguesa; e estreitar la\u00e7os entre produtores, criadores, canais e demais profissionais do setor audiovisual. Paralelamente, s\u00e3o trabalhadas a forma\u00e7\u00e3o de p\u00fablico e a difus\u00e3o de conte\u00fado de qualidade, contando com a importante presen\u00e7a direta do p\u00fablico-alvo (as crian\u00e7as e suas fam\u00edlias) nas mostras presenciais, atividades educativas e em algumas sess\u00f5es realizadas online por streaming.<\/p>\n\n\n\n<p>A busca \u00e9 sempre de que a inf\u00e2ncia seja fortalecida atrav\u00e9s da frui\u00e7\u00e3o de conte\u00fados de qualidade que estimulam a criatividade, a curiosidade, a identidade cultural, a autoestima das crian\u00e7as, assim como seu senso de cidadania, solidariedade, respeito \u00e0 diversidade e valoriza\u00e7\u00e3o da equidade social.<\/p>\n\n\n\n<div class=\"wp-block-columns alignwide is-layout-flex wp-container-core-columns-is-layout-9d6595d7 wp-block-columns-is-layout-flex\">\n<div class=\"wp-block-column is-layout-flow wp-block-column-is-layout-flow\">\n<figure class=\"wp-block-embed-youtube wp-block-embed is-type-video is-provider-youtube wp-embed-aspect-16-9 wp-has-aspect-ratio\"><div class=\"wp-block-embed__wrapper\">\n<iframe loading=\"lazy\" title=\"Festival comkids Prix Jeunesse Iberoamericano 2019 (V\u00eddeo-resumo)\" width=\"580\" height=\"326\" src=\"https:\/\/www.youtube.com\/embed\/ErAMWJ1u6vg?start=11&#038;feature=oembed\" frameborder=\"0\" allow=\"accelerometer; autoplay; clipboard-write; encrypted-media; gyroscope; picture-in-picture; web-share\" referrerpolicy=\"strict-origin-when-cross-origin\" allowfullscreen><\/iframe>\n<\/div><\/figure>\n<\/div>\n\n\n\n<div class=\"wp-block-column is-layout-flow wp-block-column-is-layout-flow\">\n<figure class=\"wp-block-embed-youtube wp-block-embed is-type-video is-provider-youtube wp-embed-aspect-16-9 wp-has-aspect-ratio\"><div class=\"wp-block-embed__wrapper\">\n<iframe loading=\"lazy\" title=\"J\u00fari infantil Brasil - Festival comKids - Prix Jeunesse Iberoamericano 2019\" width=\"580\" height=\"326\" src=\"https:\/\/www.youtube.com\/embed\/9CpjSzOt1mg?start=5&#038;feature=oembed\" frameborder=\"0\" allow=\"accelerometer; autoplay; clipboard-write; encrypted-media; gyroscope; picture-in-picture; web-share\" referrerpolicy=\"strict-origin-when-cross-origin\" allowfullscreen><\/iframe>\n<\/div><\/figure>\n<\/div>\n\n\n\n<div class=\"wp-block-column is-layout-flow wp-block-column-is-layout-flow\">\n<figure class=\"wp-block-embed-youtube wp-block-embed is-type-video is-provider-youtube wp-embed-aspect-16-9 wp-has-aspect-ratio\"><div class=\"wp-block-embed__wrapper\">\n<iframe loading=\"lazy\" title=\"V\u00eddeo-resumo das mesas do Festival comKids Interativo 2020\" width=\"580\" height=\"326\" src=\"https:\/\/www.youtube.com\/embed\/AJtblN7pKr0?start=15&#038;feature=oembed\" frameborder=\"0\" allow=\"accelerometer; autoplay; clipboard-write; encrypted-media; gyroscope; picture-in-picture; web-share\" referrerpolicy=\"strict-origin-when-cross-origin\" allowfullscreen><\/iframe>\n<\/div><\/figure>\n<\/div>\n<\/div>\n\n\n\n<p>O Festival comKids \u00e9 ainda um ponto de encontro para produtores e criadores de nossa regi\u00e3o, promovendo e debatendo a qualidade na produ\u00e7\u00e3o infantojuvenil. Durante os dias de festival, entre outras a\u00e7\u00f5es, realiza atividades que favorecem o entrosamento de profissionais do setor, a difus\u00e3o de obras, a atualiza\u00e7\u00e3o profissional e a gera\u00e7\u00e3o de neg\u00f3cios. E as crian\u00e7as tamb\u00e9m est\u00e3o presentes no festival, n\u00e3o apenas assistindo, mas debatendo e votando nas suas obras favoritas, por meio do j\u00fari infantil.<\/p>\n\n\n\n<figure class=\"wp-block-embed-youtube wp-block-embed is-type-video is-provider-youtube wp-embed-aspect-16-9 wp-has-aspect-ratio\"><div class=\"wp-block-embed__wrapper\">\n<iframe loading=\"lazy\" title=\"Festival comKids \u2013 PJ Iberoamericano \u2013 Conte\u00fados latino-americanos\" width=\"580\" height=\"326\" src=\"https:\/\/www.youtube.com\/embed\/sVua-CGDpBQ?start=34&#038;feature=oembed\" frameborder=\"0\" allow=\"accelerometer; autoplay; clipboard-write; encrypted-media; gyroscope; picture-in-picture; web-share\" referrerpolicy=\"strict-origin-when-cross-origin\" allowfullscreen><\/iframe>\n<\/div><\/figure>\n\n\n\n<p>O comKids \u00e9 um selo do Midiativa, com o suporte da Singular, M\u00eddia e Conte\u00fado. Fazemos tudo isso com o apoio e parceria de organiza\u00e7\u00f5es como o Goethe-Institut, o Sesc SP, a Spcine, al\u00e9m de outras importantes aliadas.<\/p>\n\n\n\n<p>Conhe\u00e7am o comKids ! Em 2021, haver\u00e1 a celebra\u00e7\u00e3o do Festival comKids Prix Jeunesse Iberoamericano uma vez mais, no m\u00eas de agosto, como de costume, e muita coisa boa vai rolar. <\/p>\n\n\n\n<p style=\"font-size:25.25px\"><strong><a href=\"http:\/\/www.comkids.com.br\" target=\"_blank\" rel=\"noreferrer noopener\">Saiba mais sobre o comKids<\/a><\/strong>!<\/p>\n\n\n\n<p><\/p>\n\n\n\n<div style=\"height:100px\" aria-hidden=\"true\" class=\"wp-block-spacer\"><\/div>\n","protected":false},"excerpt":{"rendered":"<p>Em busca de conte\u00fados de qualidade que estimulem a criatividade, a curiosidade, a identidade cultural e a autoestima das crian\u00e7as. O comKids \u00e9 uma iniciativa pautada pela busca de qualidade na produ\u00e7\u00e3o infantojuvenil e pelo respeito, dedica\u00e7\u00e3o e cuidado com as jovens audi\u00eancias. Trabalha com pressupostos conceituais como a responsabilidade social e o desenvolvimento cultural. [&hellip;]<\/p>\n","protected":false},"author":1,"featured_media":0,"comment_status":"closed","ping_status":"closed","sticky":false,"template":"templates\/template-full-width.php","format":"standard","meta":{"_mo_disable_npp":"","footnotes":""},"categories":[10],"tags":[],"class_list":["post-3795","post","type-post","status-publish","format-standard","hentry","category-colecoes"],"_links":{"self":[{"href":"https:\/\/cirandadefilmes.com.br\/cirandacirandinha\/wp-json\/wp\/v2\/posts\/3795","targetHints":{"allow":["GET"]}}],"collection":[{"href":"https:\/\/cirandadefilmes.com.br\/cirandacirandinha\/wp-json\/wp\/v2\/posts"}],"about":[{"href":"https:\/\/cirandadefilmes.com.br\/cirandacirandinha\/wp-json\/wp\/v2\/types\/post"}],"author":[{"embeddable":true,"href":"https:\/\/cirandadefilmes.com.br\/cirandacirandinha\/wp-json\/wp\/v2\/users\/1"}],"replies":[{"embeddable":true,"href":"https:\/\/cirandadefilmes.com.br\/cirandacirandinha\/wp-json\/wp\/v2\/comments?post=3795"}],"version-history":[{"count":3,"href":"https:\/\/cirandadefilmes.com.br\/cirandacirandinha\/wp-json\/wp\/v2\/posts\/3795\/revisions"}],"predecessor-version":[{"id":3931,"href":"https:\/\/cirandadefilmes.com.br\/cirandacirandinha\/wp-json\/wp\/v2\/posts\/3795\/revisions\/3931"}],"wp:attachment":[{"href":"https:\/\/cirandadefilmes.com.br\/cirandacirandinha\/wp-json\/wp\/v2\/media?parent=3795"}],"wp:term":[{"taxonomy":"category","embeddable":true,"href":"https:\/\/cirandadefilmes.com.br\/cirandacirandinha\/wp-json\/wp\/v2\/categories?post=3795"},{"taxonomy":"post_tag","embeddable":true,"href":"https:\/\/cirandadefilmes.com.br\/cirandacirandinha\/wp-json\/wp\/v2\/tags?post=3795"}],"curies":[{"name":"wp","href":"https:\/\/api.w.org\/{rel}","templated":true}]}}