{"id":3294,"date":"2020-10-22T17:33:25","date_gmt":"2020-10-22T20:33:25","guid":{"rendered":"https:\/\/cirandadefilmes.com.br\/cirandacirandinha\/cirandacirandinha\/?p=3294"},"modified":"2020-11-04T17:29:54","modified_gmt":"2020-11-04T20:29:54","slug":"bebelume-makuru-cancoes-de-berco","status":"publish","type":"post","link":"https:\/\/cirandadefilmes.com.br\/cirandacirandinha\/bebelume-makuru-cancoes-de-berco\/","title":{"rendered":"Makuru \u2013 Can\u00e7\u00f5es de ber\u00e7o"},"content":{"rendered":"\n<div class=\"wp-block-columns alignwide is-layout-flex wp-container-core-columns-is-layout-9d6595d7 wp-block-columns-is-layout-flex\">\n<div class=\"wp-block-column is-layout-flow wp-block-column-is-layout-flow\" style=\"flex-basis:66.66%\">\n<div class=\"wp-block-buttons is-layout-flex wp-block-buttons-is-layout-flex\">\n<div class=\"wp-block-button is-style-fill\"><a class=\"wp-block-button__link\" href=\"https:\/\/innsaei.tv\/#\/detalhes\/3f65eb00-09ea-4ec8-84a5-118d5480c8a8\" target=\"_blank\" rel=\"noreferrer noopener\">clique aqui para assistir<\/a><\/div>\n<\/div>\n\n\n\n<p style=\"font-size:16px\"><strong><strong>anima\u00e7\u00e3o, Brasil, <strong><strong>2020, 15 min, livre<\/strong><\/strong><\/strong><br><strong>sugest\u00e3o: 2+<\/strong><\/strong><\/p>\n\n\n\n<p><strong><u>Sinopses de epis\u00f3dios da s\u00e9rie Makuru \u2013 Can\u00e7\u00f5es de ber\u00e7o<\/u><\/strong><br><br>1 \u2013 X\u00f4 pav\u00e3o<\/p>\n\n\n\n<p>Naquele momento antes do dormir, Makuru enfrenta seus medos do escuro e do Pav\u00e3o da fazenda. X\u00f4 Pav\u00e3o, deixa o menino dormir sossegado!<\/p>\n\n\n\n<p>Fonte: Can\u00e7\u00e3o de origem europeia. &nbsp;Pesqueira-PE<\/p>\n\n\n\n<p>2 \u2013 Sussusssu<\/p>\n\n\n\n<p>Sua m\u00e3e foi na venda e logo vem. Makuru aproveita para brincar no parquinho. Roda-roda, balan\u00e7o e escorrega. Mas tudo \u00e9 s\u00f3 sonho e Makuru logo cai no sono.<\/p>\n\n\n\n<p>Fonte: PEDREIRA, Esther. Folclore musicado da Bahia. Salvador: FUNCEB\/EGBA, 1978.<\/p>\n\n\n\n<p>MADUREIRA, Ant\u00f4nio. Brincadeiras de roda, est\u00f3rias e can\u00e7\u00f5es de ninar. S\u00e3o Paulo: Eldorado, 1983.<\/p>\n\n\n\n<p>3 \u2013 Dorme anjo lindo<\/p>\n\n\n\n<p>Correr atr\u00e1s da bola pelas ruas da cidade. Mas, nessa noite, a bola \u00e9 a Lua cheia que paira sobre n\u00f3s e que nos leva a viajar pelo c\u00e9u estrelado de Piren\u00f3polis (GO).<\/p>\n\n\n\n<p>Fonte: Acervo de Lucilene Silva<\/p>\n\n\n\n<p>4 \u2013 Samba malandr\u00e9u<\/p>\n\n\n\n<p>Makuru n\u00e3o quer dormir ele quer \u00e9 cair no samba e brincar de cadeirinha! Nesse terreiro n\u00e3o samba sem chap\u00e9u. Vai dormir menino!<\/p>\n\n\n\n<p>Fonte: SILVA, Lucilene.&nbsp;<em>Eu vi as tr\u00eas meninas \u2013 m\u00fasica tradicional da inf\u00e2ncia na Aldeia de Carapicu\u00edba.<\/em> Carapicu\u00edba: Casa das 5 Pedrinhas, 2014.&nbsp;<\/p>\n\n\n\n<p>5 \u2013 Dorme nen\u00e9m<\/p>\n\n\n\n<p>Dorme nen\u00e9m que a noite a\u00ed vem. Enquanto sua m\u00e3e cozinha, Makuru aproveita para brincar com as panelas e a farinha. Vai dormir menino que mam\u00e3e tem que lavar e engomar.<\/p>\n\n\n\n<p>Fonte: SILVA, Lucilene.&nbsp;<em>Eu vi as tr\u00eas meninas \u2013 m\u00fasica tradicional da inf\u00e2ncia na Aldeia de Carapicu\u00edba.<\/em> Carapicu\u00edba: Casa das 5 Pedrinhas, 2014.<\/p>\n\n\n\n<div style=\"height:40px\" aria-hidden=\"true\" class=\"wp-block-spacer\"><\/div>\n\n\n\n<h3 class=\"has-normal-font-size wp-block-heading\"><\/h3>\n\n\n\n<p><\/p>\n\n\n\n<p><\/p>\n<\/div>\n\n\n\n<div class=\"wp-block-column is-layout-flow wp-block-column-is-layout-flow\" style=\"flex-basis:33.33%\">\n<p style=\"font-size:14px\">Dire\u00e7\u00e3o: Clarice Cardell<br>Roteiro: Clarice Cardell e Vanessa Fort<br>Dire\u00e7\u00e3o de Fotografia: Marcelo Barbosa<br>Trilha Original: Lupa Marque e Jota Dale<br>Diretor de Arte, Diretor de Anima\u00e7\u00e3o e Montagem:&nbsp; Ricardo Makoto<br>Pesquisa Cultura Tradicional da Inf\u00e2ncia: Lucilene Silva<br>Assist\u00eacia de Produ\u00e7\u00e3o: Juliana Carib\u00e9<br>Coordena\u00e7\u00e3o de Produ\u00e7\u00e3o: Leonardo Hernandes<br>Coordena\u00e7\u00e3o Geral: Centro da Cultura Popular Brasileira &#8211; CEPOP<br>Co-produ\u00e7\u00e3o: Makoto Studio<br>Realiza\u00e7\u00e3o: BebeLume Produ\u00e7\u00f5es Ltda.<\/p>\n\n\n\n<p style=\"font-size:14px\"><\/p>\n\n\n\n<p style=\"font-size:14px\"><br><\/p>\n<\/div>\n<\/div>\n\n\n\n<p><\/p>\n","protected":false},"excerpt":{"rendered":"<p>anima\u00e7\u00e3o, Brasil, 2020, 15 min, livre<br \/>\n<b>sugest\u00e3o: 2+<\/b><\/p>\n","protected":false},"author":2,"featured_media":3909,"comment_status":"closed","ping_status":"closed","sticky":false,"template":"","format":"standard","meta":{"_mo_disable_npp":"","footnotes":""},"categories":[19,32],"tags":[],"class_list":["post-3294","post","type-post","status-publish","format-standard","has-post-thumbnail","hentry","category-bebelume-filmes","category-inspira-fundo"],"_links":{"self":[{"href":"https:\/\/cirandadefilmes.com.br\/cirandacirandinha\/wp-json\/wp\/v2\/posts\/3294","targetHints":{"allow":["GET"]}}],"collection":[{"href":"https:\/\/cirandadefilmes.com.br\/cirandacirandinha\/wp-json\/wp\/v2\/posts"}],"about":[{"href":"https:\/\/cirandadefilmes.com.br\/cirandacirandinha\/wp-json\/wp\/v2\/types\/post"}],"author":[{"embeddable":true,"href":"https:\/\/cirandadefilmes.com.br\/cirandacirandinha\/wp-json\/wp\/v2\/users\/2"}],"replies":[{"embeddable":true,"href":"https:\/\/cirandadefilmes.com.br\/cirandacirandinha\/wp-json\/wp\/v2\/comments?post=3294"}],"version-history":[{"count":10,"href":"https:\/\/cirandadefilmes.com.br\/cirandacirandinha\/wp-json\/wp\/v2\/posts\/3294\/revisions"}],"predecessor-version":[{"id":3965,"href":"https:\/\/cirandadefilmes.com.br\/cirandacirandinha\/wp-json\/wp\/v2\/posts\/3294\/revisions\/3965"}],"wp:featuredmedia":[{"embeddable":true,"href":"https:\/\/cirandadefilmes.com.br\/cirandacirandinha\/wp-json\/wp\/v2\/media\/3909"}],"wp:attachment":[{"href":"https:\/\/cirandadefilmes.com.br\/cirandacirandinha\/wp-json\/wp\/v2\/media?parent=3294"}],"wp:term":[{"taxonomy":"category","embeddable":true,"href":"https:\/\/cirandadefilmes.com.br\/cirandacirandinha\/wp-json\/wp\/v2\/categories?post=3294"},{"taxonomy":"post_tag","embeddable":true,"href":"https:\/\/cirandadefilmes.com.br\/cirandacirandinha\/wp-json\/wp\/v2\/tags?post=3294"}],"curies":[{"name":"wp","href":"https:\/\/api.w.org\/{rel}","templated":true}]}}