{"id":3291,"date":"2020-10-22T17:25:55","date_gmt":"2020-10-22T20:25:55","guid":{"rendered":"https:\/\/cirandadefilmes.com.br\/cirandacirandinha\/cirandacirandinha\/?p=3291"},"modified":"2020-11-04T17:30:28","modified_gmt":"2020-11-04T20:30:28","slug":"bebelume-inspira-fundo-2","status":"publish","type":"post","link":"https:\/\/cirandadefilmes.com.br\/cirandacirandinha\/bebelume-inspira-fundo-2\/","title":{"rendered":"Inspira fundo"},"content":{"rendered":"\n<div class=\"wp-block-columns alignwide is-layout-flex wp-container-core-columns-is-layout-9d6595d7 wp-block-columns-is-layout-flex\">\n<div class=\"wp-block-column is-layout-flow wp-block-column-is-layout-flow\" style=\"flex-basis:66.66%\">\n<div class=\"wp-block-buttons is-layout-flex wp-block-buttons-is-layout-flex\">\n<div class=\"wp-block-button is-style-fill\"><a class=\"wp-block-button__link\" href=\"https:\/\/innsaei.tv\/#\/detalhes\/f7d2cb81-61d0-4c49-958a-19c0810bdf9f\" target=\"_blank\" rel=\"noreferrer noopener\">clique aqui para assistir<\/a><\/div>\n<\/div>\n\n\n\n<p style=\"font-size:16px\"><strong><strong>document\u00e1rio, Brasil, 2019, 15 min, livre<\/strong><br><strong>sugest\u00e3o: 2+<\/strong><\/strong><\/p>\n\n\n\n<p><strong><u>Sinopses dos epis\u00f3dios da s\u00e9rie Inspira fundo (1\u00aa temporada)<\/u><\/strong><\/p>\n\n\n\n<p>1 \u2013 Redondo Quadrado<\/p>\n\n\n\n<p>As formas, os volumes e as intera\u00e7\u00f5es poss\u00edveis com as coisas do mundo concreto encantam os pequenos pelas suas possibilidades e descobertas.&nbsp; O que \u00e9 redondo? A bola, o mundo, mas tamb\u00e9m, o rel\u00f3gio e a x\u00edcara! E o quadrado? Os sons s\u00e3o diferentes, assim como a sua rea\u00e7\u00e3o quando elas caem. Neste v\u00eddeo, al\u00e9m da did\u00e1tica das formas, mostramos poss\u00edveis contradi\u00e7\u00f5es e os sons das coisas.<\/p>\n\n\n\n<p>2 \u2013 Nascer<\/p>\n\n\n\n<p>O ciclo da vida. Para uns o grande trauma do nascimento, para outros o grande espet\u00e1culo da vida. A espiral do nascimento, o fio vermelho, os caminhos\u2026&nbsp; Uma can\u00e7\u00e3o de ninar para este grande acontecimento<\/p>\n\n\n\n<p>3 \u2013 Sim! N\u00e3o!<\/p>\n\n\n\n<p>O grande desafio de estabelecer limites. N\u00e3o pode! O que \u00e9 perigoso e pode machucar. Uma met\u00e1fora sobre a castra\u00e7\u00e3o psicanal\u00edtica e, ao mesmo tempo, as coisas simples daquela palavra milhares de vezes repetida: N\u00e3o. E, tamb\u00e9m, do deleite do\u2026Sim! Pode!!!!<\/p>\n\n\n\n<p>4 \u2013 Cad\u00ea?<\/p>\n\n\n\n<p>Uma brincadeira fundante para o sujeito. Brincar de sumir e aparecer \u00e9 uma das intera\u00e7\u00f5es mais seculares entre pais e filhos e diz muito da nossa capacidade de reconhecer o outro e enteder a realidade. Cad\u00ea? Sumiu, desapareceu\u2026 Achou! No cora\u00e7\u00e3o das coisas.<\/p>\n\n\n\n<p>5 &#8211; Acabou<\/p>\n\n\n\n<p>A finitude das coisas e a aceita\u00e7\u00e3o que as coisas acabam, chegam ao fim. Trabalhar a perda, o fim das coisas mais simples at\u00e9 e a pr\u00f3pria vida e algo que precisamos exercitar desde pequenos. Compreender que as coisas acabam \u00e9 fundamental para termos pessoas menos irritadas, totalit\u00e1rias e ansiosas.&nbsp;<\/p>\n\n\n\n<div style=\"height:40px\" aria-hidden=\"true\" class=\"wp-block-spacer\"><\/div>\n\n\n\n<h3 class=\"has-normal-font-size wp-block-heading\"><\/h3>\n\n\n\n<p><\/p>\n\n\n\n<p><\/p>\n<\/div>\n\n\n\n<div class=\"wp-block-column is-layout-flow wp-block-column-is-layout-flow\" style=\"flex-basis:33.33%\">\n<p style=\"font-size:14px\">Roteiro e Dire\u00e7\u00e3o: Clarice Cardell<br>Dire\u00e7\u00e3o de Fotografia e Montagem: Marcelo Barbosa<br>Trilha Original: Lupa Marque e Jota Dale<br>Manipula\u00e7\u00e3o de Objetos e Interpreta\u00e7\u00e3o: Clarice Cardell<br>e Gabriel Guir\u00e1<br>Dire\u00e7\u00e3o de Arte: Sarah Noda<br>Ilumina\u00e7\u00e3o: Carlos Laredo<br>Produ\u00e7\u00e3o Executiva: Leonardo Hernandes<br>Assist\u00eancia de Produ\u00e7\u00e3o: Tatiana Restrepo, Rodrigo Hudson, Jonatan Silva, Herbert Lins.<\/p>\n\n\n\n<p style=\"font-size:14px\"><br><\/p>\n<\/div>\n<\/div>\n\n\n\n<p><\/p>\n","protected":false},"excerpt":{"rendered":"<p>document\u00e1rio, Brasil, 2019, 15 min, livre<br \/>\n<b>sugest\u00e3o: 2+<\/b><\/p>\n","protected":false},"author":2,"featured_media":3265,"comment_status":"closed","ping_status":"closed","sticky":false,"template":"","format":"standard","meta":{"_mo_disable_npp":"","footnotes":""},"categories":[19,32],"tags":[],"class_list":["post-3291","post","type-post","status-publish","format-standard","has-post-thumbnail","hentry","category-bebelume-filmes","category-inspira-fundo"],"_links":{"self":[{"href":"https:\/\/cirandadefilmes.com.br\/cirandacirandinha\/wp-json\/wp\/v2\/posts\/3291","targetHints":{"allow":["GET"]}}],"collection":[{"href":"https:\/\/cirandadefilmes.com.br\/cirandacirandinha\/wp-json\/wp\/v2\/posts"}],"about":[{"href":"https:\/\/cirandadefilmes.com.br\/cirandacirandinha\/wp-json\/wp\/v2\/types\/post"}],"author":[{"embeddable":true,"href":"https:\/\/cirandadefilmes.com.br\/cirandacirandinha\/wp-json\/wp\/v2\/users\/2"}],"replies":[{"embeddable":true,"href":"https:\/\/cirandadefilmes.com.br\/cirandacirandinha\/wp-json\/wp\/v2\/comments?post=3291"}],"version-history":[{"count":9,"href":"https:\/\/cirandadefilmes.com.br\/cirandacirandinha\/wp-json\/wp\/v2\/posts\/3291\/revisions"}],"predecessor-version":[{"id":3966,"href":"https:\/\/cirandadefilmes.com.br\/cirandacirandinha\/wp-json\/wp\/v2\/posts\/3291\/revisions\/3966"}],"wp:featuredmedia":[{"embeddable":true,"href":"https:\/\/cirandadefilmes.com.br\/cirandacirandinha\/wp-json\/wp\/v2\/media\/3265"}],"wp:attachment":[{"href":"https:\/\/cirandadefilmes.com.br\/cirandacirandinha\/wp-json\/wp\/v2\/media?parent=3291"}],"wp:term":[{"taxonomy":"category","embeddable":true,"href":"https:\/\/cirandadefilmes.com.br\/cirandacirandinha\/wp-json\/wp\/v2\/categories?post=3291"},{"taxonomy":"post_tag","embeddable":true,"href":"https:\/\/cirandadefilmes.com.br\/cirandacirandinha\/wp-json\/wp\/v2\/tags?post=3291"}],"curies":[{"name":"wp","href":"https:\/\/api.w.org\/{rel}","templated":true}]}}