{"id":3069,"date":"2020-10-22T00:12:26","date_gmt":"2020-10-22T03:12:26","guid":{"rendered":"https:\/\/cirandadefilmes.com.br\/cirandacirandinha\/cirandacirandinha\/?p=3069"},"modified":"2020-10-22T01:03:11","modified_gmt":"2020-10-22T04:03:11","slug":"ser-crianca-e-natural","status":"publish","type":"post","link":"https:\/\/cirandadefilmes.com.br\/cirandacirandinha\/ser-crianca-e-natural\/","title":{"rendered":"Ser Crian\u00e7a \u00e9 Natural"},"content":{"rendered":"\n<h4 class=\"wp-block-heading\">Experi\u00eancias na natureza com crian\u00e7as, fam\u00edlias e professores.<\/h4>\n\n\n\n<p>O &nbsp;programa Ser Crian\u00e7a \u00e9 Natural nasceu em 2013, com a chegada de Ana Carol Thom\u00e9 ao Instituto Rom\u00e3. Desde ent\u00e3o atua em duas frentes: fam\u00edlia e educa\u00e7\u00e3o, promovendo experi\u00eancias para as crian\u00e7as e forma\u00e7\u00e3o para os adultos.<br><br>Dentre as a\u00e7\u00f5es realizadas, est\u00e3o os encontros e oficinas para brincar com a natureza em fam\u00edlia, forma\u00e7\u00f5es de educadores, cursos virtuais, rodas de conversa, palestras, assessoria em escolas e a brincadeira Caixas da Natureza.<\/p>\n\n\n\n<p> Os encontros&nbsp;Ser Crian\u00e7a \u00e9 Natural, tanto&nbsp;para crian\u00e7as at\u00e9 6 anos como os encontros&nbsp;Ser Beb\u00ea \u00e9 Natural,&nbsp;para crian\u00e7as bem pequenas, de at\u00e9 2 anos,&nbsp;acontecem em Parques P\u00fablicos na regi\u00e3o da Grande S\u00e3o Paulo, mas tamb\u00e9m j\u00e1 aconteceram no interior de SP e&nbsp;no Rio de Janeiro. O percurso seguido \u00e9 no&nbsp;tempo&nbsp;das crian\u00e7as. E as&nbsp;surpresas&nbsp;do caminho s\u00e3o as crian\u00e7as que mostram!<\/p>\n\n\n\n<p>J\u00e1 nas oficinas para brincar com a natureza, acontecem brincadeiras&nbsp;simples&nbsp;que provocam o&nbsp;encantamento. Cada proposta instiga a conhecer a natureza do entorno, agu\u00e7ar os sentidos, ser criativo.&nbsp;<\/p>\n\n\n\n<p style=\"font-size:25.25px\"><strong>Saiba mais sobre esta iniciativa por meio de outras de suas a\u00e7\u00f5es<\/strong>.<\/p>\n\n\n\n<h5 class=\"has-text-align-left wp-block-heading\">Caixas da Natureza <\/h5>\n\n\n\n<figure class=\"wp-block-embed-youtube wp-block-embed is-type-video is-provider-youtube wp-embed-aspect-16-9 wp-has-aspect-ratio\"><div class=\"wp-block-embed__wrapper\">\n<iframe loading=\"lazy\" title=\"O que s\u00e3o as Caixas da Natureza?\" width=\"580\" height=\"326\" src=\"https:\/\/www.youtube.com\/embed\/bHxkQ4XhNz4?feature=oembed\" frameborder=\"0\" allow=\"accelerometer; autoplay; clipboard-write; encrypted-media; gyroscope; picture-in-picture; web-share\" referrerpolicy=\"strict-origin-when-cross-origin\" allowfullscreen><\/iframe>\n<\/div><\/figure>\n\n\n\n<p>Caixas da Natureza \u00e9 uma brincadeira de trocas entre FAM\u00cdLIAS de todo o Brasil. A id\u00e9ia \u00e9 que todos conhe\u00e7am a natureza que existe nos locais onde brincam, ao seu redor, a natureza que voc\u00ea vive e experimenta.<br><br>Cada fam\u00edlia inscrita cria uma caixa com suas boas experi\u00eancias com a natureza. Dentro cabe fotografia, carta, elementos da natureza, postais e o que mais registrar a sua rela\u00e7\u00e3o com a natureza do entorno.<br><br>Para viver essas boa experi\u00eancias n\u00e3o \u00e9 preciso viajar o estar em imers\u00f5es em reservar ou unidades de conserva\u00e7\u00e3o. Basta abrir os olhos e perceber o mundo ao seu redor. Pequenas caminhadas no entorno do bairro, pra\u00e7as, parques, ou sua pr\u00f3pria casa.<br><br>A partir dos dados dos participantes, cria-se uma ciranda de trocas!<\/p>\n\n\n\n<p>Quer participar? Inscreva-se na <a href=\"https:\/\/cirandadefilmes.com.br\/cirandacirandinha\/cirandacirandinha\/index.php\/2020\/10\/18\/caixas-da-natureza-com-ana-carol-thome\/\" data-type=\"post\" data-id=\"2476\">Oficina Caixas da Natureza<\/a> que acontece na Ciranda Cirandinha de Filmes! <\/p>\n\n\n\n<h5 class=\"has-text-align-left wp-block-heading\">S\u00e9rie Detetives da Natureza <\/h5>\n\n\n\n<p>Nesta s\u00e9rie, o Ser Crian\u00e7a \u00e9 Natural conectou perguntas de crian\u00e7as com especialistas em diferentes assuntos da natureza. A cada quinze dias, as ter\u00e7as-feiras, um tema novo. Para participar, fique de olho nas redes sociais do projeto!<\/p>\n\n\n\n<div class=\"wp-block-columns alignwide is-layout-flex wp-container-core-columns-is-layout-9d6595d7 wp-block-columns-is-layout-flex\">\n<div class=\"wp-block-column is-layout-flow wp-block-column-is-layout-flow\">\n<figure class=\"wp-block-embed-youtube wp-block-embed is-type-video is-provider-youtube wp-embed-aspect-16-9 wp-has-aspect-ratio\"><div class=\"wp-block-embed__wrapper\">\n<iframe loading=\"lazy\" title=\"Detetives da Natureza: P\u00e1ssaros, com Cec\u00edlia Licari\u00e3o\" width=\"580\" height=\"326\" src=\"https:\/\/www.youtube.com\/embed\/V9AgHunUJao?feature=oembed\" frameborder=\"0\" allow=\"accelerometer; autoplay; clipboard-write; encrypted-media; gyroscope; picture-in-picture; web-share\" referrerpolicy=\"strict-origin-when-cross-origin\" allowfullscreen><\/iframe>\n<\/div><\/figure>\n<\/div>\n\n\n\n<div class=\"wp-block-column is-layout-flow wp-block-column-is-layout-flow\">\n<figure class=\"wp-block-embed-youtube wp-block-embed is-type-video is-provider-youtube wp-embed-aspect-16-9 wp-has-aspect-ratio\"><div class=\"wp-block-embed__wrapper\">\n<iframe loading=\"lazy\" title=\"Dinossauros Brasileiros, com Luiz Eduardo Anelli| Detetives da Natureza\" width=\"580\" height=\"326\" src=\"https:\/\/www.youtube.com\/embed\/vx5cP2dmq0M?feature=oembed\" frameborder=\"0\" allow=\"accelerometer; autoplay; clipboard-write; encrypted-media; gyroscope; picture-in-picture; web-share\" referrerpolicy=\"strict-origin-when-cross-origin\" allowfullscreen><\/iframe>\n<\/div><\/figure>\n<\/div>\n\n\n\n<div class=\"wp-block-column is-layout-flow wp-block-column-is-layout-flow\">\n<figure class=\"wp-block-embed-youtube wp-block-embed is-type-video is-provider-youtube wp-embed-aspect-16-9 wp-has-aspect-ratio\"><div class=\"wp-block-embed__wrapper\">\n<iframe loading=\"lazy\" title=\"Detetives da Natureza - R\u00e9pteis | Com Thomaz Henrique Barrella\" width=\"580\" height=\"326\" src=\"https:\/\/www.youtube.com\/embed\/_yo0LbjGUWg?feature=oembed\" frameborder=\"0\" allow=\"accelerometer; autoplay; clipboard-write; encrypted-media; gyroscope; picture-in-picture; web-share\" referrerpolicy=\"strict-origin-when-cross-origin\" allowfullscreen><\/iframe>\n<\/div><\/figure>\n<\/div>\n<\/div>\n\n\n\n<div class=\"wp-block-columns alignwide is-layout-flex wp-container-core-columns-is-layout-9d6595d7 wp-block-columns-is-layout-flex\">\n<div class=\"wp-block-column is-layout-flow wp-block-column-is-layout-flow\">\n<figure class=\"wp-block-embed-youtube wp-block-embed is-type-video is-provider-youtube wp-embed-aspect-16-9 wp-has-aspect-ratio\"><div class=\"wp-block-embed__wrapper\">\n<iframe loading=\"lazy\" title=\"Detetives da Natureza: ABELHAS com Carina Abreu\" width=\"580\" height=\"326\" src=\"https:\/\/www.youtube.com\/embed\/uM31cOzIFa8?feature=oembed\" frameborder=\"0\" allow=\"accelerometer; autoplay; clipboard-write; encrypted-media; gyroscope; picture-in-picture; web-share\" referrerpolicy=\"strict-origin-when-cross-origin\" allowfullscreen><\/iframe>\n<\/div><\/figure>\n<\/div>\n\n\n\n<div class=\"wp-block-column is-layout-flow wp-block-column-is-layout-flow\">\n<figure class=\"wp-block-embed-youtube wp-block-embed is-type-video is-provider-youtube wp-embed-aspect-16-9 wp-has-aspect-ratio\"><div class=\"wp-block-embed__wrapper\">\n<iframe loading=\"lazy\" title=\"Detetives da Natureza | Mist\u00e9rios do Corpo Humano, com Priscila Souza\" width=\"580\" height=\"326\" src=\"https:\/\/www.youtube.com\/embed\/CgE8WmhfVZE?feature=oembed\" frameborder=\"0\" allow=\"accelerometer; autoplay; clipboard-write; encrypted-media; gyroscope; picture-in-picture; web-share\" referrerpolicy=\"strict-origin-when-cross-origin\" allowfullscreen><\/iframe>\n<\/div><\/figure>\n<\/div>\n\n\n\n<div class=\"wp-block-column is-layout-flow wp-block-column-is-layout-flow\">\n<figure class=\"wp-block-embed-youtube wp-block-embed is-type-video is-provider-youtube wp-embed-aspect-16-9 wp-has-aspect-ratio\"><div class=\"wp-block-embed__wrapper\">\n<iframe loading=\"lazy\" title=\"Detetives da Natureza - Por dentro das Cavernas com Wlliam Sting\" width=\"580\" height=\"326\" src=\"https:\/\/www.youtube.com\/embed\/CxJjWsvVFUE?feature=oembed\" frameborder=\"0\" allow=\"accelerometer; autoplay; clipboard-write; encrypted-media; gyroscope; picture-in-picture; web-share\" referrerpolicy=\"strict-origin-when-cross-origin\" allowfullscreen><\/iframe>\n<\/div><\/figure>\n<\/div>\n<\/div>\n\n\n\n<h5 class=\"has-text-align-left wp-block-heading\">Outras ideias e propostas<\/h5>\n\n\n\n<div class=\"wp-block-columns alignwide is-layout-flex wp-container-core-columns-is-layout-9d6595d7 wp-block-columns-is-layout-flex\">\n<div class=\"wp-block-column is-layout-flow wp-block-column-is-layout-flow\">\n<figure class=\"wp-block-embed-youtube wp-block-embed is-type-video is-provider-youtube wp-embed-aspect-16-9 wp-has-aspect-ratio\"><div class=\"wp-block-embed__wrapper\">\n<iframe loading=\"lazy\" title=\"Estamparia da Natureza | Como estampar elementos naturais em tecidos?\" width=\"580\" height=\"326\" src=\"https:\/\/www.youtube.com\/embed\/kMAoh-YlGrI?feature=oembed\" frameborder=\"0\" allow=\"accelerometer; autoplay; clipboard-write; encrypted-media; gyroscope; picture-in-picture; web-share\" referrerpolicy=\"strict-origin-when-cross-origin\" allowfullscreen><\/iframe>\n<\/div><\/figure>\n<\/div>\n\n\n\n<div class=\"wp-block-column is-layout-flow wp-block-column-is-layout-flow\">\n<figure class=\"wp-block-embed-youtube wp-block-embed is-type-video is-provider-youtube wp-embed-aspect-16-9 wp-has-aspect-ratio\"><div class=\"wp-block-embed__wrapper\">\n<iframe loading=\"lazy\" title=\"Como fazer uma pessoa graveto?\" width=\"580\" height=\"326\" src=\"https:\/\/www.youtube.com\/embed\/Yqh0q6_c4Cs?feature=oembed\" frameborder=\"0\" allow=\"accelerometer; autoplay; clipboard-write; encrypted-media; gyroscope; picture-in-picture; web-share\" referrerpolicy=\"strict-origin-when-cross-origin\" allowfullscreen><\/iframe>\n<\/div><\/figure>\n<\/div>\n\n\n\n<div class=\"wp-block-column is-layout-flow wp-block-column-is-layout-flow\">\n<figure class=\"wp-block-embed-youtube wp-block-embed is-type-video is-provider-youtube wp-embed-aspect-16-9 wp-has-aspect-ratio\"><div class=\"wp-block-embed__wrapper\">\n<iframe loading=\"lazy\" title=\"Vamos brincar de comidinha?\" width=\"580\" height=\"326\" src=\"https:\/\/www.youtube.com\/embed\/GH3kPgOO1RA?feature=oembed\" frameborder=\"0\" allow=\"accelerometer; autoplay; clipboard-write; encrypted-media; gyroscope; picture-in-picture; web-share\" referrerpolicy=\"strict-origin-when-cross-origin\" allowfullscreen><\/iframe>\n<\/div><\/figure>\n\n\n\n<p><\/p>\n<\/div>\n<\/div>\n\n\n\n<p style=\"font-size:25.25px\"><strong><a rel=\"noreferrer noopener\" href=\"https:\/\/www.youtube.com\/playlist?list=PLrHIImvmZ0vfmc4VvaP4QW0rqsHnXB0M2\" target=\"_blank\">C<\/a><\/strong><strong><a rel=\"noreferrer noopener\" href=\"https:\/\/www.youtube.com\/playlist?list=PLrHIImvmZ0vfmc4VvaP4QW0rqsHnXB0M2\" target=\"_blank\">o<\/a><\/strong><strong><a rel=\"noreferrer noopener\" href=\"https:\/\/www.youtube.com\/playlist?list=PLrHIImvmZ0vfmc4VvaP4QW0rqsHnXB0M2\" target=\"_blank\">n<\/a><\/strong><strong><a rel=\"noreferrer noopener\" href=\"https:\/\/www.youtube.com\/playlist?list=PLrHIImvmZ0vfmc4VvaP4QW0rqsHnXB0M2\" target=\"_blank\">he\u00e7a mais sobre o Ser Crian\u00e7a \u00e9 Natural aqui<\/a><\/strong><a rel=\"noreferrer noopener\" href=\"https:\/\/www.youtube.com\/playlist?list=PLrHIImvmZ0vfmc4VvaP4QW0rqsHnXB0M2\" target=\"_blank\">!<\/a><\/p>\n\n\n\n<p><\/p>\n\n\n\n<div style=\"height:100px\" aria-hidden=\"true\" class=\"wp-block-spacer\"><\/div>\n","protected":false},"excerpt":{"rendered":"<p>Experi\u00eancias na natureza com crian\u00e7as, fam\u00edlias e professores. O &nbsp;programa Ser Crian\u00e7a \u00e9 Natural nasceu em 2013, com a chegada de Ana Carol Thom\u00e9 ao Instituto Rom\u00e3. Desde ent\u00e3o atua em duas frentes: fam\u00edlia e educa\u00e7\u00e3o, promovendo experi\u00eancias para as crian\u00e7as e forma\u00e7\u00e3o para os adultos. Dentre as a\u00e7\u00f5es realizadas, est\u00e3o os encontros e oficinas [&hellip;]<\/p>\n","protected":false},"author":2,"featured_media":3106,"comment_status":"closed","ping_status":"closed","sticky":false,"template":"templates\/template-full-width.php","format":"standard","meta":{"_mo_disable_npp":"","footnotes":""},"categories":[10],"tags":[],"class_list":["post-3069","post","type-post","status-publish","format-standard","has-post-thumbnail","hentry","category-colecoes"],"_links":{"self":[{"href":"https:\/\/cirandadefilmes.com.br\/cirandacirandinha\/wp-json\/wp\/v2\/posts\/3069","targetHints":{"allow":["GET"]}}],"collection":[{"href":"https:\/\/cirandadefilmes.com.br\/cirandacirandinha\/wp-json\/wp\/v2\/posts"}],"about":[{"href":"https:\/\/cirandadefilmes.com.br\/cirandacirandinha\/wp-json\/wp\/v2\/types\/post"}],"author":[{"embeddable":true,"href":"https:\/\/cirandadefilmes.com.br\/cirandacirandinha\/wp-json\/wp\/v2\/users\/2"}],"replies":[{"embeddable":true,"href":"https:\/\/cirandadefilmes.com.br\/cirandacirandinha\/wp-json\/wp\/v2\/comments?post=3069"}],"version-history":[{"count":4,"href":"https:\/\/cirandadefilmes.com.br\/cirandacirandinha\/wp-json\/wp\/v2\/posts\/3069\/revisions"}],"predecessor-version":[{"id":3108,"href":"https:\/\/cirandadefilmes.com.br\/cirandacirandinha\/wp-json\/wp\/v2\/posts\/3069\/revisions\/3108"}],"wp:featuredmedia":[{"embeddable":true,"href":"https:\/\/cirandadefilmes.com.br\/cirandacirandinha\/wp-json\/wp\/v2\/media\/3106"}],"wp:attachment":[{"href":"https:\/\/cirandadefilmes.com.br\/cirandacirandinha\/wp-json\/wp\/v2\/media?parent=3069"}],"wp:term":[{"taxonomy":"category","embeddable":true,"href":"https:\/\/cirandadefilmes.com.br\/cirandacirandinha\/wp-json\/wp\/v2\/categories?post=3069"},{"taxonomy":"post_tag","embeddable":true,"href":"https:\/\/cirandadefilmes.com.br\/cirandacirandinha\/wp-json\/wp\/v2\/tags?post=3069"}],"curies":[{"name":"wp","href":"https:\/\/api.w.org\/{rel}","templated":true}]}}