{"id":3013,"date":"2020-10-21T12:18:58","date_gmt":"2020-10-21T15:18:58","guid":{"rendered":"https:\/\/cirandadefilmes.com.br\/cirandacirandinha\/cirandacirandinha\/?p=3013"},"modified":"2020-11-04T19:32:34","modified_gmt":"2020-11-04T22:32:34","slug":"o-passarinho-e-o-esquilo","status":"publish","type":"post","link":"https:\/\/cirandadefilmes.com.br\/cirandacirandinha\/o-passarinho-e-o-esquilo\/","title":{"rendered":"O passarinho e o esquilo"},"content":{"rendered":"\n<div class=\"wp-block-columns alignwide is-layout-flex wp-container-core-columns-is-layout-9d6595d7 wp-block-columns-is-layout-flex\">\n<div class=\"wp-block-column is-layout-flow wp-block-column-is-layout-flow\" style=\"flex-basis:66.66%\">\n<p style=\"font-size:16px\"><strong>anima\u00e7\u00e3o, Su\u00ed\u00e7a, 2014, 4 min, livre<\/strong><br><strong>sugest\u00e3o: 2+<\/strong><\/p>\n\n\n\n<p>\u00c9 outono. Na ponta de um galho, uma folha vermelha pendurada. Um passarinho preto vem regar a folha. De repente, um esquilo rouba a lata de \u00e1gua verde brilhante dos p\u00e1ssaros. O p\u00e1ssaro segue o ladr\u00e3o atrevido: Este \u00e9 o come\u00e7o de uma emocionante persegui\u00e7\u00e3o pela floresta. Mas atr\u00e1s das \u00e1rvores a raposa vermelha ardente j\u00e1 espera sua oportunidade.<\/p>\n\n\n\n<div class=\"wp-block-buttons is-layout-flex wp-block-buttons-is-layout-flex\">\n<div class=\"wp-block-button is-style-fill\"><a class=\"wp-block-button__link\" href=\"https:\/\/innsaei.tv\/#\/detalhes\/248ceb48-42fe-4473-9b99-e7e9f00ff3ea\" target=\"_blank\" rel=\"noreferrer noopener\">clique aqui para assistir<\/a><\/div>\n<\/div>\n\n\n\n<div style=\"height:40px\" aria-hidden=\"true\" class=\"wp-block-spacer\"><\/div>\n\n\n\n<h3 class=\"has-normal-font-size wp-block-heading\"><\/h3>\n\n\n\n<p><\/p>\n\n\n\n<p><\/p>\n<\/div>\n\n\n\n<div class=\"wp-block-column is-layout-flow wp-block-column-is-layout-flow\" style=\"flex-basis:33.33%\">\n<p style=\"font-size:14px\">Dire\u00e7\u00e3o : Lena von D\u00f6hren, G<br>Produ\u00e7\u00e3o: Schattenkabinett Gmbh<br>Co-produ\u00e7\u00e3o : Schweizer Fernsehen SRF, Gabriela Bloch Steinmann, CH<br>Som : Christof Steinmann, CH<br>M\u00fasica: Martin Waespe, CH<br>Mixagem : Magnetix, Z\u00fcrich, CH<br>Anima\u00e7\u00e3o : Lena von D\u00f6hren, D<br>Efeitos : Nils Hedinger, CH<br>Edi\u00e7\u00e3o : Fee Liechti, CH<\/p>\n<\/div>\n<\/div>\n\n\n\n<p><\/p>\n","protected":false},"excerpt":{"rendered":"<p>anima\u00e7\u00e3o, Su\u00ed\u00e7a, 2014, 4 min, livre<br \/>\n<b>sugest\u00e3o: 2+<\/b><\/p>\n","protected":false},"author":2,"featured_media":3014,"comment_status":"closed","ping_status":"closed","sticky":false,"template":"","format":"standard","meta":{"_mo_disable_npp":"","footnotes":""},"categories":[16,36,3],"tags":[],"class_list":["post-3013","post","type-post","status-publish","format-standard","has-post-thumbnail","hentry","category-categoria_01","category-curtas-programa-4","category-filmes"],"_links":{"self":[{"href":"https:\/\/cirandadefilmes.com.br\/cirandacirandinha\/wp-json\/wp\/v2\/posts\/3013","targetHints":{"allow":["GET"]}}],"collection":[{"href":"https:\/\/cirandadefilmes.com.br\/cirandacirandinha\/wp-json\/wp\/v2\/posts"}],"about":[{"href":"https:\/\/cirandadefilmes.com.br\/cirandacirandinha\/wp-json\/wp\/v2\/types\/post"}],"author":[{"embeddable":true,"href":"https:\/\/cirandadefilmes.com.br\/cirandacirandinha\/wp-json\/wp\/v2\/users\/2"}],"replies":[{"embeddable":true,"href":"https:\/\/cirandadefilmes.com.br\/cirandacirandinha\/wp-json\/wp\/v2\/comments?post=3013"}],"version-history":[{"count":6,"href":"https:\/\/cirandadefilmes.com.br\/cirandacirandinha\/wp-json\/wp\/v2\/posts\/3013\/revisions"}],"predecessor-version":[{"id":3992,"href":"https:\/\/cirandadefilmes.com.br\/cirandacirandinha\/wp-json\/wp\/v2\/posts\/3013\/revisions\/3992"}],"wp:featuredmedia":[{"embeddable":true,"href":"https:\/\/cirandadefilmes.com.br\/cirandacirandinha\/wp-json\/wp\/v2\/media\/3014"}],"wp:attachment":[{"href":"https:\/\/cirandadefilmes.com.br\/cirandacirandinha\/wp-json\/wp\/v2\/media?parent=3013"}],"wp:term":[{"taxonomy":"category","embeddable":true,"href":"https:\/\/cirandadefilmes.com.br\/cirandacirandinha\/wp-json\/wp\/v2\/categories?post=3013"},{"taxonomy":"post_tag","embeddable":true,"href":"https:\/\/cirandadefilmes.com.br\/cirandacirandinha\/wp-json\/wp\/v2\/tags?post=3013"}],"curies":[{"name":"wp","href":"https:\/\/api.w.org\/{rel}","templated":true}]}}