{"id":3010,"date":"2020-10-21T12:16:35","date_gmt":"2020-10-21T15:16:35","guid":{"rendered":"https:\/\/cirandadefilmes.com.br\/cirandacirandinha\/cirandacirandinha\/?p=3010"},"modified":"2020-11-04T19:33:43","modified_gmt":"2020-11-04T22:33:43","slug":"o-passarinho-e-a-lagarta","status":"publish","type":"post","link":"https:\/\/cirandadefilmes.com.br\/cirandacirandinha\/o-passarinho-e-a-lagarta\/","title":{"rendered":"O passarinho e a lagarta"},"content":{"rendered":"\n<div class=\"wp-block-columns alignwide is-layout-flex wp-container-core-columns-is-layout-9d6595d7 wp-block-columns-is-layout-flex\">\n<div class=\"wp-block-column is-layout-flow wp-block-column-is-layout-flow\" style=\"flex-basis:66.66%\">\n<p style=\"font-size:16px\"><strong>anima\u00e7\u00e3o, Su\u00ed\u00e7a, 2017, 4 min, livre<\/strong><br><strong>sugest\u00e3o: 2+<\/strong><\/p>\n\n\n\n<p>\u00c9 ver\u00e3o. L\u00e1 no alto de uma \u00e1rvore, o passarinho aprecia e alimenta as folhas verdes de sua casa. De repente, uma lagarta faminta come\u00e7a a comer as folhas apetitosas. O passarinho consegue atrair o glut\u00e3o e uma jornada aventureira come\u00e7a.<\/p>\n\n\n\n<div class=\"wp-block-buttons is-layout-flex wp-block-buttons-is-layout-flex\">\n<div class=\"wp-block-button is-style-fill\"><a class=\"wp-block-button__link\" href=\"https:\/\/innsaei.tv\/#\/detalhes\/53cb95cc-bd41-4ce2-86c9-9cfee9386f44\" target=\"_blank\" rel=\"noreferrer noopener\">clique aqui para assistir<\/a><\/div>\n<\/div>\n\n\n\n<div style=\"height:40px\" aria-hidden=\"true\" class=\"wp-block-spacer\"><\/div>\n\n\n\n<h3 class=\"has-normal-font-size wp-block-heading\"><\/h3>\n\n\n\n<p><\/p>\n\n\n\n<p><\/p>\n<\/div>\n\n\n\n<div class=\"wp-block-column is-layout-flow wp-block-column-is-layout-flow\" style=\"flex-basis:33.33%\">\n<p style=\"font-size:14px\">Dire\u00e7\u00e3o : Lena von D\u00f6hren, G<br>Produ\u00e7\u00e3o: Schattenkabinett Gmbh<br>Co-produ\u00e7\u00e3o : Schweizer Fernsehen SRF, Gabriela Bloch Steinmann, CH<br>Som : Christof Steinmann, CH<br>M\u00fasica: Martin Waespe, CH<br>Mixagem : Magnetix, Z\u00fcrich, CH<br>Anima\u00e7\u00e3o : Lena von D\u00f6hren, D<br>Efeitos : Nils Hedinger, CH<br>Edi\u00e7\u00e3o : Fee Liechti, CH<\/p>\n<\/div>\n<\/div>\n\n\n\n<p><\/p>\n","protected":false},"excerpt":{"rendered":"<p>anima\u00e7\u00e3o, Su\u00ed\u00e7a, 2017,<br \/>\n4 min, livre<br \/>\n<b>sugest\u00e3o: 2+<\/b><\/p>\n","protected":false},"author":2,"featured_media":3011,"comment_status":"closed","ping_status":"closed","sticky":false,"template":"","format":"standard","meta":{"_mo_disable_npp":"","footnotes":""},"categories":[16,36,3],"tags":[],"class_list":["post-3010","post","type-post","status-publish","format-standard","has-post-thumbnail","hentry","category-categoria_01","category-curtas-programa-4","category-filmes"],"_links":{"self":[{"href":"https:\/\/cirandadefilmes.com.br\/cirandacirandinha\/wp-json\/wp\/v2\/posts\/3010","targetHints":{"allow":["GET"]}}],"collection":[{"href":"https:\/\/cirandadefilmes.com.br\/cirandacirandinha\/wp-json\/wp\/v2\/posts"}],"about":[{"href":"https:\/\/cirandadefilmes.com.br\/cirandacirandinha\/wp-json\/wp\/v2\/types\/post"}],"author":[{"embeddable":true,"href":"https:\/\/cirandadefilmes.com.br\/cirandacirandinha\/wp-json\/wp\/v2\/users\/2"}],"replies":[{"embeddable":true,"href":"https:\/\/cirandadefilmes.com.br\/cirandacirandinha\/wp-json\/wp\/v2\/comments?post=3010"}],"version-history":[{"count":5,"href":"https:\/\/cirandadefilmes.com.br\/cirandacirandinha\/wp-json\/wp\/v2\/posts\/3010\/revisions"}],"predecessor-version":[{"id":3993,"href":"https:\/\/cirandadefilmes.com.br\/cirandacirandinha\/wp-json\/wp\/v2\/posts\/3010\/revisions\/3993"}],"wp:featuredmedia":[{"embeddable":true,"href":"https:\/\/cirandadefilmes.com.br\/cirandacirandinha\/wp-json\/wp\/v2\/media\/3011"}],"wp:attachment":[{"href":"https:\/\/cirandadefilmes.com.br\/cirandacirandinha\/wp-json\/wp\/v2\/media?parent=3010"}],"wp:term":[{"taxonomy":"category","embeddable":true,"href":"https:\/\/cirandadefilmes.com.br\/cirandacirandinha\/wp-json\/wp\/v2\/categories?post=3010"},{"taxonomy":"post_tag","embeddable":true,"href":"https:\/\/cirandadefilmes.com.br\/cirandacirandinha\/wp-json\/wp\/v2\/tags?post=3010"}],"curies":[{"name":"wp","href":"https:\/\/api.w.org\/{rel}","templated":true}]}}