{"id":3007,"date":"2020-10-21T12:13:41","date_gmt":"2020-10-21T15:13:41","guid":{"rendered":"https:\/\/cirandadefilmes.com.br\/cirandacirandinha\/cirandacirandinha\/?p=3007"},"modified":"2020-11-04T19:35:24","modified_gmt":"2020-11-04T22:35:24","slug":"o-passarinho-e-a-folha","status":"publish","type":"post","link":"https:\/\/cirandadefilmes.com.br\/cirandacirandinha\/o-passarinho-e-a-folha\/","title":{"rendered":"O passarinho e a folha"},"content":{"rendered":"\n<div class=\"wp-block-columns alignwide is-layout-flex wp-container-core-columns-is-layout-9d6595d7 wp-block-columns-is-layout-flex\">\n<div class=\"wp-block-column is-layout-flow wp-block-column-is-layout-flow\" style=\"flex-basis:66.66%\">\n<p style=\"font-size:16px\"><strong>anima\u00e7\u00e3o, Su\u00ed\u00e7a, 2012, 4 min, livre<\/strong><br><strong>sugest\u00e3o: 2+<\/strong><\/p>\n\n\n\n<p>\u00c9 inverno. Na ponta de um galho, uma \u00fanica folha balan\u00e7a. Um passarinho preto chega para regar a folha, mas ela cai. O vento levanta a folha e dan\u00e7a com ela pela floresta nevada. O passarinho se junta, encantado. Mas a raposa vermelha ardente escondida atr\u00e1s da \u00e1rvore j\u00e1 est\u00e1 lambendo os seus l\u00e1bios.<\/p>\n\n\n\n<div class=\"wp-block-buttons is-layout-flex wp-block-buttons-is-layout-flex\">\n<div class=\"wp-block-button is-style-fill\"><a class=\"wp-block-button__link\" href=\"\" target=\"_blank\" rel=\"noreferrer noopener\">clique aqui para assistir<\/a><\/div>\n<\/div>\n\n\n\n<div style=\"height:40px\" aria-hidden=\"true\" class=\"wp-block-spacer\"><\/div>\n\n\n\n<h3 class=\"has-normal-font-size wp-block-heading\"><\/h3>\n\n\n\n<p><\/p>\n\n\n\n<p><\/p>\n<\/div>\n\n\n\n<div class=\"wp-block-column is-layout-flow wp-block-column-is-layout-flow\" style=\"flex-basis:33.33%\">\n<p style=\"font-size:14px\">Dire\u00e7\u00e3o : Lena von D\u00f6hren, G<br>Produ\u00e7\u00e3o: Schattenkabinett Gmbh<br>Co-produ\u00e7\u00e3o : Schweizer Fernsehen SRF, Gabriela Bloch Steinmann, CH<br>Som : Christof Steinmann, CH<br>M\u00fasica: Martin Waespe, CH<br>Mixagem : Magnetix, Z\u00fcrich, CH<br>Anima\u00e7\u00e3o : Lena von D\u00f6hren, D<br>Efeitos : Nils Hedinger, CH<br>Edi\u00e7\u00e3o : Fee Liechti, CH<\/p>\n<\/div>\n<\/div>\n\n\n\n<p><\/p>\n","protected":false},"excerpt":{"rendered":"<p>anima\u00e7\u00e3o, Su\u00ed\u00e7a, 2012, 4 min, livre<br \/>\n<b>sugest\u00e3o: 2+<\/b><\/p>\n","protected":false},"author":2,"featured_media":3008,"comment_status":"closed","ping_status":"closed","sticky":false,"template":"","format":"standard","meta":{"_mo_disable_npp":"","footnotes":""},"categories":[16,36,3],"tags":[],"class_list":["post-3007","post","type-post","status-publish","format-standard","has-post-thumbnail","hentry","category-categoria_01","category-curtas-programa-4","category-filmes"],"_links":{"self":[{"href":"https:\/\/cirandadefilmes.com.br\/cirandacirandinha\/wp-json\/wp\/v2\/posts\/3007","targetHints":{"allow":["GET"]}}],"collection":[{"href":"https:\/\/cirandadefilmes.com.br\/cirandacirandinha\/wp-json\/wp\/v2\/posts"}],"about":[{"href":"https:\/\/cirandadefilmes.com.br\/cirandacirandinha\/wp-json\/wp\/v2\/types\/post"}],"author":[{"embeddable":true,"href":"https:\/\/cirandadefilmes.com.br\/cirandacirandinha\/wp-json\/wp\/v2\/users\/2"}],"replies":[{"embeddable":true,"href":"https:\/\/cirandadefilmes.com.br\/cirandacirandinha\/wp-json\/wp\/v2\/comments?post=3007"}],"version-history":[{"count":5,"href":"https:\/\/cirandadefilmes.com.br\/cirandacirandinha\/wp-json\/wp\/v2\/posts\/3007\/revisions"}],"predecessor-version":[{"id":3994,"href":"https:\/\/cirandadefilmes.com.br\/cirandacirandinha\/wp-json\/wp\/v2\/posts\/3007\/revisions\/3994"}],"wp:featuredmedia":[{"embeddable":true,"href":"https:\/\/cirandadefilmes.com.br\/cirandacirandinha\/wp-json\/wp\/v2\/media\/3008"}],"wp:attachment":[{"href":"https:\/\/cirandadefilmes.com.br\/cirandacirandinha\/wp-json\/wp\/v2\/media?parent=3007"}],"wp:term":[{"taxonomy":"category","embeddable":true,"href":"https:\/\/cirandadefilmes.com.br\/cirandacirandinha\/wp-json\/wp\/v2\/categories?post=3007"},{"taxonomy":"post_tag","embeddable":true,"href":"https:\/\/cirandadefilmes.com.br\/cirandacirandinha\/wp-json\/wp\/v2\/tags?post=3007"}],"curies":[{"name":"wp","href":"https:\/\/api.w.org\/{rel}","templated":true}]}}