{"id":2999,"date":"2020-10-21T12:10:30","date_gmt":"2020-10-21T15:10:30","guid":{"rendered":"https:\/\/cirandadefilmes.com.br\/cirandacirandinha\/cirandacirandinha\/?p=2999"},"modified":"2020-11-04T19:36:22","modified_gmt":"2020-11-04T22:36:22","slug":"o-passarinho-e-as-abelhas","status":"publish","type":"post","link":"https:\/\/cirandadefilmes.com.br\/cirandacirandinha\/o-passarinho-e-as-abelhas\/","title":{"rendered":"O passarinho e as abelhas"},"content":{"rendered":"\n<div class=\"wp-block-columns alignwide is-layout-flex wp-container-core-columns-is-layout-9d6595d7 wp-block-columns-is-layout-flex\">\n<div class=\"wp-block-column is-layout-flow wp-block-column-is-layout-flow\" style=\"flex-basis:66.66%\">\n<p style=\"font-size:16px\"><strong>anima\u00e7\u00e3o, Su\u00ed\u00e7a, 2020, 4 min, livre<\/strong><br><strong>sugest\u00e3o: 2+<\/strong><\/p>\n\n\n\n<p>L\u00e1 no alto, o pequeno p\u00e1ssaro desfruta das flores de sua \u00e1rvore de \u00e1cer. Um zumbido misterioso que precisa ser investigado o envia para uma jornada em um mundo m\u00e1gico de flores. Claro, a raposa vermelha ardente est\u00e1 bem nos calcanhares do passarinho. Com uma baita falta de sorte, a raposa conhece as abelhas trabalhadoras. O seu encontro final com a colmeia termina com uma surpresa bastante desagrad\u00e1vel para o encrenqueiro. No final, o passarinho vive mais uma rica experi\u00eancia e recebe os seus novos amigos com uma colorida boas vindas.&nbsp;<\/p>\n\n\n\n<div class=\"wp-block-buttons is-layout-flex wp-block-buttons-is-layout-flex\">\n<div class=\"wp-block-button is-style-fill\"><a class=\"wp-block-button__link\" href=\"https:\/\/innsaei.tv\/#\/detalhes\/2e56e688-9506-44ed-89cb-306c567fd02b\" target=\"_blank\" rel=\"noreferrer noopener\">clique aqui para assistir<\/a><\/div>\n<\/div>\n\n\n\n<div style=\"height:40px\" aria-hidden=\"true\" class=\"wp-block-spacer\"><\/div>\n\n\n\n<h3 class=\"has-normal-font-size wp-block-heading\"><\/h3>\n\n\n\n<p><\/p>\n\n\n\n<p><\/p>\n<\/div>\n\n\n\n<div class=\"wp-block-column is-layout-flow wp-block-column-is-layout-flow\" style=\"flex-basis:33.33%\">\n<p style=\"font-size:14px\">Dire\u00e7\u00e3o : Lena von D\u00f6hren, G<br>Produ\u00e7\u00e3o: Schattenkabinett Gmbh<br>Co-produ\u00e7\u00e3o : Schweizer Fernsehen SRF, Gabriela Bloch Steinmann, CH<br>Som : Christof Steinmann, CH<br>M\u00fasica: Martin Waespe, CH<br>Mixagem : Magnetix, Z\u00fcrich, CH<br>Anima\u00e7\u00e3o : Lena von D\u00f6hren, D<br>Efeitos : Nils Hedinger, CH<br>Edi\u00e7\u00e3o : Fee Liechti, CH<\/p>\n<\/div>\n<\/div>\n\n\n\n<p><\/p>\n","protected":false},"excerpt":{"rendered":"<p>anima\u00e7\u00e3o, Su\u00ed\u00e7a, 2020, 4 min, livre<br \/>\n<b>sugest\u00e3o: 2+<\/b><\/p>\n","protected":false},"author":2,"featured_media":3005,"comment_status":"closed","ping_status":"closed","sticky":false,"template":"","format":"standard","meta":{"_mo_disable_npp":"","footnotes":""},"categories":[16,36,3],"tags":[],"class_list":["post-2999","post","type-post","status-publish","format-standard","has-post-thumbnail","hentry","category-categoria_01","category-curtas-programa-4","category-filmes"],"_links":{"self":[{"href":"https:\/\/cirandadefilmes.com.br\/cirandacirandinha\/wp-json\/wp\/v2\/posts\/2999","targetHints":{"allow":["GET"]}}],"collection":[{"href":"https:\/\/cirandadefilmes.com.br\/cirandacirandinha\/wp-json\/wp\/v2\/posts"}],"about":[{"href":"https:\/\/cirandadefilmes.com.br\/cirandacirandinha\/wp-json\/wp\/v2\/types\/post"}],"author":[{"embeddable":true,"href":"https:\/\/cirandadefilmes.com.br\/cirandacirandinha\/wp-json\/wp\/v2\/users\/2"}],"replies":[{"embeddable":true,"href":"https:\/\/cirandadefilmes.com.br\/cirandacirandinha\/wp-json\/wp\/v2\/comments?post=2999"}],"version-history":[{"count":5,"href":"https:\/\/cirandadefilmes.com.br\/cirandacirandinha\/wp-json\/wp\/v2\/posts\/2999\/revisions"}],"predecessor-version":[{"id":3995,"href":"https:\/\/cirandadefilmes.com.br\/cirandacirandinha\/wp-json\/wp\/v2\/posts\/2999\/revisions\/3995"}],"wp:featuredmedia":[{"embeddable":true,"href":"https:\/\/cirandadefilmes.com.br\/cirandacirandinha\/wp-json\/wp\/v2\/media\/3005"}],"wp:attachment":[{"href":"https:\/\/cirandadefilmes.com.br\/cirandacirandinha\/wp-json\/wp\/v2\/media?parent=2999"}],"wp:term":[{"taxonomy":"category","embeddable":true,"href":"https:\/\/cirandadefilmes.com.br\/cirandacirandinha\/wp-json\/wp\/v2\/categories?post=2999"},{"taxonomy":"post_tag","embeddable":true,"href":"https:\/\/cirandadefilmes.com.br\/cirandacirandinha\/wp-json\/wp\/v2\/tags?post=2999"}],"curies":[{"name":"wp","href":"https:\/\/api.w.org\/{rel}","templated":true}]}}