{"id":2931,"date":"2020-10-20T23:03:10","date_gmt":"2020-10-21T02:03:10","guid":{"rendered":"https:\/\/cirandadefilmes.com.br\/cirandacirandinha\/cirandacirandinha\/?p=2931"},"modified":"2020-10-20T23:03:10","modified_gmt":"2020-10-21T02:03:10","slug":"sidarta-ribeiro","status":"publish","type":"post","link":"https:\/\/cirandadefilmes.com.br\/cirandacirandinha\/sidarta-ribeiro\/","title":{"rendered":"Sidarta Ribeiro"},"content":{"rendered":"\n<p>Professor Titular de Neuroci\u00eancias e Vice-Diretor do Instituto do C\u00e9rebro da Universidade Federal do Rio Grande do Norte (UFRN). \u00c9 Bacharel em Ci\u00eancias Biol\u00f3gicas pela Universidade de Bras\u00edlia (1993), Mestre em Biof\u00edsica pela Universidade Federal do Rio de Janeiro (1994), Doutor em Comportamento Animal pela Universidade Rockefeller (2000) com P\u00f3s-Doutorado em Neurofisiologia pela Universidade Duke (2005). Tem experi\u00eancia nas \u00e1reas de neuroetologia, neurobiologia molecular e neurofisiologia de sistemas, atuando principalmente nos seguintes temas: Sono, sonho e mem\u00f3ria; plasticidade neuronal; comunica\u00e7\u00e3o vocal; compet\u00eancia simb\u00f3lica em animais n\u00e3o-humanos; psiquiatria computacional, neuroeduca\u00e7\u00e3o, psicod\u00e9licos e pol\u00edtica de drogas. Membro permanente das P\u00f3s-Gradua\u00e7\u00f5es da UFRN em Psicobiologia (conceito Capes 6), Bioinform\u00e1tica (conceito Capes 5) e Neuroci\u00eancias (conceito Capes 4). Exerceu no tri\u00eanio 2009-2011 a fun\u00e7\u00e3o de secret\u00e1rio da Sociedade Brasileira de Neuroci\u00eancias e Comportamento (SBNeC). De 2011-2015 foi coordenador do comit\u00ea brasileiro do Pew Latin American Fellows Program in the Biomedical Sciences. Desde 2011 \u00e9 membro do comit\u00ea cient\u00edfico da Latin American School of Education, Cognitive and Neural Sciences (LA School), que em 2014 recebeu o pr\u00eamio inaugural Exemplifying the Mission of the International Mind, Brain and Education Society. Coordenador de n\u00facleo do projeto de avalia\u00e7\u00e3o de crian\u00e7as em risco para transtorno de aprendizagem (ACERTA &#8211; CAPES\/Observat\u00f3rio da Educa\u00e7\u00e3o). Investigador associado s\u00eanior do Centro FAPESP de Pesquisa, Inova\u00e7\u00e3o e Difus\u00e3o em Neuromatem\u00e1tica (Neuromat). Membro desde 2015 do Conselho Consultivo da Plataforma Brasileira de Pol\u00edtica de Drogas, e seu Coordenador Cient\u00edfico desde 2018. Editor associado dos peri\u00f3dicos PLoS One, Frontiers in Integrative Neuroscience e Frontiers In Psychology &#8211; Language Sciences. Membro do N\u00facleo de Estudos Interdisciplinares sobre Psicoativos (NEIP) e do Instituto Chacruna de Medicamentos de Plantas Psicod\u00e9licas. Eleito em 2016 membro da Academia de Ci\u00eancias da Am\u00e9rica Latina (ACAL). Membro desde 2016 do Conselho Consultivo da Rede Nacional de Ci\u00eancia para a Educa\u00e7\u00e3o (CpE). Eleito em 2017 para o Conselho Municipal de Pol\u00edticas sobre Drogas de Natal (COMUD) e para a Diretoria da Sociedade Brasileira para o Progresso da Ci\u00eancia (SBPC), como terceiro-secret\u00e1rio. Posiciona-se contra os cortes nos recursos para a C&amp;T.<\/p>\n","protected":false},"excerpt":{"rendered":"<p>Professor Titular de Neuroci\u00eancias e Vice-Diretor do Instituto do C\u00e9rebro da Universidade Federal do Rio Grande do Norte (UFRN). \u00c9 Bacharel em Ci\u00eancias Biol\u00f3gicas pela Universidade de Bras\u00edlia (1993), Mestre em Biof\u00edsica pela Universidade Federal do Rio de Janeiro (1994), Doutor em Comportamento Animal pela Universidade Rockefeller (2000) com P\u00f3s-Doutorado em Neurofisiologia pela Universidade Duke [&hellip;]<\/p>\n","protected":false},"author":2,"featured_media":2932,"comment_status":"closed","ping_status":"closed","sticky":false,"template":"","format":"standard","meta":{"_mo_disable_npp":"","footnotes":""},"categories":[43],"tags":[],"class_list":["post-2931","post","type-post","status-publish","format-standard","has-post-thumbnail","hentry","category-bios"],"_links":{"self":[{"href":"https:\/\/cirandadefilmes.com.br\/cirandacirandinha\/wp-json\/wp\/v2\/posts\/2931","targetHints":{"allow":["GET"]}}],"collection":[{"href":"https:\/\/cirandadefilmes.com.br\/cirandacirandinha\/wp-json\/wp\/v2\/posts"}],"about":[{"href":"https:\/\/cirandadefilmes.com.br\/cirandacirandinha\/wp-json\/wp\/v2\/types\/post"}],"author":[{"embeddable":true,"href":"https:\/\/cirandadefilmes.com.br\/cirandacirandinha\/wp-json\/wp\/v2\/users\/2"}],"replies":[{"embeddable":true,"href":"https:\/\/cirandadefilmes.com.br\/cirandacirandinha\/wp-json\/wp\/v2\/comments?post=2931"}],"version-history":[{"count":1,"href":"https:\/\/cirandadefilmes.com.br\/cirandacirandinha\/wp-json\/wp\/v2\/posts\/2931\/revisions"}],"predecessor-version":[{"id":2933,"href":"https:\/\/cirandadefilmes.com.br\/cirandacirandinha\/wp-json\/wp\/v2\/posts\/2931\/revisions\/2933"}],"wp:featuredmedia":[{"embeddable":true,"href":"https:\/\/cirandadefilmes.com.br\/cirandacirandinha\/wp-json\/wp\/v2\/media\/2932"}],"wp:attachment":[{"href":"https:\/\/cirandadefilmes.com.br\/cirandacirandinha\/wp-json\/wp\/v2\/media?parent=2931"}],"wp:term":[{"taxonomy":"category","embeddable":true,"href":"https:\/\/cirandadefilmes.com.br\/cirandacirandinha\/wp-json\/wp\/v2\/categories?post=2931"},{"taxonomy":"post_tag","embeddable":true,"href":"https:\/\/cirandadefilmes.com.br\/cirandacirandinha\/wp-json\/wp\/v2\/tags?post=2931"}],"curies":[{"name":"wp","href":"https:\/\/api.w.org\/{rel}","templated":true}]}}