{"id":2928,"date":"2020-10-20T22:51:19","date_gmt":"2020-10-21T01:51:19","guid":{"rendered":"https:\/\/cirandadefilmes.com.br\/cirandacirandinha\/cirandacirandinha\/?p=2928"},"modified":"2020-10-31T23:52:47","modified_gmt":"2020-11-01T02:52:47","slug":"alberto-alvares","status":"publish","type":"post","link":"https:\/\/cirandadefilmes.com.br\/cirandacirandinha\/alberto-alvares\/","title":{"rendered":"Alberto Alvares"},"content":{"rendered":"\n<p>Cineasta ind\u00edgena da etnia Guarani Nhandewa, nascido na aldeia Porto Lindo, Mato Grosso do Sul, professor e tradutor de Guarani. Moro no Estado do Rio de Janeiro desde 2010, per\u00edodo que comecei a me dedicar ao audiovisual como realizador e formador. Fiz a Gradua\u00e7\u00e3o em Licenciatura Intercultural para Educadores Ind\u00edgenas, pela Faculdade de Educa\u00e7\u00e3o da Universidade Federal de Minas Gerais,&nbsp; e atualmente curso&nbsp; mestrado&nbsp; no Programa de P\u00f3s-Gradua\u00e7\u00e3o em Cinema de Audiovisual na Universidade Federal Fluminense &#8211; PPGCINE. Atuei como professor de audiovisual na forma\u00e7\u00e3o de cineastas ind\u00edgenas em Bigua\u00e7u, Santa Catarina (2013), em Paranhos Mato Grosso do Sul (2014) e no projeto da S\u00e9rie de TV &#8221; Amanaj\u00e9 o Mensageiro do Futuro&#8221; (2016), projeto Inventar com a Diferen\u00e7a\/UFF (2017\/2018). Em 2016 e 2017 participei de duas edi\u00e7\u00f5es do encontro Mekukradj\u00e1 promovido pelo Ita\u00fa Cultural (SP). Em 2018, ministrei oficina de fotografia no Instituto Moreira Salles (IMS). Em 2019,&nbsp; realizei o filme &#8220;O \u00faltimo sonho&#8221; (60 minutos) que foi exibido no encontro Mekukradj\u00e1 , participei do festival Doclisboa , e&nbsp; da 21a BIENAL DE ARTE CONTEMPOR\u00c2NEA SESC_VIDEOBRASIL.Em 2020, atuei como dire\u00e7\u00e3o de fotografia do document\u00e1rio longa metragem Mulheres Mbya: Territ\u00f3rio Jaragu\u00e1 SP,&nbsp; e na dire\u00e7\u00e3o e filmagem do document\u00e1rio, curta metragem: Ayvu Ypy \u2013 Origem da L\u00edngua, na aldeia Rio Silveira SP, e ministrei o curso de forma\u00e7\u00e3o de cineastas ind\u00edgenas no projeto&nbsp; Lentes Guarani na aldeia Tekoa Ka\u2019aguy Por\u00e3 no Estado de Esp\u00edrito Santo.<\/p>\n","protected":false},"excerpt":{"rendered":"<p>Cineasta ind\u00edgena da etnia Guarani Nhandewa, nascido na aldeia Porto Lindo, Mato Grosso do Sul, professor e tradutor de Guarani. Moro no Estado do Rio de Janeiro desde 2010, per\u00edodo que comecei a me dedicar ao audiovisual como realizador e formador. Fiz a Gradua\u00e7\u00e3o em Licenciatura Intercultural para Educadores Ind\u00edgenas, pela Faculdade de Educa\u00e7\u00e3o da [&hellip;]<\/p>\n","protected":false},"author":2,"featured_media":3019,"comment_status":"closed","ping_status":"closed","sticky":false,"template":"","format":"standard","meta":{"_mo_disable_npp":"","footnotes":""},"categories":[43],"tags":[],"class_list":["post-2928","post","type-post","status-publish","format-standard","has-post-thumbnail","hentry","category-bios"],"_links":{"self":[{"href":"https:\/\/cirandadefilmes.com.br\/cirandacirandinha\/wp-json\/wp\/v2\/posts\/2928","targetHints":{"allow":["GET"]}}],"collection":[{"href":"https:\/\/cirandadefilmes.com.br\/cirandacirandinha\/wp-json\/wp\/v2\/posts"}],"about":[{"href":"https:\/\/cirandadefilmes.com.br\/cirandacirandinha\/wp-json\/wp\/v2\/types\/post"}],"author":[{"embeddable":true,"href":"https:\/\/cirandadefilmes.com.br\/cirandacirandinha\/wp-json\/wp\/v2\/users\/2"}],"replies":[{"embeddable":true,"href":"https:\/\/cirandadefilmes.com.br\/cirandacirandinha\/wp-json\/wp\/v2\/comments?post=2928"}],"version-history":[{"count":2,"href":"https:\/\/cirandadefilmes.com.br\/cirandacirandinha\/wp-json\/wp\/v2\/posts\/2928\/revisions"}],"predecessor-version":[{"id":3715,"href":"https:\/\/cirandadefilmes.com.br\/cirandacirandinha\/wp-json\/wp\/v2\/posts\/2928\/revisions\/3715"}],"wp:featuredmedia":[{"embeddable":true,"href":"https:\/\/cirandadefilmes.com.br\/cirandacirandinha\/wp-json\/wp\/v2\/media\/3019"}],"wp:attachment":[{"href":"https:\/\/cirandadefilmes.com.br\/cirandacirandinha\/wp-json\/wp\/v2\/media?parent=2928"}],"wp:term":[{"taxonomy":"category","embeddable":true,"href":"https:\/\/cirandadefilmes.com.br\/cirandacirandinha\/wp-json\/wp\/v2\/categories?post=2928"},{"taxonomy":"post_tag","embeddable":true,"href":"https:\/\/cirandadefilmes.com.br\/cirandacirandinha\/wp-json\/wp\/v2\/tags?post=2928"}],"curies":[{"name":"wp","href":"https:\/\/api.w.org\/{rel}","templated":true}]}}