{"id":2925,"date":"2020-10-20T22:49:17","date_gmt":"2020-10-21T01:49:17","guid":{"rendered":"https:\/\/cirandadefilmes.com.br\/cirandacirandinha\/cirandacirandinha\/?p=2925"},"modified":"2020-10-31T23:49:38","modified_gmt":"2020-11-01T02:49:38","slug":"isabel-de-paula","status":"publish","type":"post","link":"https:\/\/cirandadefilmes.com.br\/cirandacirandinha\/isabel-de-paula\/","title":{"rendered":"Isabel de Paula"},"content":{"rendered":"\n<p>Coordenadora de Cultura da UNESCO no Brasil, onde trabalha h\u00e1 17 anos, sendo 10 anos na \u00e1rea de Comunica\u00e7\u00e3o. Graduada em Comunica\u00e7\u00e3o Social\/Jornalismo pelo Uniceub, tem mestrado em Desenvolvimento, Sociedade e Coopera\u00e7\u00e3o Internacional pelo Centro de Estudos Avan\u00e7ados Multidisciplinares (CEAM) da Universidade de Bras\u00edlia (UnB) e P\u00f3s-Gradua\u00e7\u00e3o em Gest\u00e3o e Pol\u00edtica Cultural pela Universidade de Girona (Espanha).<\/p>\n","protected":false},"excerpt":{"rendered":"<p>Coordenadora de Cultura da UNESCO no Brasil, onde trabalha h\u00e1 17 anos, sendo 10 anos na \u00e1rea de Comunica\u00e7\u00e3o. Graduada em Comunica\u00e7\u00e3o Social\/Jornalismo pelo Uniceub, tem mestrado em Desenvolvimento, Sociedade e Coopera\u00e7\u00e3o Internacional pelo Centro de Estudos Avan\u00e7ados Multidisciplinares (CEAM) da Universidade de Bras\u00edlia (UnB) e P\u00f3s-Gradua\u00e7\u00e3o em Gest\u00e3o e Pol\u00edtica Cultural pela Universidade de [&hellip;]<\/p>\n","protected":false},"author":2,"featured_media":3112,"comment_status":"closed","ping_status":"closed","sticky":false,"template":"","format":"standard","meta":{"_mo_disable_npp":"","footnotes":""},"categories":[43],"tags":[],"class_list":["post-2925","post","type-post","status-publish","format-standard","has-post-thumbnail","hentry","category-bios"],"_links":{"self":[{"href":"https:\/\/cirandadefilmes.com.br\/cirandacirandinha\/wp-json\/wp\/v2\/posts\/2925","targetHints":{"allow":["GET"]}}],"collection":[{"href":"https:\/\/cirandadefilmes.com.br\/cirandacirandinha\/wp-json\/wp\/v2\/posts"}],"about":[{"href":"https:\/\/cirandadefilmes.com.br\/cirandacirandinha\/wp-json\/wp\/v2\/types\/post"}],"author":[{"embeddable":true,"href":"https:\/\/cirandadefilmes.com.br\/cirandacirandinha\/wp-json\/wp\/v2\/users\/2"}],"replies":[{"embeddable":true,"href":"https:\/\/cirandadefilmes.com.br\/cirandacirandinha\/wp-json\/wp\/v2\/comments?post=2925"}],"version-history":[{"count":1,"href":"https:\/\/cirandadefilmes.com.br\/cirandacirandinha\/wp-json\/wp\/v2\/posts\/2925\/revisions"}],"predecessor-version":[{"id":2927,"href":"https:\/\/cirandadefilmes.com.br\/cirandacirandinha\/wp-json\/wp\/v2\/posts\/2925\/revisions\/2927"}],"wp:featuredmedia":[{"embeddable":true,"href":"https:\/\/cirandadefilmes.com.br\/cirandacirandinha\/wp-json\/wp\/v2\/media\/3112"}],"wp:attachment":[{"href":"https:\/\/cirandadefilmes.com.br\/cirandacirandinha\/wp-json\/wp\/v2\/media?parent=2925"}],"wp:term":[{"taxonomy":"category","embeddable":true,"href":"https:\/\/cirandadefilmes.com.br\/cirandacirandinha\/wp-json\/wp\/v2\/categories?post=2925"},{"taxonomy":"post_tag","embeddable":true,"href":"https:\/\/cirandadefilmes.com.br\/cirandacirandinha\/wp-json\/wp\/v2\/tags?post=2925"}],"curies":[{"name":"wp","href":"https:\/\/api.w.org\/{rel}","templated":true}]}}