{"id":2922,"date":"2020-10-20T22:42:09","date_gmt":"2020-10-21T01:42:09","guid":{"rendered":"https:\/\/cirandadefilmes.com.br\/cirandacirandinha\/cirandacirandinha\/?p=2922"},"modified":"2020-10-31T23:50:37","modified_gmt":"2020-11-01T02:50:37","slug":"bruna-franchetto","status":"publish","type":"post","link":"https:\/\/cirandadefilmes.com.br\/cirandacirandinha\/bruna-franchetto\/","title":{"rendered":"Bruna Franchetto"},"content":{"rendered":"\n<p>Professora Titular nos Departamentos de Antropologia-Museu Nacional e&nbsp;de Lingu\u00edstica, na Universidade Federal do Rio de Janeiro. Recebeu seu doutorado em 1986 pelo Programa de P\u00f3s-Gradua\u00e7\u00e3o em Antropologia Social do Museu Nacional (UFRJ). Desde 1977, suas pesquisas lingu\u00edsticas e etnol\u00f3gicas t\u00eam como foco o Kuikuro e outras variedades da L\u00edngua Karib do Alto Xingu (Amaz\u00f4nia meridional). No Museu do \u00cdndio (FUNAI, Rio de Janeiro), \u00e9 coordenadora cient\u00edfica do ProDoclin (Programs para a Documenta\u00e7\u00e3o de L\u00ednguas Ind\u00edgenas), desde 2009. Seus interesses incluem: documenta\u00e7\u00e3o e descri\u00e7\u00e3o de l\u00ednguas ind\u00edgenas, tradu\u00e7\u00e3o (de e para l\u00ednguas ind\u00edgenas), artes verbo-musicais ind\u00edgenas, g\u00eanese e impacto da escrita em l\u00ednguas nativas, multilinguismo e ideologias lingu\u00edsticas. Entre os projetos em andamento est\u00e3o uma gram\u00e1tica descritiva e um dicion\u00e1rio enciclop\u00e9dico do Kuikuro. Desde 2014, participa de projetos colaborativos de revitaliza\u00e7\u00e3o lingu\u00edstica.&nbsp;Coordena o N\u00facleo de Pesquisas Lingu\u00edsticas (Programa de P\u00f3s-Gradua\u00e7\u00e3o em Antropologia Social, Museu Nacional, UFRJ) e o Grupo de Estudos em Lingu\u00edstica e Antropologia (CNPq):&nbsp;<a href=\"http:\/\/nupeli-gela.weebly.com\/\">http:\/\/nupeli-gela.weebly.com\/<\/a><\/p>\n","protected":false},"excerpt":{"rendered":"<p>Professora Titular nos Departamentos de Antropologia-Museu Nacional e&nbsp;de Lingu\u00edstica, na Universidade Federal do Rio de Janeiro. Recebeu seu doutorado em 1986 pelo Programa de P\u00f3s-Gradua\u00e7\u00e3o em Antropologia Social do Museu Nacional (UFRJ). Desde 1977, suas pesquisas lingu\u00edsticas e etnol\u00f3gicas t\u00eam como foco o Kuikuro e outras variedades da L\u00edngua Karib do Alto Xingu (Amaz\u00f4nia meridional). [&hellip;]<\/p>\n","protected":false},"author":2,"featured_media":3115,"comment_status":"closed","ping_status":"closed","sticky":false,"template":"","format":"standard","meta":{"_mo_disable_npp":"","footnotes":""},"categories":[43],"tags":[],"class_list":["post-2922","post","type-post","status-publish","format-standard","has-post-thumbnail","hentry","category-bios"],"_links":{"self":[{"href":"https:\/\/cirandadefilmes.com.br\/cirandacirandinha\/wp-json\/wp\/v2\/posts\/2922","targetHints":{"allow":["GET"]}}],"collection":[{"href":"https:\/\/cirandadefilmes.com.br\/cirandacirandinha\/wp-json\/wp\/v2\/posts"}],"about":[{"href":"https:\/\/cirandadefilmes.com.br\/cirandacirandinha\/wp-json\/wp\/v2\/types\/post"}],"author":[{"embeddable":true,"href":"https:\/\/cirandadefilmes.com.br\/cirandacirandinha\/wp-json\/wp\/v2\/users\/2"}],"replies":[{"embeddable":true,"href":"https:\/\/cirandadefilmes.com.br\/cirandacirandinha\/wp-json\/wp\/v2\/comments?post=2922"}],"version-history":[{"count":3,"href":"https:\/\/cirandadefilmes.com.br\/cirandacirandinha\/wp-json\/wp\/v2\/posts\/2922\/revisions"}],"predecessor-version":[{"id":3714,"href":"https:\/\/cirandadefilmes.com.br\/cirandacirandinha\/wp-json\/wp\/v2\/posts\/2922\/revisions\/3714"}],"wp:featuredmedia":[{"embeddable":true,"href":"https:\/\/cirandadefilmes.com.br\/cirandacirandinha\/wp-json\/wp\/v2\/media\/3115"}],"wp:attachment":[{"href":"https:\/\/cirandadefilmes.com.br\/cirandacirandinha\/wp-json\/wp\/v2\/media?parent=2922"}],"wp:term":[{"taxonomy":"category","embeddable":true,"href":"https:\/\/cirandadefilmes.com.br\/cirandacirandinha\/wp-json\/wp\/v2\/categories?post=2922"},{"taxonomy":"post_tag","embeddable":true,"href":"https:\/\/cirandadefilmes.com.br\/cirandacirandinha\/wp-json\/wp\/v2\/tags?post=2922"}],"curies":[{"name":"wp","href":"https:\/\/api.w.org\/{rel}","templated":true}]}}