{"id":2919,"date":"2020-10-20T22:00:33","date_gmt":"2020-10-21T01:00:33","guid":{"rendered":"https:\/\/cirandadefilmes.com.br\/cirandacirandinha\/cirandacirandinha\/?p=2919"},"modified":"2020-11-04T19:41:33","modified_gmt":"2020-11-04T22:41:33","slug":"a-grande-viagem","status":"publish","type":"post","link":"https:\/\/cirandadefilmes.com.br\/cirandacirandinha\/a-grande-viagem\/","title":{"rendered":"A grande viagem"},"content":{"rendered":"\n<div class=\"wp-block-columns alignwide is-layout-flex wp-container-core-columns-is-layout-9d6595d7 wp-block-columns-is-layout-flex\">\n<div class=\"wp-block-column is-layout-flow wp-block-column-is-layout-flow\" style=\"flex-basis:66.66%\">\n<p style=\"font-size:16px\"><strong>fic\u00e7\u00e3o, Brasil, 2010, 16 min, livre<\/strong><br><strong>sugest\u00e3o: 7+<\/strong> <\/p>\n\n\n\n<p>Com Alzheimer, Seu M\u00e1rio n\u00e3o consegue mais distinguir com clareza passado e presente. Revive em sua mente uma fase de sua vida em que era vendedor de porta em porta vendendo guias de viagem. Entretanto, M\u00e1rio nunca viajou, mas agora surge a oportunidade de conhecer os quatro cantos da terra atrav\u00e9s de um mergulho na imagina\u00e7\u00e3o, e seu neto Felipe ser\u00e1 o seu parceiro nessa jornada.<\/p>\n\n\n\n<div class=\"wp-block-buttons is-layout-flex wp-block-buttons-is-layout-flex\">\n<div class=\"wp-block-button is-style-fill\"><a class=\"wp-block-button__link\" href=\"https:\/\/innsaei.tv\/#\/detalhes\/82aabbdb-e90a-4f41-b3bd-4a9bee8f4dd4\" target=\"_blank\" rel=\"noreferrer noopener\">clique aqui para assistir<\/a><\/div>\n<\/div>\n\n\n\n<p><\/p>\n<\/div>\n\n\n\n<div class=\"wp-block-column is-layout-flow wp-block-column-is-layout-flow\" style=\"flex-basis:33.33%\">\n<p style=\"font-size:14px\">Roteiro e dire\u00e7\u00e3o : Caroline Fioratti<br>Produtores executivos : Andr\u00e9 Montenegro e Rui Pires<br>Dire\u00e7\u00e3o de Fotografia : H\u00e9lcio \u201cAlem\u00e3o&#8221; Nagamine<br>Dire\u00e7\u00e3o de Arte : Caroline Schamall (Carr\u00f4)<br>Montagem : Andr\u00e9 Finotti<br>Dire\u00e7\u00e3o de Produ\u00e7\u00e3o : Marina Puech Le\u00e3o<br>M\u00fasica original : Andr\u00e9 Lucarelli<\/p>\n<\/div>\n<\/div>\n\n\n\n<p><\/p>\n","protected":false},"excerpt":{"rendered":"<p>fic\u00e7\u00e3o, Brasil, 2010, 16 min, livre <br \/>\n<b> sugest\u00e3o: 7+<\/b><\/p>\n","protected":false},"author":2,"featured_media":2920,"comment_status":"closed","ping_status":"closed","sticky":false,"template":"","format":"standard","meta":{"_mo_disable_npp":"","footnotes":""},"categories":[16,40,3],"tags":[],"class_list":["post-2919","post","type-post","status-publish","format-standard","has-post-thumbnail","hentry","category-categoria_01","category-curtas-programa-8","category-filmes"],"_links":{"self":[{"href":"https:\/\/cirandadefilmes.com.br\/cirandacirandinha\/wp-json\/wp\/v2\/posts\/2919","targetHints":{"allow":["GET"]}}],"collection":[{"href":"https:\/\/cirandadefilmes.com.br\/cirandacirandinha\/wp-json\/wp\/v2\/posts"}],"about":[{"href":"https:\/\/cirandadefilmes.com.br\/cirandacirandinha\/wp-json\/wp\/v2\/types\/post"}],"author":[{"embeddable":true,"href":"https:\/\/cirandadefilmes.com.br\/cirandacirandinha\/wp-json\/wp\/v2\/users\/2"}],"replies":[{"embeddable":true,"href":"https:\/\/cirandadefilmes.com.br\/cirandacirandinha\/wp-json\/wp\/v2\/comments?post=2919"}],"version-history":[{"count":6,"href":"https:\/\/cirandadefilmes.com.br\/cirandacirandinha\/wp-json\/wp\/v2\/posts\/2919\/revisions"}],"predecessor-version":[{"id":3999,"href":"https:\/\/cirandadefilmes.com.br\/cirandacirandinha\/wp-json\/wp\/v2\/posts\/2919\/revisions\/3999"}],"wp:featuredmedia":[{"embeddable":true,"href":"https:\/\/cirandadefilmes.com.br\/cirandacirandinha\/wp-json\/wp\/v2\/media\/2920"}],"wp:attachment":[{"href":"https:\/\/cirandadefilmes.com.br\/cirandacirandinha\/wp-json\/wp\/v2\/media?parent=2919"}],"wp:term":[{"taxonomy":"category","embeddable":true,"href":"https:\/\/cirandadefilmes.com.br\/cirandacirandinha\/wp-json\/wp\/v2\/categories?post=2919"},{"taxonomy":"post_tag","embeddable":true,"href":"https:\/\/cirandadefilmes.com.br\/cirandacirandinha\/wp-json\/wp\/v2\/tags?post=2919"}],"curies":[{"name":"wp","href":"https:\/\/api.w.org\/{rel}","templated":true}]}}