{"id":2900,"date":"2020-10-20T21:27:32","date_gmt":"2020-10-21T00:27:32","guid":{"rendered":"https:\/\/cirandadefilmes.com.br\/cirandacirandinha\/cirandacirandinha\/?p=2900"},"modified":"2020-11-04T17:55:58","modified_gmt":"2020-11-04T20:55:58","slug":"a-festa-dos-encantados","status":"publish","type":"post","link":"https:\/\/cirandadefilmes.com.br\/cirandacirandinha\/a-festa-dos-encantados\/","title":{"rendered":"A festa dos encantados"},"content":{"rendered":"\n<div class=\"wp-block-columns alignwide is-layout-flex wp-container-core-columns-is-layout-9d6595d7 wp-block-columns-is-layout-flex\">\n<div class=\"wp-block-column is-layout-flow wp-block-column-is-layout-flow\" style=\"flex-basis:66.66%\">\n<p style=\"font-size:16px\"><strong>anima\u00e7\u00e3o, Brasil, 2016, 13 min, livre<\/strong><br><strong>sugest\u00e3o: 5+<\/strong><\/p>\n\n\n\n<p>A festa dos encantados narra a saga de um \u00edndio Guajajara que, procurando pelo irm\u00e3o perdido, encontrou um mundo subterr\u00e2neo habitado por seres encantados e ali permaneceu at\u00e9 aprender todos os rituais e c\u00e2nticos de v\u00e1rias celebra\u00e7\u00f5es. Com saudade da fam\u00edlia, voltou para seu povo e passou a contar sua hist\u00f3ria e a ensinar, na sua aldeia de origem, tudo o que havia aprendido com aqueles seres. Antes disso, de acordo com a lenda, os Guajajara n\u00e3o realizavam festas.<\/p>\n\n\n\n<h3 class=\"has-normal-font-size wp-block-heading\"><\/h3>\n\n\n\n<div class=\"wp-block-buttons is-layout-flex wp-block-buttons-is-layout-flex\">\n<div class=\"wp-block-button is-style-fill\"><a class=\"wp-block-button__link\" href=\"https:\/\/innsaei.tv\/#\/detalhes\/232f944f-db30-43ab-860d-b9996bdc27af\" target=\"_blank\" rel=\"noreferrer noopener\">clique aqui para assistir<\/a><\/div>\n<\/div>\n\n\n\n<p><\/p>\n\n\n\n<p><\/p>\n<\/div>\n\n\n\n<div class=\"wp-block-column is-layout-flow wp-block-column-is-layout-flow\" style=\"flex-basis:33.33%\">\n<p style=\"font-size:14px\">Dire\u00e7\u00e3o: Masanori Ohashy.<br>Argumento: Tamuiz Vicente<br>Roteiro: Mauro Siqueira e Dario Noleto.<br>Tradu\u00e7\u00e3o: C\u00edntia Guajajara.<br>Ilustra\u00e7\u00f5es: Masanori Ohashy, Jo\u00e3o Pessina e Hideki Ohashy.<br>Anima\u00e7\u00e3o: Pedro Francisco Tavares.<br>Composi\u00e7\u00e3o de cenas e pintura digital: Masanori Ohashy, Pedro Francisco Tavares, Jo\u00e3o Pessina e Hideki Ohashy.<br>Programa\u00e7\u00e3o visual: Masanori Ohashy.<br>M\u00fasica: Cantos Guajajara.<br>Efeitos Sonoros e Edi\u00e7\u00e3o de Som: Derez Marques e Daniel Mioju.<br>Narra\u00e7\u00e3o: Z\u00e9 Regino.<br>Produ\u00e7\u00e3o Executiva: J\u00falio Pinho e S\u00f4nia Guajajara.<\/p>\n<\/div>\n<\/div>\n\n\n\n<p><\/p>\n","protected":false},"excerpt":{"rendered":"<p>anima\u00e7\u00e3o, Brasil, 2016, 13 min, livre<br \/>\n<b>sugest\u00e3o: 5+<\/b><\/p>\n","protected":false},"author":2,"featured_media":2905,"comment_status":"closed","ping_status":"closed","sticky":false,"template":"","format":"standard","meta":{"_mo_disable_npp":"","footnotes":""},"categories":[16,33,3],"tags":[],"class_list":["post-2900","post","type-post","status-publish","format-standard","has-post-thumbnail","hentry","category-categoria_01","category-curtas-programa-1","category-filmes"],"_links":{"self":[{"href":"https:\/\/cirandadefilmes.com.br\/cirandacirandinha\/wp-json\/wp\/v2\/posts\/2900","targetHints":{"allow":["GET"]}}],"collection":[{"href":"https:\/\/cirandadefilmes.com.br\/cirandacirandinha\/wp-json\/wp\/v2\/posts"}],"about":[{"href":"https:\/\/cirandadefilmes.com.br\/cirandacirandinha\/wp-json\/wp\/v2\/types\/post"}],"author":[{"embeddable":true,"href":"https:\/\/cirandadefilmes.com.br\/cirandacirandinha\/wp-json\/wp\/v2\/users\/2"}],"replies":[{"embeddable":true,"href":"https:\/\/cirandadefilmes.com.br\/cirandacirandinha\/wp-json\/wp\/v2\/comments?post=2900"}],"version-history":[{"count":4,"href":"https:\/\/cirandadefilmes.com.br\/cirandacirandinha\/wp-json\/wp\/v2\/posts\/2900\/revisions"}],"predecessor-version":[{"id":3978,"href":"https:\/\/cirandadefilmes.com.br\/cirandacirandinha\/wp-json\/wp\/v2\/posts\/2900\/revisions\/3978"}],"wp:featuredmedia":[{"embeddable":true,"href":"https:\/\/cirandadefilmes.com.br\/cirandacirandinha\/wp-json\/wp\/v2\/media\/2905"}],"wp:attachment":[{"href":"https:\/\/cirandadefilmes.com.br\/cirandacirandinha\/wp-json\/wp\/v2\/media?parent=2900"}],"wp:term":[{"taxonomy":"category","embeddable":true,"href":"https:\/\/cirandadefilmes.com.br\/cirandacirandinha\/wp-json\/wp\/v2\/categories?post=2900"},{"taxonomy":"post_tag","embeddable":true,"href":"https:\/\/cirandadefilmes.com.br\/cirandacirandinha\/wp-json\/wp\/v2\/tags?post=2900"}],"curies":[{"name":"wp","href":"https:\/\/api.w.org\/{rel}","templated":true}]}}