{"id":2835,"date":"2020-10-20T17:30:00","date_gmt":"2020-10-20T20:30:00","guid":{"rendered":"https:\/\/cirandadefilmes.com.br\/cirandacirandinha\/cirandacirandinha\/?p=2835"},"modified":"2020-10-21T23:08:52","modified_gmt":"2020-10-22T02:08:52","slug":"territorio-do-brincar","status":"publish","type":"post","link":"https:\/\/cirandadefilmes.com.br\/cirandacirandinha\/territorio-do-brincar\/","title":{"rendered":"Territ\u00f3rio do Brincar"},"content":{"rendered":"\n<h4 class=\"wp-block-heading\">Trabalho de escuta, interc\u00e2mbio de saberes, registro e difus\u00e3o da cultura infantil.<\/h4>\n\n\n\n<p><strong>PROJETO DE PESQUISA TERRIT\u00d3RIO DO BRINCAR:<\/strong><\/p>\n\n\n\n<p>O brincar e suas mais diversas formas de express\u00f5es, em contextos e realidades distintas e plurais, tem sido o tema de pesquisa e registros documentais que o Territ\u00f3rio do Brincar desenvolve desde 2012.<\/p>\n\n\n\n<p>Com patroc\u00ednio do Instituto Alana, os documentaristas Renata Meirelles e David Reeks, acompanhados de seus filhos, percorreram o Brasil, visitando comunidades rurais, ind\u00edgenas, quilombolas, grandes metr\u00f3poles, sert\u00e3o e litoral. Os registros realizados revelam um pa\u00eds atrav\u00e9s dos olhos de nossas crian\u00e7as e nos mostram as sutilezas da espontaneidade do brincar, a partir delas mesmas.<\/p>\n\n\n\n<p>Este intenso trabalho de pesquisa e registro foi sistematizado, dando origem a diversas produ\u00e7\u00f5es culturais como filme de longa metragem, livros, s\u00e9ries infantis para TV, como a s\u00e9rie <strong>Me Liga na Lata!<\/strong> que estamos exibindo em primeira m\u00e3o na Ciranda Cirandinha de Filmes, al\u00e9m de outros filmes de curta e m\u00e9dia metragem, artigos e exposi\u00e7\u00f5es.<\/p>\n\n\n\n<div class=\"wp-block-columns is-layout-flex wp-container-core-columns-is-layout-9d6595d7 wp-block-columns-is-layout-flex\">\n<div class=\"wp-block-column is-layout-flow wp-block-column-is-layout-flow\" style=\"flex-basis:33.33%\">\n<p><strong>A GEOGRAFIA DOS GESTOS INFANTIS<\/strong><\/p>\n\n\n\n<p>O longa-metragem <em>Territ\u00f3rio do brincar<\/em> \u00e9 fruto de um percurso de 21 meses de viagem por uma vasta geografia de gestos de crian\u00e7as das mais diversas realidades brasileiras, para encontrar caminhos por dentro de todos n\u00f3s.<\/p>\n\n\n\n<p>O filme assume o brincar infantil como narrativa que sustenta uma hist\u00f3ria na \u00edntegra. Os adultos ficam de fora das imagens desse filme, mas o espectador certamente se sentir\u00e1 representado pelo potencial do brincar dessas crian\u00e7as. Assumimos uma linguagem que n\u00e3o pretende ser did\u00e1tica ou ter a inten\u00e7\u00e3o de provocar discuss\u00f5es sobre o certo e o errado na educa\u00e7\u00e3o, e confiamos na comunica\u00e7\u00e3o pela for\u00e7a sens\u00edvel infantil.<\/p>\n\n\n\n<p>Este filme \u00e9 parte de um projeto de pesquisa, registro e difus\u00e3o que integra diferentes produ\u00e7\u00f5es culturais. Uma realiza\u00e7\u00e3o que entende o cinema como uma excelente porta para enxergar a mudan\u00e7a que se quer ver.<\/p>\n<\/div>\n\n\n\n<div class=\"wp-block-column is-layout-flow wp-block-column-is-layout-flow\" style=\"flex-basis:66.66%\">\n<figure class=\"wp-block-embed-youtube aligncenter wp-block-embed is-type-video is-provider-youtube wp-embed-aspect-16-9 wp-has-aspect-ratio\"><div class=\"wp-block-embed__wrapper\">\n<iframe loading=\"lazy\" title=\"Trailer Oficial do filme &quot;Territo\u0301rio do Brincar&quot;\" width=\"580\" height=\"326\" src=\"https:\/\/www.youtube.com\/embed\/u2fGhHGVzDE?feature=oembed\" frameborder=\"0\" allow=\"accelerometer; autoplay; clipboard-write; encrypted-media; gyroscope; picture-in-picture; web-share\" referrerpolicy=\"strict-origin-when-cross-origin\" allowfullscreen><\/iframe>\n<\/div><\/figure>\n<\/div>\n<\/div>\n\n\n\n<h4 class=\"has-text-align-left wp-block-heading\">Conhe\u00e7a o Territ\u00f3rio do Brincar atrav\u00e9s de sua s\u00e9rie infantil para a TV. <\/h4>\n\n\n\n<p>A s\u00e9rie infantil para TV, chamada Territ\u00f3rio do Brincar, tem 26 epis\u00f3dios com dois minutos cada. Dirigida por David Reeks, Fernanda Heinz Figueiredo e Renata Meirelles, cada epis\u00f3dio \u00e9 um convite para conhecer um brinquedo ou uma brincadeira que fazem nossas crian\u00e7as de norte a sul do Brasil. S\u00e3o cantigas, gestos, materiais, festejos e express\u00f5es que nos revelam toda potencialidade de ser crian\u00e7a.<\/p>\n\n\n\n<div class=\"wp-block-columns alignwide is-layout-flex wp-container-core-columns-is-layout-9d6595d7 wp-block-columns-is-layout-flex\">\n<div class=\"wp-block-column is-layout-flow wp-block-column-is-layout-flow\">\n<figure class=\"wp-block-embed-youtube wp-block-embed is-type-video is-provider-youtube wp-embed-aspect-16-9 wp-has-aspect-ratio\"><div class=\"wp-block-embed__wrapper\">\n<iframe loading=\"lazy\" title=\"Territ\u00f3rio do Brincar | S\u00e9rie MiniDocs | Corrida de Tora \u2013 Aldeia Nas\u00eapotiti, PA\" width=\"580\" height=\"326\" src=\"https:\/\/www.youtube.com\/embed\/AEL5xmJ4Zm4?list=PL1IlaKMcWzeyDaghg7MnFhC-iiiq0kKxd\" frameborder=\"0\" allow=\"accelerometer; autoplay; clipboard-write; encrypted-media; gyroscope; picture-in-picture; web-share\" referrerpolicy=\"strict-origin-when-cross-origin\" allowfullscreen><\/iframe>\n<\/div><\/figure>\n<\/div>\n\n\n\n<div class=\"wp-block-column is-layout-flow wp-block-column-is-layout-flow\">\n<figure class=\"wp-block-embed-youtube wp-block-embed is-type-video is-provider-youtube wp-embed-aspect-16-9 wp-has-aspect-ratio\"><div class=\"wp-block-embed__wrapper\">\n<iframe loading=\"lazy\" title=\"Territ\u00f3rio do Brincar | S\u00e9rie MiniDocs | M\u00e1quina de lingui\u00e7a (wurst dreia) \u2013 Pomeranos, ES\" width=\"580\" height=\"326\" src=\"https:\/\/www.youtube.com\/embed\/qcZM0ULoFXM?feature=oembed\" frameborder=\"0\" allow=\"accelerometer; autoplay; clipboard-write; encrypted-media; gyroscope; picture-in-picture; web-share\" referrerpolicy=\"strict-origin-when-cross-origin\" allowfullscreen><\/iframe>\n<\/div><\/figure>\n<\/div>\n\n\n\n<div class=\"wp-block-column is-layout-flow wp-block-column-is-layout-flow\">\n<figure class=\"wp-block-embed-youtube wp-block-embed is-type-video is-provider-youtube wp-embed-aspect-16-9 wp-has-aspect-ratio\"><div class=\"wp-block-embed__wrapper\">\n<iframe loading=\"lazy\" title=\"Territ\u00f3rio do Brincar | S\u00e9rie MiniDocs | La\u00e7ada de Touro Mec\u00e2nico - Jaguar\u00e3o, RS\" width=\"580\" height=\"326\" src=\"https:\/\/www.youtube.com\/embed\/yi1V_0FeqUM?feature=oembed\" frameborder=\"0\" allow=\"accelerometer; autoplay; clipboard-write; encrypted-media; gyroscope; picture-in-picture; web-share\" referrerpolicy=\"strict-origin-when-cross-origin\" allowfullscreen><\/iframe>\n<\/div><\/figure>\n<\/div>\n<\/div>\n\n\n\n<div class=\"wp-block-columns alignwide is-layout-flex wp-container-core-columns-is-layout-9d6595d7 wp-block-columns-is-layout-flex\">\n<div class=\"wp-block-column is-layout-flow wp-block-column-is-layout-flow\">\n<figure class=\"wp-block-embed-youtube wp-block-embed is-type-video is-provider-youtube wp-embed-aspect-16-9 wp-has-aspect-ratio\"><div class=\"wp-block-embed__wrapper\">\n<iframe loading=\"lazy\" title=\"Territ\u00f3rio do Brincar | S\u00e9rie MiniDocs | Seu Tolentino - S\u00e3o Luiz, Pancas, ES\" width=\"580\" height=\"326\" src=\"https:\/\/www.youtube.com\/embed\/E0NdBn6QsX8?feature=oembed\" frameborder=\"0\" allow=\"accelerometer; autoplay; clipboard-write; encrypted-media; gyroscope; picture-in-picture; web-share\" referrerpolicy=\"strict-origin-when-cross-origin\" allowfullscreen><\/iframe>\n<\/div><\/figure>\n<\/div>\n\n\n\n<div class=\"wp-block-column is-layout-flow wp-block-column-is-layout-flow\">\n<figure class=\"wp-block-embed-youtube wp-block-embed is-type-video is-provider-youtube wp-embed-aspect-16-9 wp-has-aspect-ratio\"><div class=\"wp-block-embed__wrapper\">\n<iframe loading=\"lazy\" title=\"Territ\u00f3rio do Brincar | S\u00e9rie MiniDocs | Brincadeiras de palmas nas diversas regi\u00f5es do Brasil\" width=\"580\" height=\"326\" src=\"https:\/\/www.youtube.com\/embed\/u0THpCXhyjw?feature=oembed\" frameborder=\"0\" allow=\"accelerometer; autoplay; clipboard-write; encrypted-media; gyroscope; picture-in-picture; web-share\" referrerpolicy=\"strict-origin-when-cross-origin\" allowfullscreen><\/iframe>\n<\/div><\/figure>\n<\/div>\n\n\n\n<div class=\"wp-block-column is-layout-flow wp-block-column-is-layout-flow\">\n<figure class=\"wp-block-embed-youtube wp-block-embed is-type-video is-provider-youtube wp-embed-aspect-16-9 wp-has-aspect-ratio\"><div class=\"wp-block-embed__wrapper\">\n<iframe loading=\"lazy\" title=\"Territ\u00f3rio do Brincar | S\u00e9rie MiniDocs | Carrinhos - Alto Santa Maria, ES\" width=\"580\" height=\"326\" src=\"https:\/\/www.youtube.com\/embed\/eyh2kTa59bc?feature=oembed\" frameborder=\"0\" allow=\"accelerometer; autoplay; clipboard-write; encrypted-media; gyroscope; picture-in-picture; web-share\" referrerpolicy=\"strict-origin-when-cross-origin\" allowfullscreen><\/iframe>\n<\/div><\/figure>\n<\/div>\n<\/div>\n\n\n\n<div class=\"wp-block-columns alignwide is-layout-flex wp-container-core-columns-is-layout-9d6595d7 wp-block-columns-is-layout-flex\">\n<div class=\"wp-block-column is-layout-flow wp-block-column-is-layout-flow\">\n<figure class=\"wp-block-embed-youtube wp-block-embed is-type-video is-provider-youtube wp-embed-aspect-16-9 wp-has-aspect-ratio\"><div class=\"wp-block-embed__wrapper\">\n<iframe loading=\"lazy\" title=\"Territ\u00f3rio do Brincar | S\u00e9rie MiniDocs | Sinuquinha - S\u00e3o Gon\u00e7alo Rio das Pedras, MG\" width=\"580\" height=\"326\" src=\"https:\/\/www.youtube.com\/embed\/Q4_0_c7Q6Dc?feature=oembed\" frameborder=\"0\" allow=\"accelerometer; autoplay; clipboard-write; encrypted-media; gyroscope; picture-in-picture; web-share\" referrerpolicy=\"strict-origin-when-cross-origin\" allowfullscreen><\/iframe>\n<\/div><\/figure>\n<\/div>\n\n\n\n<div class=\"wp-block-column is-layout-flow wp-block-column-is-layout-flow\">\n<figure class=\"wp-block-embed-youtube wp-block-embed is-type-video is-provider-youtube wp-embed-aspect-16-9 wp-has-aspect-ratio\"><div class=\"wp-block-embed__wrapper\">\n<iframe loading=\"lazy\" title=\"Territ\u00f3rio do Brincar | S\u00e9rie de MiniDocs | Brincadeiras com petecas nas diversas regi\u00f5es do Brasil\" width=\"580\" height=\"326\" src=\"https:\/\/www.youtube.com\/embed\/wXEjjIUOCck?feature=oembed\" frameborder=\"0\" allow=\"accelerometer; autoplay; clipboard-write; encrypted-media; gyroscope; picture-in-picture; web-share\" referrerpolicy=\"strict-origin-when-cross-origin\" allowfullscreen><\/iframe>\n<\/div><\/figure>\n<\/div>\n\n\n\n<div class=\"wp-block-column is-layout-flow wp-block-column-is-layout-flow\">\n<figure class=\"wp-block-embed-youtube wp-block-embed is-type-video is-provider-youtube wp-embed-aspect-16-9 wp-has-aspect-ratio\"><div class=\"wp-block-embed__wrapper\">\n<iframe loading=\"lazy\" title=\"Territ\u00f3rio do Brincar | S\u00e9rie MiniDocs | Pi\u00e3o de Biorra - Abadia, MG\" width=\"580\" height=\"326\" src=\"https:\/\/www.youtube.com\/embed\/nvHayJxAbVI?feature=oembed\" frameborder=\"0\" allow=\"accelerometer; autoplay; clipboard-write; encrypted-media; gyroscope; picture-in-picture; web-share\" referrerpolicy=\"strict-origin-when-cross-origin\" allowfullscreen><\/iframe>\n<\/div><\/figure>\n<\/div>\n<\/div>\n\n\n\n<p><a href=\"https:\/\/www.youtube.com\/playlist?list=PL1IlaKMcWzeyDaghg7MnFhC-iiiq0kKxd\" target=\"_blank\" rel=\"noreferrer noopener\">Assista aqui outros epis\u00f3dios da s\u00e9rie! <\/a><\/p>\n\n\n\n<p class=\"has-small-font-size\"><strong><u>Ficha T\u00e9cnica<\/u><\/strong><\/p>\n\n\n\n<div class=\"wp-block-columns is-layout-flex wp-container-core-columns-is-layout-9d6595d7 wp-block-columns-is-layout-flex\">\n<div class=\"wp-block-column is-layout-flow wp-block-column-is-layout-flow\">\n<p style=\"font-size:16px\"><strong><em>Dire\u00e7\u00e3o:<\/em><\/strong>&nbsp; Renata Meirelles, David Reeks e Fernanda Heinz Figueiredo<\/p>\n\n\n\n<p style=\"font-size:16px\"><em><strong>Uma co-produ\u00e7\u00e3o:<\/strong><\/em> Maria Farinha Filmes &nbsp;e Ludus Video<\/p>\n\n\n\n<p style=\"font-size:16px\"><em><strong>Produ\u00e7\u00e3o Executiva:<\/strong><\/em> Estela Renner, Luana Lobo e Marcos Nisti<\/p>\n\n\n\n<p style=\"font-size:16px\"><em><strong>Dire\u00e7\u00e3o de Produ\u00e7\u00e3o:<\/strong><\/em> Juliana Borges<\/p>\n\n\n\n<p style=\"font-size:16px\"><em><strong>Roteiro:<\/strong><\/em> Fernanda Heinz Figueiredo<\/p>\n\n\n\n<p style=\"font-size:16px\"><em><strong>Filmagem:<\/strong><\/em> David Reeks<\/p>\n\n\n\n<p style=\"font-size:16px\"><em><strong>Edi\u00e7\u00e3o:<\/strong><\/em> Andr\u00e9 Jafet e David Reeks<\/p>\n\n\n\n<p style=\"font-size:16px\"><em><strong>Trilha Sonora e sonoriza\u00e7\u00e3o:<\/strong><\/em> Luiz Waack<\/p>\n\n\n\n<p style=\"font-size:16px\"><em><strong>Produ\u00e7\u00e3o de Campo:<\/strong><\/em> David Reeks, Renata Meirelles, Maria Fernanda Novo, Fernanda Valdivieso, Tarcila Rigo, Beatriz Olival, Daniela Uechi, Fernanda Guimar\u00e3es<\/p>\n<\/div>\n\n\n\n<div class=\"wp-block-column is-layout-flow wp-block-column-is-layout-flow\">\n<p style=\"font-size:16px\"><em><strong>Assistente de produ\u00e7\u00e3o:<\/strong><\/em> Renata Romeu<\/p>\n\n\n\n<p style=\"font-size:16px\"><em><strong>Assistente de finaliza\u00e7\u00e3o:<\/strong><\/em> Bruno Decc<\/p>\n\n\n\n<p style=\"font-size:16px\"><em><strong>Edi\u00e7\u00e3o e Finaliza\u00e7\u00e3o:<\/strong><\/em> Aiu\u00ea Produtora<\/p>\n\n\n\n<p style=\"font-size:16px\"><em><strong>Ilustra\u00e7\u00e3o:<\/strong><\/em> Biba Rigo&nbsp;<\/p>\n\n\n\n<p style=\"font-size:16px\"><em><strong>Anima\u00e7\u00e3o:<\/strong><\/em> Rica Facco<\/p>\n\n\n\n<p style=\"font-size:16px\"><em><strong>Locu\u00e7\u00f5es mirins:<\/strong><\/em> Marcos Renner Morales e Reinar\u00e1 Praxedes Siniscalchi<\/p>\n\n\n\n<p style=\"font-size:16px\"><em><strong>Agradecimentos \u00e0s Comunidades:<\/strong><\/em> Abadia, Acupe, Aldeia Ind\u00edgena Panar\u00e1, Alto Santa Maria, Ara\u00e7ua\u00ed, C\u00f3rrego da Velha de Baixo, Cururupu, Entre Rios, Jaguar\u00e3o,&nbsp; Oiteiros, S\u00e3o Gon\u00e7alo do Rio das Pedras, S\u00e3o Luiz, S\u00e3o Paulo. &nbsp; &nbsp;<\/p>\n<\/div>\n<\/div>\n\n\n\n<p style=\"font-size:25.25px\"><strong><a rel=\"noreferrer noopener\" href=\"https:\/\/territoriodobrincar.com.br\/\" target=\"_blank\">Saiba mais sobre o Territ\u00f3rio do Brincar e suas produ\u00e7\u00f5es<\/a><\/strong>!<\/p>\n\n\n\n<p><\/p>\n\n\n\n<div style=\"height:100px\" aria-hidden=\"true\" class=\"wp-block-spacer\"><\/div>\n","protected":false},"excerpt":{"rendered":"<p>Trabalho de escuta, interc\u00e2mbio de saberes, registro e difus\u00e3o da cultura infantil. PROJETO DE PESQUISA TERRIT\u00d3RIO DO BRINCAR: O brincar e suas mais diversas formas de express\u00f5es, em contextos e realidades distintas e plurais, tem sido o tema de pesquisa e registros documentais que o Territ\u00f3rio do Brincar desenvolve desde 2012. Com patroc\u00ednio do Instituto [&hellip;]<\/p>\n","protected":false},"author":2,"featured_media":2850,"comment_status":"closed","ping_status":"closed","sticky":false,"template":"templates\/template-full-width.php","format":"standard","meta":{"_mo_disable_npp":"","footnotes":""},"categories":[10],"tags":[],"class_list":["post-2835","post","type-post","status-publish","format-standard","has-post-thumbnail","hentry","category-colecoes"],"_links":{"self":[{"href":"https:\/\/cirandadefilmes.com.br\/cirandacirandinha\/wp-json\/wp\/v2\/posts\/2835","targetHints":{"allow":["GET"]}}],"collection":[{"href":"https:\/\/cirandadefilmes.com.br\/cirandacirandinha\/wp-json\/wp\/v2\/posts"}],"about":[{"href":"https:\/\/cirandadefilmes.com.br\/cirandacirandinha\/wp-json\/wp\/v2\/types\/post"}],"author":[{"embeddable":true,"href":"https:\/\/cirandadefilmes.com.br\/cirandacirandinha\/wp-json\/wp\/v2\/users\/2"}],"replies":[{"embeddable":true,"href":"https:\/\/cirandadefilmes.com.br\/cirandacirandinha\/wp-json\/wp\/v2\/comments?post=2835"}],"version-history":[{"count":6,"href":"https:\/\/cirandadefilmes.com.br\/cirandacirandinha\/wp-json\/wp\/v2\/posts\/2835\/revisions"}],"predecessor-version":[{"id":3064,"href":"https:\/\/cirandadefilmes.com.br\/cirandacirandinha\/wp-json\/wp\/v2\/posts\/2835\/revisions\/3064"}],"wp:featuredmedia":[{"embeddable":true,"href":"https:\/\/cirandadefilmes.com.br\/cirandacirandinha\/wp-json\/wp\/v2\/media\/2850"}],"wp:attachment":[{"href":"https:\/\/cirandadefilmes.com.br\/cirandacirandinha\/wp-json\/wp\/v2\/media?parent=2835"}],"wp:term":[{"taxonomy":"category","embeddable":true,"href":"https:\/\/cirandadefilmes.com.br\/cirandacirandinha\/wp-json\/wp\/v2\/categories?post=2835"},{"taxonomy":"post_tag","embeddable":true,"href":"https:\/\/cirandadefilmes.com.br\/cirandacirandinha\/wp-json\/wp\/v2\/tags?post=2835"}],"curies":[{"name":"wp","href":"https:\/\/api.w.org\/{rel}","templated":true}]}}