{"id":2792,"date":"2020-10-21T14:45:38","date_gmt":"2020-10-21T17:45:38","guid":{"rendered":"https:\/\/cirandadefilmes.com.br\/cirandacirandinha\/cirandacirandinha\/?p=2792"},"modified":"2020-11-04T16:44:11","modified_gmt":"2020-11-04T19:44:11","slug":"a-escola-e-nossa","status":"publish","type":"post","link":"https:\/\/cirandadefilmes.com.br\/cirandacirandinha\/a-escola-e-nossa\/","title":{"rendered":"A escola \u00e9 nossa!"},"content":{"rendered":"\n<div class=\"wp-block-columns alignwide is-layout-flex wp-container-core-columns-is-layout-9d6595d7 wp-block-columns-is-layout-flex\">\n<div class=\"wp-block-column is-layout-flow wp-block-column-is-layout-flow\" style=\"flex-basis:66.66%\">\n<p style=\"font-size:16px\"><strong>document\u00e1rio, Brasil, 2020, 25 min, 14 anos<\/strong><br><strong>sugest\u00e3o: 14+<br><\/strong><br>Pelo olhar de uma estudante, o filme &#8216;A Escola \u00c9 Nossa!&#8217; retrata os primeiros momentos da ocupa\u00e7\u00e3o da E. E. Fern\u00e3o Dias Paes em 2015.<\/p>\n\n\n\n<h5 class=\"wp-block-heading\">dispon\u00edvel de 11 a 18 nov.<\/h5>\n\n\n\n<div class=\"wp-block-buttons is-layout-flex wp-block-buttons-is-layout-flex\">\n<div class=\"wp-block-button is-style-fill\"><a class=\"wp-block-button__link\" href=\"https:\/\/innsaei.tv\/#\/detalhes\/3d2fa113-b96b-492c-8381-077abde7d2c3\" target=\"_blank\" rel=\"noreferrer noopener\">clique aqui para assistir<\/a><\/div>\n<\/div>\n\n\n\n<div style=\"height:40px\" aria-hidden=\"true\" class=\"wp-block-spacer\"><\/div>\n\n\n\n<h3 class=\"has-normal-font-size wp-block-heading\">trailer<\/h3>\n\n\n\n<figure class=\"wp-block-embed-youtube wp-block-embed is-type-rich is-provider-incorporar-manipulador wp-embed-aspect-16-9 wp-has-aspect-ratio\"><div class=\"wp-block-embed__wrapper\">\n<iframe loading=\"lazy\" title=\"TRAILER DO FILME &quot;A ESCOLA \u00c9 NOSSA!&quot;\" width=\"580\" height=\"326\" src=\"https:\/\/www.youtube.com\/embed\/k8uMP_XQEHo?feature=oembed\" frameborder=\"0\" allow=\"accelerometer; autoplay; clipboard-write; encrypted-media; gyroscope; picture-in-picture; web-share\" referrerpolicy=\"strict-origin-when-cross-origin\" allowfullscreen><\/iframe>\n<\/div><\/figure>\n\n\n\n<p><\/p>\n\n\n\n<p><\/p>\n\n\n\n<p><\/p>\n<\/div>\n\n\n\n<div class=\"wp-block-column is-layout-flow wp-block-column-is-layout-flow\" style=\"flex-basis:33.33%\">\n<p style=\"font-size:14px\">Imagens, Roteiro e Montagem : Othilia Balades<br>Produ\u00e7\u00e3o : Ingrid Fernandes, Isabella Felix, Othilia Balades, Tati Cristina, Yasmin Barranqueiro<br>M\u00fasica : Mc Foice, Caue Gas, Jo\u00e3o Pedro Constantino, Othilia Balades, Yasmin Barranqueiro<br>Trilha Sonora, Desenho De Som, Mixagem e Master : Caue Gas<br>Arte : Fred Ravioli, Gabriel Moraes, Isadora Totaro, Lali Izuno, Lia Morena<\/p>\n\n\n\n<p style=\"font-size:14px\"><\/p>\n\n\n\n<p style=\"font-size:14px\"><\/p>\n<\/div>\n<\/div>\n\n\n\n<p><\/p>\n","protected":false},"excerpt":{"rendered":"<p>document\u00e1rio, Brasil, 2020, 25 min, 14 anos<br \/>\n<b>sugest\u00e3o: 14+<\/b><br \/>\n<br \/><span>de 11 a 18 nov.<\/span><\/p>\n","protected":false},"author":2,"featured_media":2800,"comment_status":"closed","ping_status":"closed","sticky":false,"template":"","format":"standard","meta":{"_mo_disable_npp":"","footnotes":""},"categories":[3,23],"tags":[],"class_list":["post-2792","post","type-post","status-publish","format-standard","has-post-thumbnail","hentry","category-filmes","category-jovens-na-politica"],"_links":{"self":[{"href":"https:\/\/cirandadefilmes.com.br\/cirandacirandinha\/wp-json\/wp\/v2\/posts\/2792","targetHints":{"allow":["GET"]}}],"collection":[{"href":"https:\/\/cirandadefilmes.com.br\/cirandacirandinha\/wp-json\/wp\/v2\/posts"}],"about":[{"href":"https:\/\/cirandadefilmes.com.br\/cirandacirandinha\/wp-json\/wp\/v2\/types\/post"}],"author":[{"embeddable":true,"href":"https:\/\/cirandadefilmes.com.br\/cirandacirandinha\/wp-json\/wp\/v2\/users\/2"}],"replies":[{"embeddable":true,"href":"https:\/\/cirandadefilmes.com.br\/cirandacirandinha\/wp-json\/wp\/v2\/comments?post=2792"}],"version-history":[{"count":10,"href":"https:\/\/cirandadefilmes.com.br\/cirandacirandinha\/wp-json\/wp\/v2\/posts\/2792\/revisions"}],"predecessor-version":[{"id":3949,"href":"https:\/\/cirandadefilmes.com.br\/cirandacirandinha\/wp-json\/wp\/v2\/posts\/2792\/revisions\/3949"}],"wp:featuredmedia":[{"embeddable":true,"href":"https:\/\/cirandadefilmes.com.br\/cirandacirandinha\/wp-json\/wp\/v2\/media\/2800"}],"wp:attachment":[{"href":"https:\/\/cirandadefilmes.com.br\/cirandacirandinha\/wp-json\/wp\/v2\/media?parent=2792"}],"wp:term":[{"taxonomy":"category","embeddable":true,"href":"https:\/\/cirandadefilmes.com.br\/cirandacirandinha\/wp-json\/wp\/v2\/categories?post=2792"},{"taxonomy":"post_tag","embeddable":true,"href":"https:\/\/cirandadefilmes.com.br\/cirandacirandinha\/wp-json\/wp\/v2\/tags?post=2792"}],"curies":[{"name":"wp","href":"https:\/\/api.w.org\/{rel}","templated":true}]}}