{"id":2763,"date":"2020-10-20T15:06:28","date_gmt":"2020-10-20T18:06:28","guid":{"rendered":"https:\/\/cirandadefilmes.com.br\/cirandacirandinha\/cirandacirandinha\/?p=2763"},"modified":"2020-10-21T23:16:56","modified_gmt":"2020-10-22T02:16:56","slug":"de-crianca-para-crianca","status":"publish","type":"post","link":"https:\/\/cirandadefilmes.com.br\/cirandacirandinha\/de-crianca-para-crianca\/","title":{"rendered":"De Crian\u00e7a para Crian\u00e7a"},"content":{"rendered":"\n<p class=\"has-large-font-size\"><strong>De Crian\u00e7a Para Crian\u00e7a apresenta&#8230; <\/strong><\/p>\n\n\n\n<p>Criando Juntos! Uma metodologia de ensino revolucion\u00e1ria na qual as crian\u00e7as exercitam as linguagens verbal, visual, gestual e sonora. De f\u00e1cil implementa\u00e7\u00e3o em qualquer ambiente e em qualquer lugar do mundo, a sua aplica\u00e7\u00e3o abrange diversas \u00e1reas importantes do desenvolvimento, por meio da cria\u00e7\u00e3o de hist\u00f3rias que s\u00e3o transformadas em filmes animados e livros.<\/p>\n\n\n\n<div class=\"wp-block-group video_max1000\"><div class=\"wp-block-group__inner-container is-layout-flow wp-block-group-is-layout-flow\">\n<figure class=\"wp-block-embed-youtube wp-block-embed is-type-video is-provider-youtube wp-embed-aspect-16-9 wp-has-aspect-ratio\"><div class=\"wp-block-embed__wrapper\">\n<iframe loading=\"lazy\" title=\"De Crian\u00e7a Para Crian\u00e7a - Criando Juntos - Metodologia inovadora\" width=\"580\" height=\"326\" src=\"https:\/\/www.youtube.com\/embed\/GlbCF6ovEfQ?feature=oembed\" frameborder=\"0\" allow=\"accelerometer; autoplay; clipboard-write; encrypted-media; gyroscope; picture-in-picture; web-share\" referrerpolicy=\"strict-origin-when-cross-origin\" allowfullscreen><\/iframe>\n<\/div><\/figure>\n<\/div><\/div>\n\n\n\n<p>Enquanto se divertem criando hist\u00f3rias, desenhando personagens e narrando as anima\u00e7\u00f5es, as crian\u00e7as aprendem o conte\u00fado dado em sala de aula. E mais: desenvolvem as habilidades de que precisam para se tornar pessoas criativas, colaborativas e aut\u00f4nomas.<\/p>\n\n\n\n<p>As crian\u00e7as recebem est\u00edmulos neuro funcionais que ativam as \u00e1reas de desenvolvimento cognitivo, emocional e social, que v\u00e3o ajudar a prepar\u00e1-las para a vida dentro e fora da escola. Estas \u00e1reas s\u00e3o: Planejamento e Organiza\u00e7\u00e3o, Coordena\u00e7\u00e3o Motora, Criatividade e Express\u00e3o, Leitura, Escrita e Dic\u00e7\u00e3o, Habilidades Sociais e Trabalho em Equipe.<\/p>\n\n\n\n<p><\/p>\n\n\n\n<div class=\"wp-block-columns is-layout-flex wp-container-core-columns-is-layout-9d6595d7 wp-block-columns-is-layout-flex\">\n<div class=\"wp-block-column is-vertically-aligned-center is-layout-flow wp-block-column-is-layout-flow\">\n<p>A metodologia \u00e9 composta de 4 etapas, cada uma envolvendo e trabalhando uma ou mais das \u00e1reas que citamos h\u00e1 pouco.&nbsp;&nbsp;<\/p>\n\n\n\n<p>Durante o processo, as crian\u00e7as ir\u00e3o criar uma hist\u00f3ria, escrever um roteiro, desenhar seus personagens e o ambiente em que se d\u00e1, e narrar esta hist\u00f3ria.&nbsp;&nbsp;<\/p>\n\n\n\n<p>O material criado e narrado pelas crian\u00e7as \u00e9 ent\u00e3o enviado ao DCPC que, a partir dele, desenvolve um filme animado e um livro.&nbsp;&nbsp;&nbsp;<\/p>\n\n\n\n<p>O tema da hist\u00f3ria \u00e9 determinado pelo professor e ela pode ser inspirada ou baseada nas mat\u00e9rias dadas na sala de aula, como Geografia, Hist\u00f3ria, Matem\u00e1tica ou Ci\u00eancias.&nbsp;<\/p>\n<\/div>\n\n\n\n<div class=\"wp-block-column is-layout-flow wp-block-column-is-layout-flow\">\n<figure class=\"wp-block-image size-large\"><img loading=\"lazy\" decoding=\"async\" width=\"850\" height=\"567\" src=\"https:\/\/cirandadefilmes.com.br\/cirandacirandinha\/cirandacirandinha\/wp-content\/uploads\/2020\/10\/desenhando.jpg\" alt=\"\" class=\"wp-image-2765\" srcset=\"https:\/\/cirandadefilmes.com.br\/cirandacirandinha\/wp-content\/uploads\/2020\/10\/desenhando.jpg 850w, https:\/\/cirandadefilmes.com.br\/cirandacirandinha\/wp-content\/uploads\/2020\/10\/desenhando-300x200.jpg 300w, https:\/\/cirandadefilmes.com.br\/cirandacirandinha\/wp-content\/uploads\/2020\/10\/desenhando-768x512.jpg 768w\" sizes=\"auto, (max-width: 850px) 100vw, 850px\" \/><\/figure>\n<\/div>\n<\/div>\n\n\n\n<p>Temas atuais ou de interesse geral como racismo, inclus\u00e3o ou bullying tamb\u00e9m podem servir de inspira\u00e7\u00e3o.&nbsp;<\/p>\n\n\n\n<p>Ou mesmo um tema livre, onde as crian\u00e7as d\u00e3o asas \u00e0 imagina\u00e7\u00e3o, criando hist\u00f3rias com super-her\u00f3is, fadas, viagens incr\u00edveis e muito mais.&nbsp;<\/p>\n\n\n\n<p>Para auxiliar o professor na aplica\u00e7\u00e3o da metodologia, o De Crian\u00e7a Para Crian\u00e7a desenvolveu, ainda, o caderno do professor. Um material completo que ajudar\u00e1 tanto o professor quanto os alunos a constru\u00edrem as mais criativas hist\u00f3rias e ilustra\u00e7\u00f5es; a entender como o programa funciona; conhecer o passo a passo de como participar e ainda receber diversas sugest\u00f5es para aliar as hist\u00f3rias ao conte\u00fado da sala de aula. Esse caderno, que est\u00e1 dispon\u00edvel na plataforma no formato pdf, traz tamb\u00e9m dicas de como desenhar, fotografar e gravar as locu\u00e7\u00f5es.<\/p>\n\n\n\n<p>O material compartilhado pela escola \u00e9 transformado em livros que est\u00e3o dispon\u00edveis em nossa loja virtual, com acesso pela plataforma <a href=\"https:\/\/decriancaparacrianca.com.br\/\">DE CRIAN\u00c7A PARA CRIAN\u00c7A<\/a>. E para que esse livro se torne interativo, desenvolvemos um programa de realidade aumentada, onde o nosso mascote, que est\u00e1 impresso no livro, ganha vida e se movimenta, batendo as asas e soltando fogo.<\/p>\n\n\n\n<p>Algumas hist\u00f3rias e desenhos est\u00e3o passando por um processo de gamifica\u00e7\u00e3o, para engajar os alunos e ajudar a resolver problemas, melhorar o aprendizado, al\u00e9m de motivar a\u00e7\u00f5es e comportamentos tamb\u00e9m em ambientes fora do contexto de jogos.<\/p>\n\n\n\n<p>Nossa equipe desenvolveu um curso de anima\u00e7\u00e3o 2D, onde todo o processo \u00e9 ensinado a quem quiser aprender as t\u00e9cnicas: desde o recorte, passando pela anima\u00e7\u00e3o e at\u00e9 a sonoriza\u00e7\u00e3o.<\/p>\n\n\n\n<p>Entre v\u00e1rios diferenciais o Criando Juntos se destaca de outras metodologias por ser o \u00fanico a entregar um filme em anima\u00e7\u00e3o ao final do processo.<\/p>\n\n\n\n<figure class=\"wp-block-image size-full video_max1000\"><img loading=\"lazy\" decoding=\"async\" width=\"696\" height=\"392\" src=\"https:\/\/cirandadefilmes.com.br\/cirandacirandinha\/cirandacirandinha\/wp-content\/uploads\/2020\/10\/assistindo-edited.jpg\" alt=\"\" class=\"wp-image-3075\" srcset=\"https:\/\/cirandadefilmes.com.br\/cirandacirandinha\/wp-content\/uploads\/2020\/10\/assistindo-edited.jpg 696w, https:\/\/cirandadefilmes.com.br\/cirandacirandinha\/wp-content\/uploads\/2020\/10\/assistindo-edited-300x169.jpg 300w\" sizes=\"auto, (max-width: 696px) 100vw, 696px\" \/><\/figure>\n\n\n\n<p>Estes filmes se tornam ent\u00e3o parte da <a href=\"https:\/\/enciclokids.com.br\">ENCICLOKIDS<\/a>, um acervo de v\u00eddeos que as escolas e alunos participantes do mundo todo podem acessar e utilizar em sala de aula como material did\u00e1tico, e como inspira\u00e7\u00e3o para novas hist\u00f3rias. O acervo tem hoje mais de 800 filmes em v\u00e1rios idiomas, todos com hist\u00f3rias criadas, escritas, desenhadas e narradas por crian\u00e7as.<\/p>\n\n\n\n<div class=\"wp-block-image\"><figure class=\"alignright size-medium\"><img loading=\"lazy\" decoding=\"async\" width=\"300\" height=\"248\" src=\"https:\/\/cirandadefilmes.com.br\/cirandacirandinha\/cirandacirandinha\/wp-content\/uploads\/2020\/10\/post-barbara4-300x248.jpg\" alt=\"\" class=\"wp-image-2767\" srcset=\"https:\/\/cirandadefilmes.com.br\/cirandacirandinha\/wp-content\/uploads\/2020\/10\/post-barbara4-300x248.jpg 300w, https:\/\/cirandadefilmes.com.br\/cirandacirandinha\/wp-content\/uploads\/2020\/10\/post-barbara4.jpg 600w\" sizes=\"auto, (max-width: 300px) 100vw, 300px\" \/><\/figure><\/div>\n\n\n\n<p>Criando Juntos \u00e9 tamb\u00e9m uma poderosa ferramenta de inclus\u00e3o nas escolas, dando voz a muitas crian\u00e7as com dificuldades e algumas limita\u00e7\u00f5es. Da mesma forma como atua, por exemplo, com crian\u00e7as em tratamento de c\u00e2ncer. As hist\u00f3rias criadas por elas permitem que contem sua pr\u00f3pria trajet\u00f3ria, o que auxilia na sua terapia e ajuda outras crian\u00e7as, facilitando o diagn\u00f3stico precoce da doen\u00e7a.<\/p>\n\n\n\n<p>Durante todo o processo as crian\u00e7as trabalham em grupo, aprendem e, quando veem suas hist\u00f3rias ganharem vida, a auto estima delas aumenta.&nbsp; Elas percebem que contribu\u00edram para algo maior e que pode ser curtido n\u00e3o s\u00f3 entre elas, mas por crian\u00e7as no mundo inteiro.<\/p>\n\n\n\n<p>\u00c9 do futuro para a escola, \u00e9 de crian\u00e7a para crian\u00e7a.<\/p>\n\n\n\n<div class=\"wp-block-group\"><div class=\"wp-block-group__inner-container is-layout-flow wp-block-group-is-layout-flow\">\n<h2 class=\"wp-block-heading\">Assista alguns dos filmes animados com os desenhos das crian\u00e7as! <\/h2>\n\n\n\n<div class=\"wp-block-columns is-layout-flex wp-container-core-columns-is-layout-9d6595d7 wp-block-columns-is-layout-flex\">\n<div class=\"wp-block-column is-layout-flow wp-block-column-is-layout-flow\">\n<figure class=\"wp-block-embed-youtube wp-block-embed is-type-video is-provider-youtube wp-embed-aspect-16-9 wp-has-aspect-ratio\"><div class=\"wp-block-embed__wrapper\">\n<iframe loading=\"lazy\" title=\"Criando juntos 23 | A Menina de preto\" width=\"580\" height=\"326\" src=\"https:\/\/www.youtube.com\/embed\/IWso46v_Ex0?feature=oembed\" frameborder=\"0\" allow=\"accelerometer; autoplay; clipboard-write; encrypted-media; gyroscope; picture-in-picture; web-share\" referrerpolicy=\"strict-origin-when-cross-origin\" allowfullscreen><\/iframe>\n<\/div><\/figure>\n\n\n\n<figure class=\"wp-block-embed-youtube wp-block-embed is-type-video is-provider-youtube wp-embed-aspect-16-9 wp-has-aspect-ratio\"><div class=\"wp-block-embed__wrapper\">\n<iframe loading=\"lazy\" title=\"De Crian\u00e7a Para Crian\u00e7a - &quot;O Casulo e a Borboleta&quot;\" width=\"580\" height=\"326\" src=\"https:\/\/www.youtube.com\/embed\/TMDrszKlUJI?feature=oembed\" frameborder=\"0\" allow=\"accelerometer; autoplay; clipboard-write; encrypted-media; gyroscope; picture-in-picture; web-share\" referrerpolicy=\"strict-origin-when-cross-origin\" allowfullscreen><\/iframe>\n<\/div><\/figure>\n<\/div>\n\n\n\n<div class=\"wp-block-column is-layout-flow wp-block-column-is-layout-flow\">\n<figure class=\"wp-block-embed-youtube wp-block-embed is-type-video is-provider-youtube wp-embed-aspect-16-9 wp-has-aspect-ratio\"><div class=\"wp-block-embed__wrapper\">\n<iframe loading=\"lazy\" title=\"Criando Juntos 540 | A cor das aves\" width=\"580\" height=\"326\" src=\"https:\/\/www.youtube.com\/embed\/xXhckIeujwI?feature=oembed\" frameborder=\"0\" allow=\"accelerometer; autoplay; clipboard-write; encrypted-media; gyroscope; picture-in-picture; web-share\" referrerpolicy=\"strict-origin-when-cross-origin\" allowfullscreen><\/iframe>\n<\/div><\/figure>\n\n\n\n<figure class=\"wp-block-embed-youtube wp-block-embed is-type-video is-provider-youtube wp-embed-aspect-16-9 wp-has-aspect-ratio\"><div class=\"wp-block-embed__wrapper\">\n<iframe loading=\"lazy\" title=\"Criando Juntos 127 | Os protetores da Floresta Amaz\u00f4nica\" width=\"580\" height=\"326\" src=\"https:\/\/www.youtube.com\/embed\/aU4UzFmQxw4?feature=oembed\" frameborder=\"0\" allow=\"accelerometer; autoplay; clipboard-write; encrypted-media; gyroscope; picture-in-picture; web-share\" referrerpolicy=\"strict-origin-when-cross-origin\" allowfullscreen><\/iframe>\n<\/div><\/figure>\n<\/div>\n<\/div>\n<\/div><\/div>\n\n\n\n<div class=\"wp-block-group alignwide has-background\" style=\"background-color:#f99f25\"><div class=\"wp-block-group__inner-container is-layout-flow wp-block-group-is-layout-flow\">\n<p><strong>Pr\u00eamios recebidos:<\/strong><\/p>\n\n\n\n<p>Vencedor do festival ComKids Interativo 2020 na categoria multiplataforma. Segundo lugar no Festival ComKids 2019 na categoria filmes curtos. Primeiro lugar no WSA na categoria ensino e educa\u00e7\u00e3o, e primeiro lugar no maior festival de inova\u00e7\u00e3o educacional da Am\u00e9rica Latina.<\/p>\n<\/div><\/div>\n\n\n\n<p><\/p>\n","protected":false},"excerpt":{"rendered":"<p>De Crian\u00e7a Para Crian\u00e7a apresenta&#8230; Criando Juntos! Uma metodologia de ensino revolucion\u00e1ria na qual as crian\u00e7as exercitam as linguagens verbal, visual, gestual e sonora. De f\u00e1cil implementa\u00e7\u00e3o em qualquer ambiente e em qualquer lugar do mundo, a sua aplica\u00e7\u00e3o abrange diversas \u00e1reas importantes do desenvolvimento, por meio da cria\u00e7\u00e3o de hist\u00f3rias que s\u00e3o transformadas em [&hellip;]<\/p>\n","protected":false},"author":2,"featured_media":0,"comment_status":"closed","ping_status":"closed","sticky":false,"template":"templates\/template-full-width.php","format":"standard","meta":{"_mo_disable_npp":"","footnotes":""},"categories":[10],"tags":[46,44],"class_list":["post-2763","post","type-post","status-publish","format-standard","hentry","category-colecoes","tag-animacao","tag-dcpc"],"_links":{"self":[{"href":"https:\/\/cirandadefilmes.com.br\/cirandacirandinha\/wp-json\/wp\/v2\/posts\/2763","targetHints":{"allow":["GET"]}}],"collection":[{"href":"https:\/\/cirandadefilmes.com.br\/cirandacirandinha\/wp-json\/wp\/v2\/posts"}],"about":[{"href":"https:\/\/cirandadefilmes.com.br\/cirandacirandinha\/wp-json\/wp\/v2\/types\/post"}],"author":[{"embeddable":true,"href":"https:\/\/cirandadefilmes.com.br\/cirandacirandinha\/wp-json\/wp\/v2\/users\/2"}],"replies":[{"embeddable":true,"href":"https:\/\/cirandadefilmes.com.br\/cirandacirandinha\/wp-json\/wp\/v2\/comments?post=2763"}],"version-history":[{"count":22,"href":"https:\/\/cirandadefilmes.com.br\/cirandacirandinha\/wp-json\/wp\/v2\/posts\/2763\/revisions"}],"predecessor-version":[{"id":3079,"href":"https:\/\/cirandadefilmes.com.br\/cirandacirandinha\/wp-json\/wp\/v2\/posts\/2763\/revisions\/3079"}],"wp:attachment":[{"href":"https:\/\/cirandadefilmes.com.br\/cirandacirandinha\/wp-json\/wp\/v2\/media?parent=2763"}],"wp:term":[{"taxonomy":"category","embeddable":true,"href":"https:\/\/cirandadefilmes.com.br\/cirandacirandinha\/wp-json\/wp\/v2\/categories?post=2763"},{"taxonomy":"post_tag","embeddable":true,"href":"https:\/\/cirandadefilmes.com.br\/cirandacirandinha\/wp-json\/wp\/v2\/tags?post=2763"}],"curies":[{"name":"wp","href":"https:\/\/api.w.org\/{rel}","templated":true}]}}