{"id":2754,"date":"2020-10-20T14:48:21","date_gmt":"2020-10-20T17:48:21","guid":{"rendered":"https:\/\/cirandadefilmes.com.br\/cirandacirandinha\/cirandacirandinha\/?p=2754"},"modified":"2020-11-04T16:42:44","modified_gmt":"2020-11-04T19:42:44","slug":"espero-tua-revolta-2","status":"publish","type":"post","link":"https:\/\/cirandadefilmes.com.br\/cirandacirandinha\/espero-tua-revolta-2\/","title":{"rendered":"Espero tua (re)volta"},"content":{"rendered":"\n<div class=\"wp-block-columns alignwide is-layout-flex wp-container-core-columns-is-layout-9d6595d7 wp-block-columns-is-layout-flex\">\n<div class=\"wp-block-column is-layout-flow wp-block-column-is-layout-flow\" style=\"flex-basis:66.66%\">\n<p style=\"font-size:16px\"><strong>document\u00e1rio, Brasil, 2019, 93 min, 14 anos<\/strong><br><strong>sugest\u00e3o: 14+<br><\/strong><br>Quando a crise se aprofundou no Brasil, os estudantes sa\u00edram \u00e0s ruas e ocuparam escolas protestando por um ensino p\u00fablico de qualidade e uma cidade mais inclusiva. Espero Tua (Re)volta acompanha as lutas estudantis desde as marchas de 2013 at\u00e9 a vit\u00f3ria do presidente Jair Bolsonaro em 2018. Inspirada pela linguagem do pr\u00f3prio movimento, o filme \u00e9 conduzido pela locu\u00e7\u00e3o de tr\u00eas estudantes, representantes de eixos centrais da luta, que disputam a narrativa, explicitando conflitos do movimento e evidenciando sua complexidade.<\/p>\n\n\n\n<h5 class=\"wp-block-heading\">dispon\u00edvel de 11 a 18 nov.<\/h5>\n\n\n\n<div class=\"wp-block-buttons is-layout-flex wp-block-buttons-is-layout-flex\">\n<div class=\"wp-block-button is-style-fill\"><a class=\"wp-block-button__link\" href=\"https:\/\/innsaei.tv\/#\/detalhes\/b3874d56-28c6-4a86-aba3-b6d103ffc60c\" target=\"_blank\" rel=\"noreferrer noopener\">clique aqui para assistir<\/a><\/div>\n<\/div>\n\n\n\n<div style=\"height:40px\" aria-hidden=\"true\" class=\"wp-block-spacer\"><\/div>\n\n\n\n<h3 class=\"has-normal-font-size wp-block-heading\">trailer<\/h3>\n\n\n\n<figure class=\"wp-block-embed-youtube wp-block-embed is-type-video is-provider-youtube wp-embed-aspect-16-9 wp-has-aspect-ratio\"><div class=\"wp-block-embed__wrapper\">\n<iframe loading=\"lazy\" title=\"TRAILER OFICIAL DE ESPERO TUA (RE)VOLTA\" width=\"580\" height=\"326\" src=\"https:\/\/www.youtube.com\/embed\/DIA5N72zi4Q?feature=oembed\" frameborder=\"0\" allow=\"accelerometer; autoplay; clipboard-write; encrypted-media; gyroscope; picture-in-picture; web-share\" referrerpolicy=\"strict-origin-when-cross-origin\" allowfullscreen><\/iframe>\n<\/div><\/figure>\n\n\n\n<p><\/p>\n<\/div>\n\n\n\n<div class=\"wp-block-column is-layout-flow wp-block-column-is-layout-flow\" style=\"flex-basis:33.33%\">\n<p style=\"font-size:14px\">Dire\u00e7\u00e3o e roteiro : Eliza Capai<br>Produ\u00e7\u00e3o e Produ\u00e7\u00e3o Executiva : Mariana Genesc\u00e1<br>Montagem : Eliza Capai e Yuri Amaral<br>Fotografia : Bruno Miranda e Eliza Capai<br>Produ\u00e7\u00e3o : TVa2<br>Coprodu\u00e7\u00e3o : Globo Filmes \/ Globonews<br>Produtor Associado : Usina de Imagem<br>Fomento : BRDE \/ FSA \/ Ancine<br>Parceiro : Curta!<br>Distribui\u00e7\u00e3o : Taturana Mobiliza\u00e7\u00e3o<\/p>\n\n\n\n<p style=\"font-size:14px\"><\/p>\n<\/div>\n<\/div>\n\n\n\n<p><\/p>\n","protected":false},"excerpt":{"rendered":"<p>document\u00e1rio, Brasil, 2019, 93 min, 14 anos <br \/>\n<b>sugest\u00e3o: 14+<\/b><br \/>\n<br \/><span>de 11 a 18 nov.<\/span><\/p>\n","protected":false},"author":2,"featured_media":2755,"comment_status":"closed","ping_status":"closed","sticky":false,"template":"","format":"standard","meta":{"_mo_disable_npp":"","footnotes":""},"categories":[3,23],"tags":[],"class_list":["post-2754","post","type-post","status-publish","format-standard","has-post-thumbnail","hentry","category-filmes","category-jovens-na-politica"],"_links":{"self":[{"href":"https:\/\/cirandadefilmes.com.br\/cirandacirandinha\/wp-json\/wp\/v2\/posts\/2754","targetHints":{"allow":["GET"]}}],"collection":[{"href":"https:\/\/cirandadefilmes.com.br\/cirandacirandinha\/wp-json\/wp\/v2\/posts"}],"about":[{"href":"https:\/\/cirandadefilmes.com.br\/cirandacirandinha\/wp-json\/wp\/v2\/types\/post"}],"author":[{"embeddable":true,"href":"https:\/\/cirandadefilmes.com.br\/cirandacirandinha\/wp-json\/wp\/v2\/users\/2"}],"replies":[{"embeddable":true,"href":"https:\/\/cirandadefilmes.com.br\/cirandacirandinha\/wp-json\/wp\/v2\/comments?post=2754"}],"version-history":[{"count":8,"href":"https:\/\/cirandadefilmes.com.br\/cirandacirandinha\/wp-json\/wp\/v2\/posts\/2754\/revisions"}],"predecessor-version":[{"id":3948,"href":"https:\/\/cirandadefilmes.com.br\/cirandacirandinha\/wp-json\/wp\/v2\/posts\/2754\/revisions\/3948"}],"wp:featuredmedia":[{"embeddable":true,"href":"https:\/\/cirandadefilmes.com.br\/cirandacirandinha\/wp-json\/wp\/v2\/media\/2755"}],"wp:attachment":[{"href":"https:\/\/cirandadefilmes.com.br\/cirandacirandinha\/wp-json\/wp\/v2\/media?parent=2754"}],"wp:term":[{"taxonomy":"category","embeddable":true,"href":"https:\/\/cirandadefilmes.com.br\/cirandacirandinha\/wp-json\/wp\/v2\/categories?post=2754"},{"taxonomy":"post_tag","embeddable":true,"href":"https:\/\/cirandadefilmes.com.br\/cirandacirandinha\/wp-json\/wp\/v2\/tags?post=2754"}],"curies":[{"name":"wp","href":"https:\/\/api.w.org\/{rel}","templated":true}]}}