{"id":2594,"date":"2020-10-19T23:24:24","date_gmt":"2020-10-20T02:24:24","guid":{"rendered":"https:\/\/cirandadefilmes.com.br\/cirandacirandinha\/cirandacirandinha\/?p=2594"},"modified":"2020-10-19T23:24:24","modified_gmt":"2020-10-20T02:24:24","slug":"lourdes-atie","status":"publish","type":"post","link":"https:\/\/cirandadefilmes.com.br\/cirandacirandinha\/lourdes-atie\/","title":{"rendered":"Lourdes Ati\u00e9"},"content":{"rendered":"\n<p>Soci\u00f3loga, formada pela UFRJ, com p\u00f3s-gradua\u00e7\u00e3o em Educa\u00e7\u00e3o pela FLACSO (Facultad Latinoamericana de Ciencias Sociales, Argentina). Tem mais de trinta anos de experi\u00eancia no campo da Educa\u00e7\u00e3o, viajando por todo pa\u00eds, como produtora de conte\u00fado e ministrando cursos e palestras voltadas para \u00a0a forma\u00e7\u00e3o de professores e gestores de institui\u00e7\u00f5es educativas p\u00fablicas e privadas. Atualmente \u00e9 Diretoria de Forma\u00e7\u00e3o, da organiza\u00e7\u00e3o Doutores da Alegria. \u00c9 tamb\u00e9m diretora da empresa de Consultoria Educacional Ideias Futuras, onde atua como assessora pedag\u00f3gica em diversos contratos, tanto nas redes p\u00fablicas como privadas de ensino principalmente para atualiza\u00e7\u00e3o curricular e elabora\u00e7\u00e3o do Projeto Pedag\u00f3gico. \u00c9 formadora convidada do Centro Paula Souza, SP, ministrando cursos em Gest\u00e3o de Curr\u00edculo, Coordena\u00e7\u00e3o de Curso e Coordena\u00e7\u00e3o Pedag\u00f3gica e autora dos materiais formativos da mesma institui\u00e7\u00e3o. \u00c9 autora do material voltado para pais dos alunos do Ensino Fundamental anos finais, do LIV \u2013 Laborat\u00f3rio Intelig\u00eancia de Vida, do Grupo Eleva. Pelo mesmo grupo, \u00e9 autora do material voltado para habilidades socioemocionais dos professores, intitulado \u201cCuidar de quem Ensina\u201d. Foi editora da Revista Pedag\u00f3gica P\u00e1tio, por 15 anos. Tem uma s\u00e9rie de dez v\u00eddeos voltados para educadores da educa\u00e7\u00e3o b\u00e1sica, para o Programa Escola Genial, da Empresa francesa, Maped. \u00c9 autora do livro de literatura infantil Almanaque dos Contos de Fadas, publicado pela Editora Moderna. Faz parte da equipe de especialistas que seleciona as melhores obras do ano no campo da Literatura Infantil e Juvenil para a Revista Crescer. Em agosto\/2017 foi Palestrante do TEDxSP, onde fez uma apresenta\u00e7\u00e3o para dez mil pessoas no est\u00e1dio Allianz, em SP, sobre o poder de transforma\u00e7\u00e3o do professor (https:\/\/www.youtube.com\/watch?v=91Uh4tME7KY). \u00c9 autora das publica\u00e7\u00f5es do Programa Escolar, da empresa Faber-Castell, de 2007 a 2017, voltadas para a forma\u00e7\u00e3o docente, onde realizou por dez anos encontros de professores e gestores em todo Brasil. Produziu conte\u00fados educativos especializados para as editoras Moderna, SM e Cosac Naif. J\u00e1 trabalhou como assessora pedag\u00f3gica no Canal Futura e TV Cultura, al\u00e9m de ter dirigido o Centro de Estudos da Escola da Vila, SP.<\/p>\n","protected":false},"excerpt":{"rendered":"<p>Soci\u00f3loga, formada pela UFRJ, com p\u00f3s-gradua\u00e7\u00e3o em Educa\u00e7\u00e3o pela FLACSO (Facultad Latinoamericana de Ciencias Sociales, Argentina). Tem mais de trinta anos de experi\u00eancia no campo da Educa\u00e7\u00e3o, viajando por todo pa\u00eds, como produtora de conte\u00fado e ministrando cursos e palestras voltadas para \u00a0a forma\u00e7\u00e3o de professores e gestores de institui\u00e7\u00f5es educativas p\u00fablicas e privadas. Atualmente [&hellip;]<\/p>\n","protected":false},"author":2,"featured_media":2597,"comment_status":"closed","ping_status":"closed","sticky":false,"template":"","format":"standard","meta":{"_mo_disable_npp":"","footnotes":""},"categories":[43],"tags":[],"class_list":["post-2594","post","type-post","status-publish","format-standard","has-post-thumbnail","hentry","category-bios"],"_links":{"self":[{"href":"https:\/\/cirandadefilmes.com.br\/cirandacirandinha\/wp-json\/wp\/v2\/posts\/2594","targetHints":{"allow":["GET"]}}],"collection":[{"href":"https:\/\/cirandadefilmes.com.br\/cirandacirandinha\/wp-json\/wp\/v2\/posts"}],"about":[{"href":"https:\/\/cirandadefilmes.com.br\/cirandacirandinha\/wp-json\/wp\/v2\/types\/post"}],"author":[{"embeddable":true,"href":"https:\/\/cirandadefilmes.com.br\/cirandacirandinha\/wp-json\/wp\/v2\/users\/2"}],"replies":[{"embeddable":true,"href":"https:\/\/cirandadefilmes.com.br\/cirandacirandinha\/wp-json\/wp\/v2\/comments?post=2594"}],"version-history":[{"count":1,"href":"https:\/\/cirandadefilmes.com.br\/cirandacirandinha\/wp-json\/wp\/v2\/posts\/2594\/revisions"}],"predecessor-version":[{"id":2598,"href":"https:\/\/cirandadefilmes.com.br\/cirandacirandinha\/wp-json\/wp\/v2\/posts\/2594\/revisions\/2598"}],"wp:featuredmedia":[{"embeddable":true,"href":"https:\/\/cirandadefilmes.com.br\/cirandacirandinha\/wp-json\/wp\/v2\/media\/2597"}],"wp:attachment":[{"href":"https:\/\/cirandadefilmes.com.br\/cirandacirandinha\/wp-json\/wp\/v2\/media?parent=2594"}],"wp:term":[{"taxonomy":"category","embeddable":true,"href":"https:\/\/cirandadefilmes.com.br\/cirandacirandinha\/wp-json\/wp\/v2\/categories?post=2594"},{"taxonomy":"post_tag","embeddable":true,"href":"https:\/\/cirandadefilmes.com.br\/cirandacirandinha\/wp-json\/wp\/v2\/tags?post=2594"}],"curies":[{"name":"wp","href":"https:\/\/api.w.org\/{rel}","templated":true}]}}