{"id":2591,"date":"2020-10-19T23:21:28","date_gmt":"2020-10-20T02:21:28","guid":{"rendered":"https:\/\/cirandadefilmes.com.br\/cirandacirandinha\/cirandacirandinha\/?p=2591"},"modified":"2020-10-19T23:21:28","modified_gmt":"2020-10-20T02:21:28","slug":"eliane-potiguara","status":"publish","type":"post","link":"https:\/\/cirandadefilmes.com.br\/cirandacirandinha\/eliane-potiguara\/","title":{"rendered":"Eliane Potiguara"},"content":{"rendered":"\n<p>\u00c9 escritora, poeta, professora, formada em Letras (Portugu\u00eas-Literatura) e Educa\u00e7\u00e3o, especializada em Educa\u00e7\u00e3o ambiental pela UFOP. \u00c9 da etnia Potiguara, brasileira,&nbsp;fundadora da 1\u00aaorg. de mulheres ind\u00edgenas GRUMIN \/ Grupo Mulher-Educa\u00e7\u00e3o Ind\u00edgena (1988), embaixadora da Paz pelo C\u00edrculo de Embaixadores da Fran\u00e7a e Su\u00ed\u00e7a. Recebeu do governo brasileiro o T\u00edtulo de \u201cCavaleiro da Ordem&nbsp; ao M\u00e9rito Cultural em 2014. Foi&nbsp;indicada em 2005&nbsp; ao Projeto Internacional &#8220;Mil Mulheres ao Pr\u00eamio Nobel da Paz&#8221;. Trabalhou pela Declara\u00e7\u00e3o Universal dos Direitos Ind\u00edgenas na ONU em Genebra. Seu livro carro-chefe \u00e9 \u201cMETADE CARA, METADE M\u00c1SCARA\u201d, pela Global Editora, 2004 e em 2019 pela GRUMIN EDI\u00c7\u00d5ES. Ganhou o Pr\u00eamio do PEN CLUB da Inglaterra e do Fundo Livre de Express\u00e3o, USA. Possui v\u00e1rios livros infantis e textos, pensamentos e poesias em antologias nacionais e internacionais. Para acessar seus livros e hist\u00f3rico de vida, visite o site oficial da escritora.<\/p>\n\n\n\n<p><strong>Site pessoal: <a href=\"http:\/\/www.elianepotiguara.org.br\/\">www.elianepotiguara.org.br<\/a> Institucional: \u00a0 <\/strong><a href=\"http:\/\/www.grumin.org.br\/\"><strong>www.grumin.org.br<\/strong><\/a><strong> <\/strong><\/p>\n\n\n\n<p><\/p>\n","protected":false},"excerpt":{"rendered":"<p>\u00c9 escritora, poeta, professora, formada em Letras (Portugu\u00eas-Literatura) e Educa\u00e7\u00e3o, especializada em Educa\u00e7\u00e3o ambiental pela UFOP. \u00c9 da etnia Potiguara, brasileira,&nbsp;fundadora da 1\u00aaorg. de mulheres ind\u00edgenas GRUMIN \/ Grupo Mulher-Educa\u00e7\u00e3o Ind\u00edgena (1988), embaixadora da Paz pelo C\u00edrculo de Embaixadores da Fran\u00e7a e Su\u00ed\u00e7a. Recebeu do governo brasileiro o T\u00edtulo de \u201cCavaleiro da Ordem&nbsp; ao M\u00e9rito [&hellip;]<\/p>\n","protected":false},"author":2,"featured_media":2592,"comment_status":"closed","ping_status":"closed","sticky":false,"template":"","format":"standard","meta":{"_mo_disable_npp":"","footnotes":""},"categories":[43],"tags":[],"class_list":["post-2591","post","type-post","status-publish","format-standard","has-post-thumbnail","hentry","category-bios"],"_links":{"self":[{"href":"https:\/\/cirandadefilmes.com.br\/cirandacirandinha\/wp-json\/wp\/v2\/posts\/2591","targetHints":{"allow":["GET"]}}],"collection":[{"href":"https:\/\/cirandadefilmes.com.br\/cirandacirandinha\/wp-json\/wp\/v2\/posts"}],"about":[{"href":"https:\/\/cirandadefilmes.com.br\/cirandacirandinha\/wp-json\/wp\/v2\/types\/post"}],"author":[{"embeddable":true,"href":"https:\/\/cirandadefilmes.com.br\/cirandacirandinha\/wp-json\/wp\/v2\/users\/2"}],"replies":[{"embeddable":true,"href":"https:\/\/cirandadefilmes.com.br\/cirandacirandinha\/wp-json\/wp\/v2\/comments?post=2591"}],"version-history":[{"count":1,"href":"https:\/\/cirandadefilmes.com.br\/cirandacirandinha\/wp-json\/wp\/v2\/posts\/2591\/revisions"}],"predecessor-version":[{"id":2593,"href":"https:\/\/cirandadefilmes.com.br\/cirandacirandinha\/wp-json\/wp\/v2\/posts\/2591\/revisions\/2593"}],"wp:featuredmedia":[{"embeddable":true,"href":"https:\/\/cirandadefilmes.com.br\/cirandacirandinha\/wp-json\/wp\/v2\/media\/2592"}],"wp:attachment":[{"href":"https:\/\/cirandadefilmes.com.br\/cirandacirandinha\/wp-json\/wp\/v2\/media?parent=2591"}],"wp:term":[{"taxonomy":"category","embeddable":true,"href":"https:\/\/cirandadefilmes.com.br\/cirandacirandinha\/wp-json\/wp\/v2\/categories?post=2591"},{"taxonomy":"post_tag","embeddable":true,"href":"https:\/\/cirandadefilmes.com.br\/cirandacirandinha\/wp-json\/wp\/v2\/tags?post=2591"}],"curies":[{"name":"wp","href":"https:\/\/api.w.org\/{rel}","templated":true}]}}