{"id":2531,"date":"2020-10-19T19:37:50","date_gmt":"2020-10-19T22:37:50","guid":{"rendered":"https:\/\/cirandadefilmes.com.br\/cirandacirandinha\/cirandacirandinha\/?p=2531"},"modified":"2020-11-04T16:47:59","modified_gmt":"2020-11-04T19:47:59","slug":"sementes-do-nosso-quintal","status":"publish","type":"post","link":"https:\/\/cirandadefilmes.com.br\/cirandacirandinha\/sementes-do-nosso-quintal\/","title":{"rendered":"Sementes do nosso quintal"},"content":{"rendered":"\n<div class=\"wp-block-columns alignwide is-layout-flex wp-container-core-columns-is-layout-9d6595d7 wp-block-columns-is-layout-flex\">\n<div class=\"wp-block-column is-layout-flow wp-block-column-is-layout-flow\" style=\"flex-basis:66.66%\">\n<p style=\"font-size:16px\"><strong>document\u00e1rio, Brasil, 2012, 115 min, livre<\/strong><br><strong>sugest\u00e3o: 5+<br><\/strong><br>O filme retrata o cotidiano de uma escola de educa\u00e7\u00e3o infantil sem precedentes que, atrav\u00e9s do pensamento-em-a\u00e7\u00e3o de sua idealizadora, a controversa e carism\u00e1tica educadora Therezita Pagani, nos revela o potencial estruturante da educa\u00e7\u00e3o infantil verdadeira, firme e sens\u00edvel. Somos levados a uma escola onde a crian\u00e7a est\u00e1 acima de m\u00e9todos e f\u00f3rmulas de se educar. Onde natureza, m\u00fasica, arte, conflitos, magia e cultura popular regem o encontro das crian\u00e7as, que convivem diariamente entre diferentes faixas et\u00e1rias. \u201cSementes do Nosso Quintal\u201d \u00e9, antes de tudo, um filme que trata da vida de todos n\u00f3s, atrav\u00e9s de uma escola.<\/p>\n\n\n\n<div class=\"wp-block-buttons is-layout-flex wp-block-buttons-is-layout-flex\">\n<div class=\"wp-block-button is-style-fill\"><a class=\"wp-block-button__link\" href=\"https:\/\/innsaei.tv\/#\/detalhes\/8c6a0039-4851-4c35-93c8-193140ddca2c\" target=\"_blank\" rel=\"noreferrer noopener\">clique aqui para assistir<\/a><\/div>\n<\/div>\n\n\n\n<div style=\"height:40px\" aria-hidden=\"true\" class=\"wp-block-spacer\"><\/div>\n\n\n\n<h3 class=\"has-normal-font-size wp-block-heading\">trailer<\/h3>\n\n\n\n<figure class=\"wp-block-embed-youtube wp-block-embed is-type-video is-provider-youtube wp-embed-aspect-16-9 wp-has-aspect-ratio\"><div class=\"wp-block-embed__wrapper\">\n<iframe loading=\"lazy\" title=\"Sementes do Nosso Quintal -  Trailer Oficial\" width=\"580\" height=\"326\" src=\"https:\/\/www.youtube.com\/embed\/S1-6qjsw9OI?feature=oembed\" frameborder=\"0\" allow=\"accelerometer; autoplay; clipboard-write; encrypted-media; gyroscope; picture-in-picture; web-share\" referrerpolicy=\"strict-origin-when-cross-origin\" allowfullscreen><\/iframe>\n<\/div><\/figure>\n\n\n\n<p><\/p>\n<\/div>\n\n\n\n<div class=\"wp-block-column is-layout-flow wp-block-column-is-layout-flow\" style=\"flex-basis:33.33%\">\n<p style=\"font-size:14px\">Dire\u00e7\u00e3o :&nbsp;Fernanda Heinz Figueiredo<br>Roteiro :&nbsp;Renata Meirelles e Fernanda Heinz Figueiredo<br>Fotografia :&nbsp;Rodrigo Menck<br>Montagem :&nbsp;Tiago Marinho e Andr\u00e9 Saad Jafet<br>M\u00fasica :&nbsp;Duo Bico de Pena, Ti\u00e3o Carvalho, Paulo Dias, Barbatuques, Caixeiras da Familia Menezes, Daniel Toledo, Dimas Fahl<br>Produ\u00e7\u00e3o :&nbsp;Fernanda Heinz Figueiredo e Zinga<\/p>\n<\/div>\n<\/div>\n\n\n\n<p><\/p>\n","protected":false},"excerpt":{"rendered":"<p>document\u00e1rio, Brasil, 2012, 115 min, livre<br \/>\n<b>sugest\u00e3o: 5+<\/b><\/p>\n","protected":false},"author":2,"featured_media":2532,"comment_status":"closed","ping_status":"closed","sticky":false,"template":"","format":"standard","meta":{"_mo_disable_npp":"","footnotes":""},"categories":[17,3],"tags":[],"class_list":["post-2531","post","type-post","status-publish","format-standard","has-post-thumbnail","hentry","category-de-novo","category-filmes"],"_links":{"self":[{"href":"https:\/\/cirandadefilmes.com.br\/cirandacirandinha\/wp-json\/wp\/v2\/posts\/2531","targetHints":{"allow":["GET"]}}],"collection":[{"href":"https:\/\/cirandadefilmes.com.br\/cirandacirandinha\/wp-json\/wp\/v2\/posts"}],"about":[{"href":"https:\/\/cirandadefilmes.com.br\/cirandacirandinha\/wp-json\/wp\/v2\/types\/post"}],"author":[{"embeddable":true,"href":"https:\/\/cirandadefilmes.com.br\/cirandacirandinha\/wp-json\/wp\/v2\/users\/2"}],"replies":[{"embeddable":true,"href":"https:\/\/cirandadefilmes.com.br\/cirandacirandinha\/wp-json\/wp\/v2\/comments?post=2531"}],"version-history":[{"count":5,"href":"https:\/\/cirandadefilmes.com.br\/cirandacirandinha\/wp-json\/wp\/v2\/posts\/2531\/revisions"}],"predecessor-version":[{"id":3952,"href":"https:\/\/cirandadefilmes.com.br\/cirandacirandinha\/wp-json\/wp\/v2\/posts\/2531\/revisions\/3952"}],"wp:featuredmedia":[{"embeddable":true,"href":"https:\/\/cirandadefilmes.com.br\/cirandacirandinha\/wp-json\/wp\/v2\/media\/2532"}],"wp:attachment":[{"href":"https:\/\/cirandadefilmes.com.br\/cirandacirandinha\/wp-json\/wp\/v2\/media?parent=2531"}],"wp:term":[{"taxonomy":"category","embeddable":true,"href":"https:\/\/cirandadefilmes.com.br\/cirandacirandinha\/wp-json\/wp\/v2\/categories?post=2531"},{"taxonomy":"post_tag","embeddable":true,"href":"https:\/\/cirandadefilmes.com.br\/cirandacirandinha\/wp-json\/wp\/v2\/tags?post=2531"}],"curies":[{"name":"wp","href":"https:\/\/api.w.org\/{rel}","templated":true}]}}